{"id":558318,"date":"2025-11-25T19:47:12","date_gmt":"2025-11-25T19:47:12","guid":{"rendered":"https:\/\/www.europesays.com\/fr\/558318\/"},"modified":"2025-11-25T19:47:12","modified_gmt":"2025-11-25T19:47:12","slug":"lactalis-vise-par-deux-actions-en-justice-liberation","status":"publish","type":"post","link":"https:\/\/www.europesays.com\/fr\/558318\/","title":{"rendered":"Lactalis vis\u00e9 par deux actions en justice \u2013 Lib\u00e9ration"},"content":{"rendered":"<p class=\"sc-cPiKLX AiZTS text-element\">Deux proc\u00e9dures lanc\u00e9es le m\u00eame jour et contre une m\u00eame cible. Lactalis, fabricant des lignes de produits laitiers Pr\u00e9sident, Kraft Heinz ou encore de la mozzarella Galbani doit \u00eatre assign\u00e9 ce mardi 25 novembre devant le tribunal des affaires \u00e9conomiques de Paris et devant le Parquet national financier (PNF) <a href=\"https:\/\/www.liberation.fr\/economie\/fraude-fiscale-les-salaries-spolies-de-lactalis-vont-reclamer-leur-du-devant-la-justice-20250916_KWAY4O2PMBHEPCBBWLB6HWMUG4\/\" target=\"_blank\" rel=\"noreferrer noopener\" title=\"https:\/\/www.liberation.fr\/economie\/fraude-fiscale-les-salaries-spolies-de-lactalis-vont-reclamer-leur-du-devant-la-justice-20250916_KWAY4O2PMBHEPCBBWLB6HWMUG4\/\">pour escroquerie<\/a>. A l\u2019origine de ces proc\u00e9dures, l\u2019association \u00abJustice pour nos primes\u00bb d\u2019Alexandre et Maxime Renahy et pr\u00e8s de 500 salari\u00e9s et ex-salari\u00e9s de Lactalis. Pour les deux actions, l\u2019objectif reste le m\u00eame. Contraindre le groupe de produits laitier aux plus de 30 milliards de chiffres d\u2019affaires et aux 90 000 salari\u00e9s \u00e0 travers le monde, \u00e0 publier ses comptes consolid\u00e9s. En clair, ceux de l\u2019ensemble de ses filiales de mani\u00e8re \u00e0 avoir la vue la plus compl\u00e8te de l\u2019activit\u00e9 de l\u2019industriel.<\/p>\n<p class=\"sc-cPiKLX AiZTS text-element\">Une obligation l\u00e9gale, mais \u00e0 ce jour sanctionn\u00e9e par une simple amende symbolique. Or, Lactalis a fait l\u2019objet d\u2019un vaste contr\u00f4le fiscal qui l\u2019a amen\u00e9 \u00e0 s\u2019acquitter d\u2019<a href=\"https:\/\/www.liberation.fr\/economie\/evasion-fiscale-redressement-massif-en-vue-pour-le-geant-laitier-lactalis-20240312_ELFVOUK36JAFP&lt;\/p&gt;&lt;\/div&gt;&lt;\/article&gt;&lt;\/div&gt;&lt;div data-fusion-lazy-id=\" f0f8vgvlad832fw=\"\" target=\"_blank\" rel=\"noopener\"><\/p>\n","protected":false},"excerpt":{"rendered":"Deux proc\u00e9dures lanc\u00e9es le m\u00eame jour et contre une m\u00eame cible. Lactalis, fabricant des lignes de produits laitiers&hellip;\n","protected":false},"author":2,"featured_media":558319,"comment_status":"","ping_status":"","sticky":false,"template":"","format":"standard","meta":{"footnotes":""},"categories":[6],"tags":[35,33,34,1011,27,22495],"class_list":{"0":"post-558318","1":"post","2":"type-post","3":"status-publish","4":"format-standard","5":"has-post-thumbnail","7":"category-economie","8":"tag-business","9":"tag-economie","10":"tag-economy","11":"tag-fr","12":"tag-france","13":"tag-fraude-fiscale"},"share_on_mastodon":{"url":"https:\/\/pubeurope.com\/@fr\/115612067502307084","error":""},"_links":{"self":[{"href":"https:\/\/www.europesays.com\/fr\/wp-json\/wp\/v2\/posts\/558318","targetHints":{"allow":["GET"]}}],"collection":[{"href":"https:\/\/www.europesays.com\/fr\/wp-json\/wp\/v2\/posts"}],"about":[{"href":"https:\/\/www.europesays.com\/fr\/wp-json\/wp\/v2\/types\/post"}],"author":[{"embeddable":true,"href":"https:\/\/www.europesays.com\/fr\/wp-json\/wp\/v2\/users\/2"}],"replies":[{"embeddable":true,"href":"https:\/\/www.europesays.com\/fr\/wp-json\/wp\/v2\/comments?post=558318"}],"version-history":[{"count":0,"href":"https:\/\/www.europesays.com\/fr\/wp-json\/wp\/v2\/posts\/558318\/revisions"}],"wp:featuredmedia":[{"embeddable":true,"href":"https:\/\/www.europesays.com\/fr\/wp-json\/wp\/v2\/media\/558319"}],"wp:attachment":[{"href":"https:\/\/www.europesays.com\/fr\/wp-json\/wp\/v2\/media?parent=558318"}],"wp:term":[{"taxonomy":"category","embeddable":true,"href":"https:\/\/www.europesays.com\/fr\/wp-json\/wp\/v2\/categories?post=558318"},{"taxonomy":"post_tag","embeddable":true,"href":"https:\/\/www.europesays.com\/fr\/wp-json\/wp\/v2\/tags?post=558318"}],"curies":[{"name":"wp","href":"https:\/\/api.w.org\/{rel}","templated":true}]}}