{"id":558320,"date":"2025-11-25T19:48:13","date_gmt":"2025-11-25T19:48:13","guid":{"rendered":"https:\/\/www.europesays.com\/fr\/558320\/"},"modified":"2025-11-25T19:48:13","modified_gmt":"2025-11-25T19:48:13","slug":"jair-bolsonaro-voit-ses-derniers-recours-rejetes-et-devra-purger-sa-peine-de-27-ans-de-prison","status":"publish","type":"post","link":"https:\/\/www.europesays.com\/fr\/558320\/","title":{"rendered":"Jair Bolsonaro voit ses derniers recours rejet\u00e9s et devra purger sa peine de 27 ans de prison"},"content":{"rendered":"<p>\n    L\u2019ex-pr\u00e9sident br\u00e9silien, condamn\u00e9 pour tentative de coup d\u2019\u00c9tat, n\u2019a plus de recours possibles et a \u00e9t\u00e9 plac\u00e9 en d\u00e9tention provisoire samedi en raison d\u2019un risque de fuite.<\/p>\n<p class=\"fig-paragraph\">L\u2019ex-pr\u00e9sident br\u00e9silien Jair Bolsonaro a \u00e9puis\u00e9 tous les recours possibles contre sa condamnation \u00e0 27 ans de prison pour\u00a0<a href=\"http:\/\/www.lefigaro.fr\/flash-actu\/bresil-un-fils-de-bolsonaro-inculpe-pour-entrave-au-proces-pour-tentative-de-coup-d-etat-de-son-pere-20250922\" data-fig-type=\"NewsFlash\" data-gtm-custom-categorie=\"navigation\" data-gtm-custom-action=\"crossclick\" data-gtm-custom-label=\"Contextuel\" data-gtm-event=\"customEventSPE\" data-fig-domain=\"LEFIGARO\" target=\"_blank\" rel=\"noopener\">tentative de coup d\u2019\u00c9tat<\/a>, selon un document publi\u00e9 mardi par la Cour supr\u00eame, et devra donc purger sa peine.<\/p>\n<p class=\"fig-paragraph\">Jair Bolsonaro, 70 ans, \u00e9tait assign\u00e9 \u00e0 r\u00e9sidence depuis d\u00e9but ao\u00fbt mais a \u00e9t\u00e9 plac\u00e9 en d\u00e9tention provisoire samedi pour \u00abrisque \u00e9lev\u00e9 de fuite\u00bb, sur d\u00e9cision du tribunal.<\/p>\n<p>                                    <a class=\"fig-a11y-skip a11y-hidden\" href=\"#fig-a11y-skip-main-inarticle\"><br \/>\n        Passer la publicit\u00e9<br \/>\n    <\/a><\/p>\n<p class=\"fig-paragraph\">En septembre, la Cour supr\u00eame l\u2019a d\u00e9clar\u00e9 coupable d\u2019avoir \u00e9t\u00e9 le chef d\u2019une \u00aborganisation criminelle\u00bb ayant conspir\u00e9 pour assurer son \u00abmaintien autoritaire au pouvoir\u00bb apr\u00e8s la victoire de son rival de gauche, Luiz Inacio Lula da Silva, lors du scrutin d\u2019octobre 2022. Son appel a \u00e9t\u00e9 rejet\u00e9 formellement \u00e0 la mi-novembre.<\/p>\n<p>L\u2019ordre d\u2019ex\u00e9cution de peine imminent<\/p>\n<p class=\"fig-paragraph\">Avec la publication mardi par la Cour supr\u00eame du document certifiant qu\u2019aucun autre recours n\u2019est possible, l\u2019ordre d\u2019ex\u00e9cution de la peine pourrait \u00eatre \u00e9mis de fa\u00e7on imminente par le juge charg\u00e9 du dossier, Alexandre de Moraes.<\/p>\n<p class=\"fig-paragraph\">L\u2019incertitude r\u00e8gne encore au sujet du lieu o\u00f9 l\u2019ancien pr\u00e9sident (2019-2022) purgera sa peine. Il est en d\u00e9tention provisoire depuis samedi dans les locaux de la police f\u00e9d\u00e9rale \u00e0 Brasilia.<\/p>\n<p class=\"fig-paragraph\">Selon le juge Moraes, M. Bolsonaro a tent\u00e9 samedi peu apr\u00e8s minuit de br\u00fbler son bracelet \u00e9lectronique dans l\u2019espoir de s\u2019\u00e9chapper \u00e0 la faveur d\u2019une manifestation pr\u00e9vue par ses partisans pr\u00e8s de son domicile dans la capitale.<\/p>\n<p class=\"fig-paragraph\">La d\u00e9fense de l\u2019ancien chef d\u2019\u00c9tat a invoqu\u00e9 un \u00ab\u00e9tat de confusion mentale\u00bb d\u00fb \u00e0 la prise de m\u00e9dicaments.<\/p>\n","protected":false},"excerpt":{"rendered":"L\u2019ex-pr\u00e9sident br\u00e9silien, condamn\u00e9 pour tentative de coup d\u2019\u00c9tat, n\u2019a plus de recours possibles et a \u00e9t\u00e9 plac\u00e9 en&hellip;\n","protected":false},"author":2,"featured_media":558321,"comment_status":"","ping_status":"","sticky":false,"template":"","format":"standard","meta":{"footnotes":""},"categories":[5],"tags":[11,1011,27,14,35977,12,806,28],"class_list":{"0":"post-558320","1":"post","2":"type-post","3":"status-publish","4":"format-standard","5":"has-post-thumbnail","7":"category-international","8":"tag-actualites","9":"tag-fr","10":"tag-france","11":"tag-international","12":"tag-jair-bolsonaro","13":"tag-news","14":"tag-prison","15":"tag-world"},"share_on_mastodon":{"url":"https:\/\/pubeurope.com\/@fr\/115612072507222239","error":""},"_links":{"self":[{"href":"https:\/\/www.europesays.com\/fr\/wp-json\/wp\/v2\/posts\/558320","targetHints":{"allow":["GET"]}}],"collection":[{"href":"https:\/\/www.europesays.com\/fr\/wp-json\/wp\/v2\/posts"}],"about":[{"href":"https:\/\/www.europesays.com\/fr\/wp-json\/wp\/v2\/types\/post"}],"author":[{"embeddable":true,"href":"https:\/\/www.europesays.com\/fr\/wp-json\/wp\/v2\/users\/2"}],"replies":[{"embeddable":true,"href":"https:\/\/www.europesays.com\/fr\/wp-json\/wp\/v2\/comments?post=558320"}],"version-history":[{"count":0,"href":"https:\/\/www.europesays.com\/fr\/wp-json\/wp\/v2\/posts\/558320\/revisions"}],"wp:featuredmedia":[{"embeddable":true,"href":"https:\/\/www.europesays.com\/fr\/wp-json\/wp\/v2\/media\/558321"}],"wp:attachment":[{"href":"https:\/\/www.europesays.com\/fr\/wp-json\/wp\/v2\/media?parent=558320"}],"wp:term":[{"taxonomy":"category","embeddable":true,"href":"https:\/\/www.europesays.com\/fr\/wp-json\/wp\/v2\/categories?post=558320"},{"taxonomy":"post_tag","embeddable":true,"href":"https:\/\/www.europesays.com\/fr\/wp-json\/wp\/v2\/tags?post=558320"}],"curies":[{"name":"wp","href":"https:\/\/api.w.org\/{rel}","templated":true}]}}