{"id":558322,"date":"2025-11-25T19:49:16","date_gmt":"2025-11-25T19:49:16","guid":{"rendered":"https:\/\/www.europesays.com\/fr\/558322\/"},"modified":"2025-11-25T19:49:16","modified_gmt":"2025-11-25T19:49:16","slug":"alerte-sanitaire-la-france-placee-en-risque-eleve-depuis-octobre-dernier-et-ca-nest-pas-pret-de-sarreter-quelle-est-donc-la-cause-de-cette-epidemie","status":"publish","type":"post","link":"https:\/\/www.europesays.com\/fr\/558322\/","title":{"rendered":"Alerte sanitaire : la France plac\u00e9e en risque \u00e9lev\u00e9 depuis octobre dernier (et \u00e7a n&rsquo;est pas pr\u00eat de s&rsquo;arr\u00eater) : quelle est donc la cause de cette \u00e9pid\u00e9mie ?"},"content":{"rendered":"<p>Depuis plusieurs semaines, les nouvelles semblent tourner en boucle sur un ton alarmant : des alertes, des restrictions dans les campagnes et des oiseaux sauvages myst\u00e9rieusement retrouv\u00e9s sans vie. Un climat de vigilance renforc\u00e9e s&rsquo;est install\u00e9, for\u00e7ant chacun \u00e0 s&rsquo;interroger sur la r\u00e9elle ampleur de la menace. Alors que l&rsquo;automne 2025 touche \u00e0 sa fin et que l&rsquo;hiver approche, la France fait face \u00e0 un d\u00e9fi sanitaire d&rsquo;une envergure rarement \u00e9gal\u00e9e, entre <a href=\"https:\/\/journaldesseniors.20minutes.fr\/sante\/ce-produit-menager-du-quotidien-serait-un-poison-cache-alerte-un-allergologue\/\" target=\"_blank\" rel=\"noopener\">inqui\u00e9tudes pour la sant\u00e9 publique<\/a>, la biodiversit\u00e9 et l&rsquo;avenir m\u00eame de certaines fili\u00e8res agricoles. Pourquoi le pays est-il ainsi plac\u00e9 sous surveillance accrue depuis octobre dernier ? Voici un d\u00e9cryptage qui l\u00e8ve progressivement le voile sur cette situation aussi exceptionnelle que pr\u00e9occupante.<\/p>\n<p>Le couperet tombe : pourquoi la France est-elle pass\u00e9e en risque \u00e9lev\u00e9 ?<\/p>\n<p>C&rsquo;est une d\u00e9cision qui n&rsquo;est pas pass\u00e9e inaper\u00e7ue dans les sph\u00e8res agricoles, mais aussi chez un grand nombre de citoyens concern\u00e9s par la s\u00e9curit\u00e9 sanitaire. Depuis le 22 octobre 2025, la France est officiellement plac\u00e9e en risque \u00e9lev\u00e9 face \u00e0 l&rsquo;influenza aviaire hautement pathog\u00e8ne, ou <strong>IAHP<\/strong> pour les initi\u00e9s. Cette mesure, rendue officielle par un arr\u00eat\u00e9 dat\u00e9 du 17 octobre 2025, fait suite \u00e0 un encha\u00eenement d&rsquo;\u00e9v\u00e9nements inqui\u00e9tants \u00e0 l&rsquo;aube de la saison froide.<\/p>\n<p>La tension a mont\u00e9 d&rsquo;un cran d\u00e8s le d\u00e9but de l&rsquo;automne, avec la d\u00e9tection de <strong>plusieurs foyers d&rsquo;influenza aviaire<\/strong> dans diff\u00e9rentes r\u00e9gions du pays. Le glissement progressif du risque \u00ab\u00a0mod\u00e9r\u00e9\u00a0\u00bb vers le niveau \u00ab\u00a0\u00e9lev\u00e9\u00a0\u00bb n&rsquo;aura finalement \u00e9t\u00e9 qu&rsquo;une question de semaines, sous la pression de signaux d&rsquo;alerte venus du terrain : surmortalit\u00e9 chez les canards d&rsquo;\u00e9levage, pr\u00e9sence du virus chez des oiseaux sauvages migrateurs, multiplication des mesures de quarantaine. L&rsquo;automne 2025 n&rsquo;aura pas offert de r\u00e9pit aux acteurs de la fili\u00e8re ni aux autorit\u00e9s sanitaires.<\/p>\n<p>Les signaux d&rsquo;alerte : flamb\u00e9es r\u00e9centes chez les oiseaux et en \u00e9levages<\/p>\n<p>Depuis la rentr\u00e9e, la dynamique du virus a connu un regain notable. Plusieurs communes du Sud-Ouest et du littoral atlantique ont \u00e9t\u00e9 confront\u00e9es \u00e0 des <strong>flamb\u00e9es soudaines<\/strong>, touchant tant les \u00e9levages que la faune libre. Les images de troupeaux entiers mis \u00e0 l&rsquo;isolement, voire abattus pr\u00e9ventivement, illustrent l&rsquo;onde de choc que peut provoquer une telle crise. Au fil des jours, la menace s&rsquo;est \u00e9tendue, renforc\u00e9e par le passage des oiseaux migrateurs, v\u00e9ritables vecteurs naturels du virus.<\/p>\n<p>Vague d&rsquo;influenza : comment ce virus se propage-t-il si vite ?<\/p>\n<p>Si l&rsquo;influenza aviaire inqui\u00e8te \u00e0 ce point, c&rsquo;est avant tout en raison de sa redoutable capacit\u00e9 \u00e0 se propager rapidement, bouleversant les fronti\u00e8res habituelles entre milieux domestiques et sauvages. La p\u00e9riode des <strong>migrations automnales<\/strong> a cette ann\u00e9e encore jou\u00e9 un r\u00f4le pr\u00e9pond\u00e9rant.<\/p>\n<p>Les routes migratoires : le r\u00f4le cl\u00e9 des oiseaux sauvages<\/p>\n<p>Chaque ann\u00e9e, des millions d&rsquo;oiseaux traversent le continent europ\u00e9en lors de leur migration vers le sud, transportant parfois avec eux des agents pathog\u00e8nes comme l&rsquo;IAHP. C&rsquo;est par ces <strong>couloirs a\u00e9riens invisibles<\/strong> que le virus se glisse d&rsquo;un pays \u00e0 l&rsquo;autre, contaminant marais, \u00e9tangs et zones d&rsquo;\u00e9levage situ\u00e9s sur son passage. En 2025, la France n&rsquo;a pas \u00e9chapp\u00e9 \u00e0 ce ballet \u00e0 haut risque, d&rsquo;autant que la douceur des temp\u00e9ratures automnales a favoris\u00e9 la concentration des oiseaux dans certaines r\u00e9gions humides.<\/p>\n<p>Facteurs aggravants : densit\u00e9 des \u00e9levages, m\u00e9t\u00e9o et failles sanitaires<\/p>\n<p>Outre l&rsquo;influence des oiseaux migrateurs, la densit\u00e9 des \u00e9levages concentre les risques. L\u00e0 o\u00f9 les volailles sont nombreuses, une faille dans la bios\u00e9curit\u00e9 peut permettre au virus de se diffuser \u00e0 une vitesse fulgurante. Cette ann\u00e9e, des <strong>\u00e9pisodes m\u00e9t\u00e9orologiques exceptionnels<\/strong> (alternance de pluies intenses et de redoux) ont \u00e9galement compliqu\u00e9 la <a href=\"https:\/\/journaldesseniors.20minutes.fr\/sante\/ce-piege-a-moucherons-hyper-efficace-se-prepare-avec-seulement-deux-ingredients-de-votre-cuisine\/\" target=\"_blank\" rel=\"noopener\">gestion sanitaire<\/a>, rendant parfois difficile la mise en place de mesures de protection efficaces.<\/p>\n<p>Cons\u00e9quences imm\u00e9diates : \u00e9leveurs et fili\u00e8re sous pression<\/p>\n<p>Derri\u00e8re l&rsquo;alerte sanitaire, ce sont de v\u00e9ritables drames humains et \u00e9conomiques qui se jouent au jour le jour. Les choix faits depuis octobre p\u00e8sent lourd sur les \u00e9leveurs, mais aussi sur tout l&rsquo;\u00e9cosyst\u00e8me qui d\u00e9pend de la <strong>fili\u00e8re avicole<\/strong>.<\/p>\n<p>Restrictions drastiques : impact sur les exploitations et la logistique<\/p>\n<p>Les mesures se sont multipli\u00e9es : confinements des volailles, interdictions de rassemblement d&rsquo;oiseaux, limitation des mouvements de camions transportant les animaux et produits d\u00e9riv\u00e9s. Pour certains exploitants, cela signifie des <strong>lots entiers \u00e0 abattre pr\u00e9ventivement<\/strong>, des pertes \u00e9conomiques consid\u00e9rables, et un bouleversement de leur rythme de travail quotidien. En cette p\u00e9riode pr\u00e9c\u00e9dant les f\u00eates, la tension est palpable, d&rsquo;autant plus que l&rsquo;incertitude plane sur la suite de la saison hivernale.<\/p>\n<p>Cascade d&rsquo;effets : \u00e9conomie locale, exportations et march\u00e9s internationaux<\/p>\n<p>La fili\u00e8re avicole, au c\u0153ur de nombreuses r\u00e9gions rurales, subit un choc de grande ampleur. Les impacts se r\u00e9percutent sur la restauration, la distribution, mais aussi sur les <strong>exportations fran\u00e7aises<\/strong>, traditionnellement destin\u00e9es aux march\u00e9s europ\u00e9ens voire mondiaux. En quelques semaines, l&rsquo;image m\u00eame de la \u00ab volaille fran\u00e7aise \u00bb se retrouve fragilis\u00e9e, avec pour corollaire une inqui\u00e9tude chez les consommateurs et les partenaires internationaux.<\/p>\n<p>Mauvaise nouvelle pour la biodiversit\u00e9 : la faune sauvage \u00e0 l&rsquo;\u00e9preuve<\/p>\n<p>L&rsquo;\u00e9pid\u00e9mie ne s&rsquo;arr\u00eate pas aux portes des \u00e9levages. Elle frappe \u00e9galement la vie sauvage, un aspect souvent moins m\u00e9diatis\u00e9 mais tout aussi pr\u00e9occupant pour <strong>l&rsquo;\u00e9quilibre \u00e9cologique<\/strong> du pays.<\/p>\n<p>Esp\u00e8ces les plus touch\u00e9es : les victimes oubli\u00e9es de la crise<\/p>\n<p>Certains oiseaux embl\u00e9matiques, comme les cygnes, les canards sauvages ou encore les h\u00e9rons, ont pay\u00e9 un lourd tribut ces derni\u00e8res semaines. La d\u00e9couverte r\u00e9p\u00e9t\u00e9e de <strong>cadavres contamin\u00e9s<\/strong> atteste de la gravit\u00e9 de la situation. Ces pertes fragilisent certains \u00e9quilibres locaux, en particulier dans les zones humides class\u00e9es, r\u00e9put\u00e9es pour leur grande diversit\u00e9 biologique.<\/p>\n<p>Risques de transmission crois\u00e9e : biodiversit\u00e9 menac\u00e9e sur le long terme<\/p>\n<p>L&rsquo;influenza aviaire d\u00e9ploie aussi ses effets sur le long terme : au-del\u00e0 de la seule mortalit\u00e9 imm\u00e9diate, le risque d&rsquo;introduction du virus dans de <strong>nouvelles esp\u00e8ces<\/strong> et la perturbation des cha\u00eenes alimentaires pourraient d\u00e9s\u00e9quilibrer durablement certains \u00e9cosyst\u00e8mes. Un sujet de pr\u00e9occupation pour tous ceux qui veillent \u00e0 la pr\u00e9servation de la biodiversit\u00e9 fran\u00e7aise.<\/p>\n<p>Le quotidien boulevers\u00e9 : professionnels et citoyens face \u00e0 l&rsquo;alerte<\/p>\n<p>Ce niveau de risque \u00e9lev\u00e9 ne se limite pas aux plans des \u00e9leveurs ou des naturalistes : il impacte \u00e9galement la vie de tous les jours, en ville comme \u00e0 la campagne, et interroge notre <strong>capacit\u00e9 collective \u00e0 s&rsquo;adapter<\/strong>.<\/p>\n<p>Zones \u00e0 acc\u00e8s restreint et gestes barri\u00e8res : ce qui change concr\u00e8tement<\/p>\n<p>Dans les zones \u00e0 risque, l&rsquo;acc\u00e8s \u00e0 certains espaces naturels a \u00e9t\u00e9 restreint ou conditionn\u00e9 \u00e0 des <a href=\"https:\/\/journaldesseniors.20minutes.fr\/sante\/a-quelle-temperature-laver-tout-son-linge-pour-un-resultat-vraiment-impeccable-et-sans-microbes-et-bacteries-on-vous-repond-une-bonne-fois-pour-toutes\/\" target=\"_blank\" rel=\"noopener\">gestes barri\u00e8res sp\u00e9cifiques<\/a>, comme la d\u00e9sinfection des bottes ou l&rsquo;\u00e9vitement de tout contact avec la faune sauvage. Les <strong>march\u00e9s aux volailles<\/strong> et autres rassemblements saisonniers ont d\u00fb r\u00e9inventer leur fonctionnement, parfois \u00e0 la veille d&rsquo;\u00e9v\u00e9nements importants dans le calendrier rural ou festif.<\/p>\n<p>Rumeurs et anxi\u00e9t\u00e9 : comment l&rsquo;opinion publique s&rsquo;adapte (ou pas)<\/p>\n<p>Face \u00e0 cette avalanche de mesures et \u00e0 la circulation d&rsquo;informations contradictoires, l&rsquo;anxi\u00e9t\u00e9 gagne parfois du terrain. Rumeurs, inqui\u00e9tudes pour les f\u00eates de fin d&rsquo;ann\u00e9e, interrogations sur la <a href=\"https:\/\/journaldesseniors.20minutes.fr\/sante\/ces-aliments-cachent-un-secret-pour-rester-en-forme-cet-hiver\/\" target=\"_blank\" rel=\"noopener\">s\u00e9curit\u00e9 alimentaire<\/a> : les Fran\u00e7ais cherchent des rep\u00e8res et des r\u00e9ponses. Le d\u00e9fi est alors aussi <strong>psychologique<\/strong> : comment rassurer, \u00e9viter les comportements de panique et maintenir la confiance envers les institutions ?<\/p>\n<p>Entre veille et adaptation : la gestion de crise \u00e0 l&rsquo;\u00e9preuve du temps<\/p>\n<p>La lutte contre l&rsquo;influenza aviaire tient de l&rsquo;\u00e9quilibrisme. Entre urgence imm\u00e9diate et vision \u00e0 plus long terme, il s&rsquo;agit de contenir la crise, tout en posant les bases d&rsquo;une <strong>r\u00e9silience accrue<\/strong> pour l&rsquo;avenir.<\/p>\n<p>Les actions d&rsquo;urgence : surveillance, abattages, communication<\/p>\n<p>Depuis octobre, la France s&rsquo;est dot\u00e9e d&rsquo;un impressionnant arsenal : renforcement des contr\u00f4les v\u00e9t\u00e9rinaires, mobilisation de brigades sp\u00e9cialis\u00e9es, communications r\u00e9guli\u00e8res pour limiter la d\u00e9sinformation. Les <strong>abattages pr\u00e9ventifs<\/strong> ont concern\u00e9 des centaines de milliers de volailles, dans le but d&rsquo;endiguer les foyers. La surveillance de la faune sauvage s&rsquo;est intensifi\u00e9e, avec des pr\u00e9l\u00e8vements et analyses sur tout le territoire.<\/p>\n<p> Quelles pistes pour sortir enfin de l&rsquo;alerte permanente ?<\/p>\n<p>Alors que l&rsquo;hiver s&rsquo;installe et que les craintes de nouvelle vague subsistent, la r\u00e9flexion s&rsquo;oriente d\u00e9j\u00e0 vers des solutions p\u00e9rennes. <strong>Renforcement des dispositifs de bios\u00e9curit\u00e9<\/strong>, d\u00e9veloppement acc\u00e9l\u00e9r\u00e9 du vaccin pour les volailles, meilleure gestion des flux d&rsquo;animaux : autant de leviers qui feront la diff\u00e9rence \u00e0 l&rsquo;avenir. L&rsquo;anticipation, la formation et la coop\u00e9ration locale participent aussi \u00e0 b\u00e2tir une r\u00e9ponse plus robuste \u00e0 ces crises qui semblent vouloir s&rsquo;inscrire dans la dur\u00e9e.<\/p>\n<p>La France \u00e0 l&rsquo;heure des choix : une vigilance renforc\u00e9e, des d\u00e9fis durables<\/p>\n<p>L&rsquo;alerte sanitaire actuelle dessine une fronti\u00e8re claire : il y aura un avant et un apr\u00e8s octobre 2025 pour la fili\u00e8re avicole fran\u00e7aise, pour la faune sauvage et pour tous ceux qui, de pr\u00e8s ou de loin, se pr\u00e9occupent de leur <strong>alimentation comme de leur environnement<\/strong>.<\/p>\n<p>Au-del\u00e0 des chiffres et des restrictions, c&rsquo;est toute une soci\u00e9t\u00e9 qui r\u00e9apprend \u00e0 vivre avec l&rsquo;incertitude, \u00e0 renforcer ses gestes de pr\u00e9vention, et \u00e0 faire confiance \u00e0 la force du collectif pour surpasser ces d\u00e9fis. Si la vigilance reste de mise alors que l&rsquo;hiver s&rsquo;annonce, il est plus que jamais temps de repenser les fondements de notre rapport \u00e0 la sant\u00e9, \u00e0 la nature et \u00e0 la production alimentaire.<\/p>\n<p>Les mois \u00e0 venir seront d\u00e9terminants pour \u00e9valuer notre capacit\u00e9 \u00e0 transformer cette crise en opportunit\u00e9 d&rsquo;innovation et de cr\u00e9ation d&rsquo;un mod\u00e8le plus r\u00e9silient, tant pour nos animaux que pour notre plan\u00e8te. L&rsquo;avenir de la pr\u00e9vention sanitaire en France reposera sur <strong>l&rsquo;aptitude des acteurs \u00e0 anticiper<\/strong>, s&rsquo;adapter et inventer collectivement des solutions durables face \u00e0 ces nouveaux d\u00e9fis.<\/p>\n","protected":false},"excerpt":{"rendered":"Depuis plusieurs semaines, les nouvelles semblent tourner en boucle sur un ton alarmant : des alertes, des restrictions&hellip;\n","protected":false},"author":2,"featured_media":558323,"comment_status":"","ping_status":"","sticky":false,"template":"","format":"standard","meta":{"footnotes":""},"categories":[4],"tags":[11,1011,27,12,56,25],"class_list":{"0":"post-558322","1":"post","2":"type-post","3":"status-publish","4":"format-standard","5":"has-post-thumbnail","7":"category-france","8":"tag-actualites","9":"tag-fr","10":"tag-france","11":"tag-news","12":"tag-push","13":"tag-republique-francaise"},"share_on_mastodon":{"url":"https:\/\/pubeurope.com\/@fr\/115612074809996545","error":""},"_links":{"self":[{"href":"https:\/\/www.europesays.com\/fr\/wp-json\/wp\/v2\/posts\/558322","targetHints":{"allow":["GET"]}}],"collection":[{"href":"https:\/\/www.europesays.com\/fr\/wp-json\/wp\/v2\/posts"}],"about":[{"href":"https:\/\/www.europesays.com\/fr\/wp-json\/wp\/v2\/types\/post"}],"author":[{"embeddable":true,"href":"https:\/\/www.europesays.com\/fr\/wp-json\/wp\/v2\/users\/2"}],"replies":[{"embeddable":true,"href":"https:\/\/www.europesays.com\/fr\/wp-json\/wp\/v2\/comments?post=558322"}],"version-history":[{"count":0,"href":"https:\/\/www.europesays.com\/fr\/wp-json\/wp\/v2\/posts\/558322\/revisions"}],"wp:featuredmedia":[{"embeddable":true,"href":"https:\/\/www.europesays.com\/fr\/wp-json\/wp\/v2\/media\/558323"}],"wp:attachment":[{"href":"https:\/\/www.europesays.com\/fr\/wp-json\/wp\/v2\/media?parent=558322"}],"wp:term":[{"taxonomy":"category","embeddable":true,"href":"https:\/\/www.europesays.com\/fr\/wp-json\/wp\/v2\/categories?post=558322"},{"taxonomy":"post_tag","embeddable":true,"href":"https:\/\/www.europesays.com\/fr\/wp-json\/wp\/v2\/tags?post=558322"}],"curies":[{"name":"wp","href":"https:\/\/api.w.org\/{rel}","templated":true}]}}