{"id":558330,"date":"2025-11-25T19:54:16","date_gmt":"2025-11-25T19:54:16","guid":{"rendered":"https:\/\/www.europesays.com\/fr\/558330\/"},"modified":"2025-11-25T19:54:16","modified_gmt":"2025-11-25T19:54:16","slug":"qualifie-de-voyou-par-letat-greybull-a-deja-connu-pas-mal-dechecs-retentissants-par-le-passe","status":"publish","type":"post","link":"https:\/\/www.europesays.com\/fr\/558330\/","title":{"rendered":"qualifi\u00e9 de \u00ab voyou \u00bb par l\u2019\u00c9tat, Greybull a d\u00e9j\u00e0 connu pas mal d\u2019\u00e9checs retentissants par le pass\u00e9"},"content":{"rendered":"<p>\u00ab Des gens qui se comportent comme des voyous. \u00bb <a href=\"https:\/\/www.republicain-lorrain.fr\/economie\/2025\/11\/17\/novasco-le-gouvernement-va-poursuivre-en-justice-greybull-qui-avait-repris-l-acierie-en-2024\" target=\"_blank\" rel=\"noopener\">Voil\u00e0 comment S\u00e9bastien Martin, ministre d\u00e9l\u00e9gu\u00e9 \u00e0 l\u2019Industrie, a d\u00e9crit Greybull<\/a> , qui a repris Ascometal en 2024 pour le laisser tomber un an plus tard. Ce fonds d\u2019investissement britannique n\u2019y a investi que 1,5 M\u20ac sur les 90 promis, dont 15 en fonds propres. L\u00e0 o\u00f9 l\u2019\u00c9tat s\u2019est de son c\u00f4t\u00e9 acquitt\u00e9 des 85 M\u20ac demand\u00e9s. Forc\u00e9ment, l\u2019\u00e9pisode, qui laisse sur le carreau pr\u00e8s de 500 salari\u00e9s lorrains des sites de Hagondange et de Custines, donne envie de se pencher sur Greybull. Et de d\u00e9couvrir son CV peu reluisant.<\/p>\n<p>Cr\u00e9\u00e9 en 2010 et dirig\u00e9 par un Fran\u00e7ais, le fonds se fait conna\u00eetre n\u00e9gativement d\u00e8s 2012 par la faillite des magasins Comet, le Darty britannique, rachet\u00e9s un an plus t\u00f4t. Plus de 6 000 emplois disparaissent. Rebelote en 2017 avec la fermeture spectaculaire de la compagnie a\u00e9rienne Monarch, acquise en 2014. \u00c0 la cl\u00e9 : 1 700 emplois supprim\u00e9s et 110 000 passagers bloqu\u00e9s \u00e0 travers le monde. Le ministre anglais des transports,&#8230;<\/p>\n","protected":false},"excerpt":{"rendered":"\u00ab Des gens qui se comportent comme des voyous. \u00bb Voil\u00e0 comment S\u00e9bastien Martin, ministre d\u00e9l\u00e9gu\u00e9 \u00e0 l\u2019Industrie,&hellip;\n","protected":false},"author":2,"featured_media":558331,"comment_status":"","ping_status":"","sticky":false,"template":"","format":"standard","meta":{"footnotes":""},"categories":[9635],"tags":[1111,11,20256,9671,33,5598,341,1777,674,274,1011,27,775,65697,693,5599,1702,12,3456,25,801],"class_list":{"0":"post-558330","1":"post","2":"type-post","3":"status-publish","4":"format-standard","5":"has-post-thumbnail","7":"category-nancy","8":"tag-actu","9":"tag-actualites","10":"tag-cc-rives-de-moselle-57b","11":"tag-conflit-social","12":"tag-economie","13":"tag-edition-metz-et-agglomeration","14":"tag-emploi","15":"tag-eu","16":"tag-europe","17":"tag-faits-divers-justice","18":"tag-fr","19":"tag-france","20":"tag-grand-est","21":"tag-hagondange","22":"tag-industrie","23":"tag-moselle","24":"tag-nancy","25":"tag-news","26":"tag-region-lorraine","27":"tag-republique-francaise","28":"tag-social"},"share_on_mastodon":{"url":"https:\/\/pubeurope.com\/@fr\/115612094489156330","error":""},"_links":{"self":[{"href":"https:\/\/www.europesays.com\/fr\/wp-json\/wp\/v2\/posts\/558330","targetHints":{"allow":["GET"]}}],"collection":[{"href":"https:\/\/www.europesays.com\/fr\/wp-json\/wp\/v2\/posts"}],"about":[{"href":"https:\/\/www.europesays.com\/fr\/wp-json\/wp\/v2\/types\/post"}],"author":[{"embeddable":true,"href":"https:\/\/www.europesays.com\/fr\/wp-json\/wp\/v2\/users\/2"}],"replies":[{"embeddable":true,"href":"https:\/\/www.europesays.com\/fr\/wp-json\/wp\/v2\/comments?post=558330"}],"version-history":[{"count":0,"href":"https:\/\/www.europesays.com\/fr\/wp-json\/wp\/v2\/posts\/558330\/revisions"}],"wp:featuredmedia":[{"embeddable":true,"href":"https:\/\/www.europesays.com\/fr\/wp-json\/wp\/v2\/media\/558331"}],"wp:attachment":[{"href":"https:\/\/www.europesays.com\/fr\/wp-json\/wp\/v2\/media?parent=558330"}],"wp:term":[{"taxonomy":"category","embeddable":true,"href":"https:\/\/www.europesays.com\/fr\/wp-json\/wp\/v2\/categories?post=558330"},{"taxonomy":"post_tag","embeddable":true,"href":"https:\/\/www.europesays.com\/fr\/wp-json\/wp\/v2\/tags?post=558330"}],"curies":[{"name":"wp","href":"https:\/\/api.w.org\/{rel}","templated":true}]}}