{"id":558345,"date":"2025-11-25T20:05:39","date_gmt":"2025-11-25T20:05:39","guid":{"rendered":"https:\/\/www.europesays.com\/fr\/558345\/"},"modified":"2025-11-25T20:05:39","modified_gmt":"2025-11-25T20:05:39","slug":"grenoble-travaux-de-reamenagement-sur-la-place-de-metz-le-chantier-allonge-de-deux-mois","status":"publish","type":"post","link":"https:\/\/www.europesays.com\/fr\/558345\/","title":{"rendered":"Grenoble. Travaux de r\u00e9am\u00e9nagement sur la place de Metz\u00a0:\u00a0le chantier allong\u00e9 de deux mois"},"content":{"rendered":"<p>On ne compte plus les \u00e9pisodes de ce dossier qui a d\u00e9j\u00e0 connu de nombreux rebondissements politiques comme judiciaires <a href=\"https:\/\/www.ledauphine.com\/economie\/2023\/07\/06\/isere-grenoble-reamenagement-de-metz-strasbourg-une-concertation-sous-tension\" target=\"_blank\" rel=\"noopener\">depuis son origine<\/a>. Et qui a rencontr\u00e9 un obstacle inattendu sur le chantier.<\/p>\n<p>C\u2019est lundi 29\u00a0septembre qu\u2019avaient d\u00e9marr\u00e9 les travaux <a href=\"https:\/\/www.ledauphine.com\/societe\/2025\/09\/27\/isere-grenoble-place-de-metz-c-est-parti-pour-neuf-mois-de-chantier\" target=\"_blank\" rel=\"noopener\">pour une dur\u00e9e de neuf mois<\/a>. Objectif\u00a0: un espace v\u00e9g\u00e9talis\u00e9 et pi\u00e9tonnis\u00e9, la suppression des places de stationnement, la d\u00e9simperm\u00e9abilisation des sols et la plantation de 28 arbres.<\/p>\n<p>Mais il faudra donc ajouter deux mois au chantier. En cause, explique la M\u00e9tropole de Grenoble qui m\u00e8ne les travaux, \u00ab\u00a0la n\u00e9cessit\u00e9 d\u2019\u00e9vacuer une partie des d\u00e9blais de terre dans une fili\u00e8re de traitement sp\u00e9cialis\u00e9e, du fait de leur teneur trop forte en certains m\u00e9taux et hydrocarbures.\u00a0\u00bb<\/p>\n<p>Le chantier a donc repris ce lundi 24\u00a0novembre et la fin des travaux est donc d\u00e9sormais programm\u00e9e pour ao\u00fbt\u00a02026.<\/p>\n","protected":false},"excerpt":{"rendered":"On ne compte plus les \u00e9pisodes de ce dossier qui a d\u00e9j\u00e0 connu de nombreux rebondissements politiques comme&hellip;\n","protected":false},"author":2,"featured_media":558346,"comment_status":"","ping_status":"","sticky":false,"template":"","format":"standard","meta":{"footnotes":""},"categories":[9566],"tags":[1111,11,2430,4749,33,112,1777,674,1011,27,2731,2732,12,25],"class_list":{"0":"post-558345","1":"post","2":"type-post","3":"status-publish","4":"format-standard","5":"has-post-thumbnail","7":"category-grenoble","8":"tag-actu","9":"tag-actualites","10":"tag-auvergne-rhone-alpes","11":"tag-btp-et-chantiers","12":"tag-economie","13":"tag-edition-grenoble-agglomeration","14":"tag-eu","15":"tag-europe","16":"tag-fr","17":"tag-france","18":"tag-grenoble","19":"tag-grenoble-bassin","20":"tag-news","21":"tag-republique-francaise"},"share_on_mastodon":{"url":"https:\/\/pubeurope.com\/@fr\/115612138143536533","error":""},"_links":{"self":[{"href":"https:\/\/www.europesays.com\/fr\/wp-json\/wp\/v2\/posts\/558345","targetHints":{"allow":["GET"]}}],"collection":[{"href":"https:\/\/www.europesays.com\/fr\/wp-json\/wp\/v2\/posts"}],"about":[{"href":"https:\/\/www.europesays.com\/fr\/wp-json\/wp\/v2\/types\/post"}],"author":[{"embeddable":true,"href":"https:\/\/www.europesays.com\/fr\/wp-json\/wp\/v2\/users\/2"}],"replies":[{"embeddable":true,"href":"https:\/\/www.europesays.com\/fr\/wp-json\/wp\/v2\/comments?post=558345"}],"version-history":[{"count":0,"href":"https:\/\/www.europesays.com\/fr\/wp-json\/wp\/v2\/posts\/558345\/revisions"}],"wp:featuredmedia":[{"embeddable":true,"href":"https:\/\/www.europesays.com\/fr\/wp-json\/wp\/v2\/media\/558346"}],"wp:attachment":[{"href":"https:\/\/www.europesays.com\/fr\/wp-json\/wp\/v2\/media?parent=558345"}],"wp:term":[{"taxonomy":"category","embeddable":true,"href":"https:\/\/www.europesays.com\/fr\/wp-json\/wp\/v2\/categories?post=558345"},{"taxonomy":"post_tag","embeddable":true,"href":"https:\/\/www.europesays.com\/fr\/wp-json\/wp\/v2\/tags?post=558345"}],"curies":[{"name":"wp","href":"https:\/\/api.w.org\/{rel}","templated":true}]}}