{"id":558363,"date":"2025-11-25T20:14:10","date_gmt":"2025-11-25T20:14:10","guid":{"rendered":"https:\/\/www.europesays.com\/fr\/558363\/"},"modified":"2025-11-25T20:14:10","modified_gmt":"2025-11-25T20:14:10","slug":"pres-de-bordeaux-une-plaque-commemorative-pour-nasrine-tuee-par-son-mari-au-debut-de-lannee","status":"publish","type":"post","link":"https:\/\/www.europesays.com\/fr\/558363\/","title":{"rendered":"Pr\u00e8s de Bordeaux, une plaque comm\u00e9morative pour Nasrine, tu\u00e9e par son mari au d\u00e9but de l\u2019ann\u00e9e"},"content":{"rendered":"<p>Le maire Jean-Fran\u00e7ois \u00c9gron, Catherine Abeloos, Na\u00efma Chara\u00ef (pr\u00e9sidente et directrice de l\u2019Apafed) et Bernadette Bonnac-Hude (pr\u00e9sidente du Centre d\u2019information sur les droits des femmes et des familles) se sont relay\u00e9(e)s pour saluer sa m\u00e9moire et rappeler l\u2019urgence d\u2019agir\u00a0: 152\u00a0f\u00e9minicides se sont d\u00e9roul\u00e9s en France depuis le d\u00e9but de l\u2019ann\u00e9e.<\/p>\n","protected":false},"excerpt":{"rendered":"Le maire Jean-Fran\u00e7ois \u00c9gron, Catherine Abeloos, Na\u00efma Chara\u00ef (pr\u00e9sidente et directrice de l\u2019Apafed) et Bernadette Bonnac-Hude (pr\u00e9sidente du&hellip;\n","protected":false},"author":2,"featured_media":558364,"comment_status":"","ping_status":"","sticky":false,"template":"","format":"standard","meta":{"footnotes":""},"categories":[2817],"tags":[1111,11,1997,1777,674,1011,27,12,2219,25],"class_list":{"0":"post-558363","1":"post","2":"type-post","3":"status-publish","4":"format-standard","5":"has-post-thumbnail","7":"category-bordeaux","8":"tag-actu","9":"tag-actualites","10":"tag-bordeaux","11":"tag-eu","12":"tag-europe","13":"tag-fr","14":"tag-france","15":"tag-news","16":"tag-nouvelle-aquitaine","17":"tag-republique-francaise"},"share_on_mastodon":{"url":"https:\/\/pubeurope.com\/@fr\/115612173227060499","error":""},"_links":{"self":[{"href":"https:\/\/www.europesays.com\/fr\/wp-json\/wp\/v2\/posts\/558363","targetHints":{"allow":["GET"]}}],"collection":[{"href":"https:\/\/www.europesays.com\/fr\/wp-json\/wp\/v2\/posts"}],"about":[{"href":"https:\/\/www.europesays.com\/fr\/wp-json\/wp\/v2\/types\/post"}],"author":[{"embeddable":true,"href":"https:\/\/www.europesays.com\/fr\/wp-json\/wp\/v2\/users\/2"}],"replies":[{"embeddable":true,"href":"https:\/\/www.europesays.com\/fr\/wp-json\/wp\/v2\/comments?post=558363"}],"version-history":[{"count":0,"href":"https:\/\/www.europesays.com\/fr\/wp-json\/wp\/v2\/posts\/558363\/revisions"}],"wp:featuredmedia":[{"embeddable":true,"href":"https:\/\/www.europesays.com\/fr\/wp-json\/wp\/v2\/media\/558364"}],"wp:attachment":[{"href":"https:\/\/www.europesays.com\/fr\/wp-json\/wp\/v2\/media?parent=558363"}],"wp:term":[{"taxonomy":"category","embeddable":true,"href":"https:\/\/www.europesays.com\/fr\/wp-json\/wp\/v2\/categories?post=558363"},{"taxonomy":"post_tag","embeddable":true,"href":"https:\/\/www.europesays.com\/fr\/wp-json\/wp\/v2\/tags?post=558363"}],"curies":[{"name":"wp","href":"https:\/\/api.w.org\/{rel}","templated":true}]}}