{"id":558365,"date":"2025-11-25T20:15:16","date_gmt":"2025-11-25T20:15:16","guid":{"rendered":"https:\/\/www.europesays.com\/fr\/558365\/"},"modified":"2025-11-25T20:15:16","modified_gmt":"2025-11-25T20:15:16","slug":"la-tremie-du-pont-simone-veil-rouvre-plus-vite-que-prevu-grace-a-un-portique-provisoire","status":"publish","type":"post","link":"https:\/\/www.europesays.com\/fr\/558365\/","title":{"rendered":"la tr\u00e9mie du pont Simone-Veil rouvre plus vite que pr\u00e9vu gr\u00e2ce \u00e0 un portique provisoire"},"content":{"rendered":"<p>La M\u00e9tropole rappelle les choses \u00e0 savoir et les mesures de s\u00e9curit\u00e9 \u00e0 prendre au volant \u00e0 l\u2019approche de la tr\u00e9mie\u00a0: celle-ci reste \u00ab\u00a0au gabarit limit\u00e9 de 2,70 m\u00e8tres de haut\u00a0\u00bb. Il est imp\u00e9ratif de \u00ab\u00a0ralentir \u00e0 l\u2019abord de l\u2019ouvrage, afin de se positionner sur la bonne file de circulation\u00a0\u00bb. En outre, \u00ab\u00a0des dispositifs d\u2019alerte sont plac\u00e9s sur des portiques en amont de l\u2019ouvrage pour alerter les v\u00e9hicules hors gabarit qu\u2019ils doivent rester sur les voies en surface. Une voie de d\u00e9gagement est \u00e9galement mise en place.\u00a0\u00bb<\/p>\n","protected":false},"excerpt":{"rendered":"La M\u00e9tropole rappelle les choses \u00e0 savoir et les mesures de s\u00e9curit\u00e9 \u00e0 prendre au volant \u00e0 l\u2019approche&hellip;\n","protected":false},"author":2,"featured_media":558366,"comment_status":"","ping_status":"","sticky":false,"template":"","format":"standard","meta":{"footnotes":""},"categories":[2817],"tags":[1111,11,1997,1777,674,1011,27,12,2219,25],"class_list":{"0":"post-558365","1":"post","2":"type-post","3":"status-publish","4":"format-standard","5":"has-post-thumbnail","7":"category-bordeaux","8":"tag-actu","9":"tag-actualites","10":"tag-bordeaux","11":"tag-eu","12":"tag-europe","13":"tag-fr","14":"tag-france","15":"tag-news","16":"tag-nouvelle-aquitaine","17":"tag-republique-francaise"},"share_on_mastodon":{"url":"https:\/\/pubeurope.com\/@fr\/115612177267479490","error":""},"_links":{"self":[{"href":"https:\/\/www.europesays.com\/fr\/wp-json\/wp\/v2\/posts\/558365","targetHints":{"allow":["GET"]}}],"collection":[{"href":"https:\/\/www.europesays.com\/fr\/wp-json\/wp\/v2\/posts"}],"about":[{"href":"https:\/\/www.europesays.com\/fr\/wp-json\/wp\/v2\/types\/post"}],"author":[{"embeddable":true,"href":"https:\/\/www.europesays.com\/fr\/wp-json\/wp\/v2\/users\/2"}],"replies":[{"embeddable":true,"href":"https:\/\/www.europesays.com\/fr\/wp-json\/wp\/v2\/comments?post=558365"}],"version-history":[{"count":0,"href":"https:\/\/www.europesays.com\/fr\/wp-json\/wp\/v2\/posts\/558365\/revisions"}],"wp:featuredmedia":[{"embeddable":true,"href":"https:\/\/www.europesays.com\/fr\/wp-json\/wp\/v2\/media\/558366"}],"wp:attachment":[{"href":"https:\/\/www.europesays.com\/fr\/wp-json\/wp\/v2\/media?parent=558365"}],"wp:term":[{"taxonomy":"category","embeddable":true,"href":"https:\/\/www.europesays.com\/fr\/wp-json\/wp\/v2\/categories?post=558365"},{"taxonomy":"post_tag","embeddable":true,"href":"https:\/\/www.europesays.com\/fr\/wp-json\/wp\/v2\/tags?post=558365"}],"curies":[{"name":"wp","href":"https:\/\/api.w.org\/{rel}","templated":true}]}}