{"id":558375,"date":"2025-11-25T20:20:17","date_gmt":"2025-11-25T20:20:17","guid":{"rendered":"https:\/\/www.europesays.com\/fr\/558375\/"},"modified":"2025-11-25T20:20:17","modified_gmt":"2025-11-25T20:20:17","slug":"la-ville-de-marseille-invite-les-familles-au-village-des-droits-de-lenfant-ce-mercredi-26-novembre-26-11-2025-marseille-2","status":"publish","type":"post","link":"https:\/\/www.europesays.com\/fr\/558375\/","title":{"rendered":"La Ville de Marseille invite les familles au Village des Droits de l&rsquo;Enfant ce mercredi 26 novembre &#8211; 26\/11\/2025 &#8211; Marseille"},"content":{"rendered":"<p data-start=\"307\" data-end=\"618\"><strong data-start=\"472\" data-end=\"529\">Rendez-vous ce mercredi \u00e0 l\u2019espace Villeneuve-Bargemon pour la 5e \u00e9dition du\u00a0Village des Droits de l\u2019Enfant.<\/strong><\/p>\n<p>&#13;<\/p>\n<p data-start=\"620\" data-end=\"836\">Cet \u00e9v\u00e9nement gratuit et ouvert \u00e0 tous a pour ambition de <strong data-start=\"678\" data-end=\"717\">sensibiliser, informer et mobiliser<\/strong> autour des droits et de la protection de l\u2019enfant, gr\u00e2ce \u00e0 une large programmation ludique, p\u00e9dagogique et culturelle.<\/p>\n<p>&#13;<br \/>\nUn village avec des activit\u00e9s gratuites pour toute la famille&#13;<\/p>\n<p data-start=\"896\" data-end=\"1040\">Tout au long de la journ\u00e9e, les enfants et leurs familles pourront d\u00e9couvrir de nombreuses animations propos\u00e9es par les partenaires pr\u00e9sents :<\/p>\n<p>&#13;<\/p>\n<p style=\"margin-left: 30px;\" data-start=\"1043\" data-end=\"1105\"><strong data-start=\"1043\" data-end=\"1053\">UNICEF<\/strong>, Terre Ludique, MJC R\u00e9gion Sud, Labo des Minots ;<\/p>\n<p>&#13;<\/p>\n<p style=\"margin-left: 30px;\" data-start=\"1108\" data-end=\"1250\"><strong data-start=\"1108\" data-end=\"1156\">Le Bataillon de Marins-Pompiers de Marseille<\/strong>, avec des initiations aux gestes qui sauvent et \u00e0 la pr\u00e9vention des accidents domestiques ;<\/p>\n<p>&#13;<\/p>\n<p style=\"margin-left: 30px;\" data-start=\"1253\" data-end=\"1339\"><strong data-start=\"1253\" data-end=\"1273\">SOS M\u00e9diterran\u00e9e<\/strong>, pour mieux comprendre les actions humanitaires men\u00e9es en mer ;<\/p>\n<p>&#13;<\/p>\n<p style=\"margin-left: 30px;\" data-start=\"1342\" data-end=\"1470\"><strong data-start=\"1342\" data-end=\"1366\">Les Arts et l\u2019Enfant<\/strong>, la Ville de Marseille et plusieurs associations engag\u00e9es pour les droits et la protection des enfants.<\/p>\n<p>&#13;<\/p>\n<p data-start=\"1472\" data-end=\"1663\">Au programme : ateliers cr\u00e9atifs, jeux ludiques, animations p\u00e9dagogiques, fresque collaborative, lectures, expositions, ludoth\u00e8que, photobooth, maquillage, stand gourmand et bien plus encore.<\/p>\n<p>&#13;<\/p>\n<p data-start=\"1705\" data-end=\"1971\">Pour la deuxi\u00e8me ann\u00e9e cons\u00e9cutive, le <strong data-start=\"1744\" data-end=\"1759\">Samu social<\/strong> organise une <strong data-start=\"1773\" data-end=\"1795\">collecte solidaire<\/strong> au b\u00e9n\u00e9fice des enfants les plus d\u00e9munis :<br data-start=\"1838\" data-end=\"1841\"\/> v\u00eatements, produits d\u2019hygi\u00e8ne neufs, mat\u00e9riel de pu\u00e9riculture\u2026<br data-start=\"1903\" data-end=\"1906\"\/> Les visiteurs sont invit\u00e9s \u00e0 participer selon leurs possibilit\u00e9s.<\/p>\n<p>&#13;<br \/>\nTemps forts du Village des Droits de l&rsquo;enfant&#13;<\/p>\n<p style=\"margin-left: 30px;\"><strong>11h <\/strong>\u2013 Lecture des Droits de l\u2019Enfant par les enfants du CME, traduite en langue des signes fran\u00e7aise (LSF)\u00a0<\/p>\n<p>&#13;<\/p>\n<p style=\"margin-left: 30px;\"><strong>12h et 13h30<\/strong> \u2013 Visite guid\u00e9e de l\u2019H\u00e9micycle \u00a0<\/p>\n<p>&#13;<\/p>\n<p style=\"margin-left: 30px;\"><strong>15h <\/strong>\u2013 Concert de chansons sur les Droits de l\u2019Enfant par Les Arts et l\u2019Enfant<\/p>\n<p>&#13;<\/p>\n<p style=\"margin-left: 30px;\"><strong>15h30 <\/strong>&#8211; D\u00e9monstration de breakdance par Move Fit Culture<\/p>\n<p>&#13;<\/p>\n<p>\u00a0<\/p>\n<p>&#13;<br \/>\n<strong>Des animations en continu \u2013 de 10h \u00e0 17h<\/strong>&#13;<br \/>\nSensibilisation et droits de l\u2019enfant&#13;<\/p>\n<p style=\"margin-left: 30px;\" data-start=\"2458\" data-end=\"2502\">Ateliers UNICEF sur les Droits de l\u2019Enfant<\/p>\n<p>&#13;<\/p>\n<p style=\"margin-left: 30px;\" data-start=\"2505\" data-end=\"2546\">Lecture du CME (\u00e0 11h) \u2013 traduction LSF<\/p>\n<p>&#13;<\/p>\n<p style=\"margin-left: 30px;\" data-start=\"2549\" data-end=\"2607\">Pr\u00e9vention de la maltraitance avec <strong data-start=\"2584\" data-end=\"2605\">Paroles d\u2019Enfants<\/strong><\/p>\n<p>&#13;<\/p>\n<p style=\"margin-left: 30px;\" data-start=\"2610\" data-end=\"2645\">Collecte solidaire du Samu Social<\/p>\n<p>&#13;<\/p>\n<p style=\"margin-left: 30px;\" data-start=\"2648\" data-end=\"2701\">Mur d\u2019expression et cocottes des droits de l\u2019enfant<\/p>\n<p>&#13;<\/p>\n<p style=\"margin-left: 30px;\" data-start=\"2704\" data-end=\"2751\">Ateliers \u00ab Le chantier rose \u00bb (Terre Ludique)<\/p>\n<p>&#13;<\/p>\n<p style=\"margin-left: 30px;\" data-start=\"2754\" data-end=\"2800\">Atelier \u00ab Moi et les autres \u00bb (MJC R\u00e9gion Sud)<\/p>\n<p>&#13;<br \/>\nAteliers cr\u00e9atifs et culturels&#13;<\/p>\n<p style=\"margin-left: 30px;\" data-start=\"2843\" data-end=\"2906\">Ateliers artistiques et culturels des Mus\u00e9es et Biblioth\u00e8ques<\/p>\n<p>&#13;<\/p>\n<p style=\"margin-left: 30px;\" data-start=\"2909\" data-end=\"2935\">Lectures \u201cHors les murs\u201d<\/p>\n<p>&#13;<\/p>\n<p style=\"margin-left: 30px;\" data-start=\"2938\" data-end=\"2972\">Jeux de la ludoth\u00e8que municipale<\/p>\n<p>&#13;<\/p>\n<p style=\"margin-left: 30px;\" data-start=\"2975\" data-end=\"3014\">Atelier d\u2019\u00e9criture du Labo des Minots<\/p>\n<p>&#13;<\/p>\n<p style=\"margin-left: 30px;\" data-start=\"3017\" data-end=\"3062\">Fresque collaborative <strong data-start=\"3039\" data-end=\"3062\">Elephants for Peace<\/strong><\/p>\n<p>&#13;<br \/>\nPr\u00e9vention et secours&#13;<\/p>\n<p style=\"margin-left: 30px;\" data-start=\"3096\" data-end=\"3138\">Initiation aux gestes qui sauvent (BMPM)<\/p>\n<p>&#13;<\/p>\n<p style=\"margin-left: 30px;\" data-start=\"3141\" data-end=\"3189\">Actions humanitaires en mer \u2013 SOS M\u00e9diterran\u00e9e<\/p>\n<p>&#13;<br \/>\nStands ludiques et d\u00e9couverte&#13;<\/p>\n<p style=\"margin-left: 30px;\" data-start=\"3231\" data-end=\"3250\">Photobooth festif<\/p>\n<p>&#13;<\/p>\n<p style=\"margin-left: 30px;\" data-start=\"3253\" data-end=\"3278\">Maquillage pour enfants<\/p>\n<p>&#13;<\/p>\n<p style=\"margin-left: 30px;\" data-start=\"3281\" data-end=\"3307\">Stand gourmand \u2013 cookies<\/p>\n<p>&#13;<\/p>\n<p style=\"margin-left: 30px;\" data-start=\"3281\" data-end=\"3307\">\u00a0<\/p>\n<p>&#13;<\/p>\n<p data-start=\"3281\" data-end=\"3307\"><a href=\"https:\/\/www.marseille.fr\/sites\/default\/files\/contenu\/education\/PDF\/programme-jide-2025.pdf\" target=\"_blank\" rel=\"noopener\">T\u00e9l\u00e9chargez le programme<\/a><\/p>\n","protected":false},"excerpt":{"rendered":"Rendez-vous ce mercredi \u00e0 l\u2019espace Villeneuve-Bargemon pour la 5e \u00e9dition du\u00a0Village des Droits de l\u2019Enfant. &#13; Cet \u00e9v\u00e9nement&hellip;\n","protected":false},"author":2,"featured_media":557898,"comment_status":"","ping_status":"","sticky":false,"template":"","format":"standard","meta":{"footnotes":""},"categories":[2814],"tags":[1111,11,1777,674,1011,27,884,12,882,25],"class_list":{"0":"post-558375","1":"post","2":"type-post","3":"status-publish","4":"format-standard","5":"has-post-thumbnail","7":"category-marseille","8":"tag-actu","9":"tag-actualites","10":"tag-eu","11":"tag-europe","12":"tag-fr","13":"tag-france","14":"tag-marseille","15":"tag-news","16":"tag-provence-alpes-cote-dazur","17":"tag-republique-francaise"},"share_on_mastodon":{"url":"https:\/\/pubeurope.com\/@fr\/115612197146868901","error":""},"_links":{"self":[{"href":"https:\/\/www.europesays.com\/fr\/wp-json\/wp\/v2\/posts\/558375","targetHints":{"allow":["GET"]}}],"collection":[{"href":"https:\/\/www.europesays.com\/fr\/wp-json\/wp\/v2\/posts"}],"about":[{"href":"https:\/\/www.europesays.com\/fr\/wp-json\/wp\/v2\/types\/post"}],"author":[{"embeddable":true,"href":"https:\/\/www.europesays.com\/fr\/wp-json\/wp\/v2\/users\/2"}],"replies":[{"embeddable":true,"href":"https:\/\/www.europesays.com\/fr\/wp-json\/wp\/v2\/comments?post=558375"}],"version-history":[{"count":0,"href":"https:\/\/www.europesays.com\/fr\/wp-json\/wp\/v2\/posts\/558375\/revisions"}],"wp:featuredmedia":[{"embeddable":true,"href":"https:\/\/www.europesays.com\/fr\/wp-json\/wp\/v2\/media\/557898"}],"wp:attachment":[{"href":"https:\/\/www.europesays.com\/fr\/wp-json\/wp\/v2\/media?parent=558375"}],"wp:term":[{"taxonomy":"category","embeddable":true,"href":"https:\/\/www.europesays.com\/fr\/wp-json\/wp\/v2\/categories?post=558375"},{"taxonomy":"post_tag","embeddable":true,"href":"https:\/\/www.europesays.com\/fr\/wp-json\/wp\/v2\/tags?post=558375"}],"curies":[{"name":"wp","href":"https:\/\/api.w.org\/{rel}","templated":true}]}}