{"id":558391,"date":"2025-11-25T20:30:20","date_gmt":"2025-11-25T20:30:20","guid":{"rendered":"https:\/\/www.europesays.com\/fr\/558391\/"},"modified":"2025-11-25T20:30:20","modified_gmt":"2025-11-25T20:30:20","slug":"il-ny-a-clairement-pas-de-volonte-russe-davoir-un-cessez-le-feu-estime-emmanuel-macron","status":"publish","type":"post","link":"https:\/\/www.europesays.com\/fr\/558391\/","title":{"rendered":"il n\u2019y a \u00ab\u00a0clairement pas de volont\u00e9 russe d\u2019avoir un cessez-le-feu\u00a0\u00bb, estime Emmanuel Macron"},"content":{"rendered":"<p>   \u00ab\u00a0Il y a enfin une chance de r\u00e9aliser de vrais progr\u00e8s vers une bonne paix\u00a0\u00bb en Ukraine, selon Emmanuel Macron             <\/p>\n<p class=\"post__live-container--answer-text post__space-node\">En ouverture d\u2019une visioconf\u00e9rence de la \u00ab\u00a0coalition des volontaires\u00a0\u00bb qui soutient Kiev, Emmanuel Macron a affirm\u00e9, mardi, qu\u2019il y avait \u00ab\u00a0enfin une chance de r\u00e9aliser de vrais progr\u00e8s vers une bonne paix\u00a0\u00bb entre l\u2019Ukraine et la Russie.<\/p>\n<p class=\"post__live-container--answer-text post__space-node\">\u00ab\u00a0Mais la condition absolue pour une bonne paix, c\u2019est une s\u00e9rie de garanties de s\u00e9curit\u00e9 tr\u00e8s robustes, et pas des garanties uniquement sur le papier\u00a0\u00bb, a pr\u00e9venu le pr\u00e9sident fran\u00e7ais, pr\u00e9cisant que le secr\u00e9taire d\u2019Etat am\u00e9ricain, Marco Rubio, se joindrait aussi \u00e0 cette r\u00e9union de la coalition compos\u00e9e principalement de pays europ\u00e9ens d\u00e9sireux de fournir ces garanties \u00e0 l\u2019Ukraine.<\/p>\n<p class=\"post__live-container--answer-text post__space-node\">\u00ab\u00a0L\u2019Ukraine a eu son lot de promesses bris\u00e9es par les agressions russes successives, et des garanties solides sont donc une n\u00e9cessit\u00e9\u00a0\u00bb, a-t-il insist\u00e9.<\/p>\n<p class=\"post__live-container--answer-text post__space-node\">Ces d\u00e9clarations interviennent au moment o\u00f9 la diplomatie est \u00e0 nouveau en pleine activit\u00e9 pour tenter de trouver une issue n\u00e9goci\u00e9e au conflit apr\u00e8s la publication d\u2019un plan am\u00e9ricain qui a fait l\u2019objet de tractations ces derniers jours. \u00ab\u00a0Nous sommes clairement \u00e0 un moment crucial. Les n\u00e9gociations b\u00e9n\u00e9ficient d\u2019un nouvel \u00e9lan, et nous devons profiter de cette impulsion\u00a0\u00bb, a estim\u00e9 Emmanuel Macron.<\/p>\n<p class=\"post__live-container--answer-text post__space-node\">\u00ab\u00a0Je voudrais saluer le fait que les r\u00e9unions de Gen\u00e8ve, le 23\u00a0novembre, ont permis une discussion ouverte et constructive entre l\u2019Ukraine et les Etats-Unis\u00a0\u00bb, a-t-il dit.<\/p>\n<p class=\"post__live-container--answer-text post__space-node\">Le pr\u00e9sident ukrainien, Volodymyr Zelensky, devait ensuite pr\u00e9senter \u00e0 ses homologues de cette coalition, qui comprend plus de 30\u00a0pays, le r\u00e9sultat des discussions conduites \u00e0 Gen\u00e8ve sur la base du plan am\u00e9ricain. Et aussi sur la mani\u00e8re dont les pays membres peuvent apporter les \u00ab\u00a0garanties\u00a0\u00bb de s\u00e9curit\u00e9, a expliqu\u00e9 le pr\u00e9sident fran\u00e7ais.<\/p>\n<p class=\"post__live-container--answer-text post__space-node\">Ce matin, sur <a href=\"https:\/\/www.rtl.fr\/actu\/politique\/ukraine-menace-russe-dissolution-ce-qu-il-faut-retenir-de-l-interview-d-emmanuel-macron-sur-rtl-et-m6-7900570792\" target=\"_blank\" rel=\"noopener\" title=\"Nouvelle fen\u00eatre\">RTL<\/a>, le chef de l\u2019Etat a estim\u00e9 que \u00ab\u00a0la premi\u00e8re chose qui prot\u00e9gera l\u2019Ukraine, c\u2019est sa propre arm\u00e9e\u00a0\u00bb, alors que le dernier plan en date pr\u00e9sent\u00e9 par les Etats-Unis pr\u00e9voit notamment que Kiev accepte des restrictions sur ses forces arm\u00e9es.<\/p>\n<p class=\"post__live-container--answer-text post__space-node\">\u00ab\u00a0La premi\u00e8re garantie pour les Ukrainiens et, pour nous, c\u2019est cette arm\u00e9e robuste. Et donc nous, qu\u2019est-ce qu\u2019on fait\u00a0? On pilote sa formation, son \u00e9quipement, sa capacit\u00e9 \u00e0 se d\u00e9ployer sur les mois et les ann\u00e9es qui viennent\u00a0\u00bb, a dit le pr\u00e9sident. La deuxi\u00e8me garantie de s\u00e9curit\u00e9 viendra des forces de r\u00e9assurance situ\u00e9es \u00ab\u00a0loin de la zone de front\u00a0\u00bb. \u00ab\u00a0Il y a des soldats britanniques, fran\u00e7ais, turcs qui, le jour o\u00f9 la paix est sign\u00e9e, donc pas dans un contexte de guerre, sont l\u00e0 pour proc\u00e9der \u00e0 des entra\u00eenements, \u00e0 des s\u00e9curisations\u00a0\u00bb, a-t-il pr\u00e9cis\u00e9.<\/p>\n","protected":false},"excerpt":{"rendered":"\u00ab\u00a0Il y a enfin une chance de r\u00e9aliser de vrais progr\u00e8s vers une bonne paix\u00a0\u00bb en Ukraine, selon&hellip;\n","protected":false},"author":2,"featured_media":558392,"comment_status":"","ping_status":"","sticky":false,"template":"","format":"standard","meta":{"footnotes":""},"categories":[1591],"tags":[11,1887,12,1885,1886,132],"class_list":{"0":"post-558391","1":"post","2":"type-post","3":"status-publish","4":"format-standard","5":"has-post-thumbnail","7":"category-russie","8":"tag-actualites","9":"tag-federation-de-russie","10":"tag-news","11":"tag-russia","12":"tag-russian-federation","13":"tag-russie"},"share_on_mastodon":{"url":"https:\/\/pubeurope.com\/@fr\/115612236181672262","error":""},"_links":{"self":[{"href":"https:\/\/www.europesays.com\/fr\/wp-json\/wp\/v2\/posts\/558391","targetHints":{"allow":["GET"]}}],"collection":[{"href":"https:\/\/www.europesays.com\/fr\/wp-json\/wp\/v2\/posts"}],"about":[{"href":"https:\/\/www.europesays.com\/fr\/wp-json\/wp\/v2\/types\/post"}],"author":[{"embeddable":true,"href":"https:\/\/www.europesays.com\/fr\/wp-json\/wp\/v2\/users\/2"}],"replies":[{"embeddable":true,"href":"https:\/\/www.europesays.com\/fr\/wp-json\/wp\/v2\/comments?post=558391"}],"version-history":[{"count":0,"href":"https:\/\/www.europesays.com\/fr\/wp-json\/wp\/v2\/posts\/558391\/revisions"}],"wp:featuredmedia":[{"embeddable":true,"href":"https:\/\/www.europesays.com\/fr\/wp-json\/wp\/v2\/media\/558392"}],"wp:attachment":[{"href":"https:\/\/www.europesays.com\/fr\/wp-json\/wp\/v2\/media?parent=558391"}],"wp:term":[{"taxonomy":"category","embeddable":true,"href":"https:\/\/www.europesays.com\/fr\/wp-json\/wp\/v2\/categories?post=558391"},{"taxonomy":"post_tag","embeddable":true,"href":"https:\/\/www.europesays.com\/fr\/wp-json\/wp\/v2\/tags?post=558391"}],"curies":[{"name":"wp","href":"https:\/\/api.w.org\/{rel}","templated":true}]}}