{"id":558395,"date":"2025-11-25T20:32:19","date_gmt":"2025-11-25T20:32:19","guid":{"rendered":"https:\/\/www.europesays.com\/fr\/558395\/"},"modified":"2025-11-25T20:32:19","modified_gmt":"2025-11-25T20:32:19","slug":"xi-evoque-la-question-de-taiwan-avec-trump","status":"publish","type":"post","link":"https:\/\/www.europesays.com\/fr\/558395\/","title":{"rendered":"Xi \u00e9voque la question de Ta\u00efwan avec Trump"},"content":{"rendered":"<p>L\u2019AFP, se r\u00e9f\u00e9rant \u00e0 l&rsquo;agence Chine nouvelle, rapporte que Xi a dit \u00e0 Trump que P\u00e9kin et Washington devraient \u00ab\u00a0maintenir l&rsquo;\u00e9lan dans leurs relations\u00a0\u00bb apr\u00e8s leur rencontre en octobre en Cor\u00e9e du Sud, o\u00f9 ils ont cherch\u00e9 \u00e0 apaiser la guerre commerciale entre leurs pays. <\/p>\n<p>Le dirigeant chinois a estim\u00e9, durant l&rsquo;\u00e9change t\u00e9l\u00e9phonique, que \u00ab\u00a0le retour\u00a0\u00bb de l&rsquo;\u00eele \u00ab\u00a0\u00e0 la Chine \u00e9tait une partie importante de l&rsquo;ordre international de l&rsquo;apr\u00e8s-guerre\u00a0\u00bb, selon l&rsquo;agence. <\/p>\n<p>\u00ab\u00a0Au vu de la situation, il est d&rsquo;autant plus important pour nous de pr\u00e9server ensemble la victoire de la Deuxi\u00e8me Guerre mondiale\u00a0\u00bb, a-t-il poursuivi. <\/p>\n<p>Apr\u00e8s cet appel, Donald Trump a assur\u00e9 dans un message sur son r\u00e9seau Truth Social que la relation avec P\u00e9kin \u00e9tait \u00ab\u00a0extr\u00eamement solide\u00a0\u00bb, sans mentionner la tr\u00e8s sensible question de Ta\u00efwan. <\/p>\n<p>Le Premier ministre ta\u00efwanais Cho Jung-tai a r\u00e9agi mardi aux propos de Xi Jinping en d\u00e9clarant \u00e0 la presse que Ta\u00efwan \u00ab\u00a0est un \u00c9tat pleinement souverain\u00a0\u00bb et qu'\u00a0\u00bbil n&rsquo;existe aucune option de retour\u00a0\u00bb. <\/p>\n<p>Dans le m\u00eame temps, Sanae Takaichi, la Premi\u00e8re ministre japonaise, a indiqu\u00e9 \u00e0 la presse qu&rsquo;elle et Donald Trump avaient discut\u00e9 de l&rsquo;appel de ce dernier avec Xi Jinping, et eu un \u00ab\u00a0large \u00e9change de points de vue sur le renforcement de l&rsquo;alliance nippo-am\u00e9ricaine et sur les d\u00e9fis et les enjeux auxquels est confront\u00e9e la r\u00e9gion Indo-Pacifique\u00a0\u00bb. <\/p>\n<p>Les \u00c9tats-Unis, eux, ne reconnaissent pas officiellement le statut d&rsquo;\u00c9tat \u00e0 Ta\u00efwan mais restent son soutien le plus puissant et son principal fournisseur d&rsquo;armes.<\/p>\n","protected":false},"excerpt":{"rendered":"L\u2019AFP, se r\u00e9f\u00e9rant \u00e0 l&rsquo;agence Chine nouvelle, rapporte que Xi a dit \u00e0 Trump que P\u00e9kin et Washington&hellip;\n","protected":false},"author":2,"featured_media":558396,"comment_status":"","ping_status":"","sticky":false,"template":"","format":"standard","meta":{"footnotes":""},"categories":[1589],"tags":[11,5024,5025,5026,258,5028,1659,5029,5027,251,33,2518,73,1866,1283,1757,1393,985,12,316,104,517,5030,1864,1865,1863,308],"class_list":{"0":"post-558395","1":"post","2":"type-post","3":"status-publish","4":"format-standard","5":"has-post-thumbnail","7":"category-etats-unis","8":"tag-actualites","9":"tag-actualites-et-infos-au-maroc","10":"tag-actualites-et-infos-mondiale","11":"tag-actualites-marocaines-du-jour","12":"tag-alimentation","13":"tag-analyses","14":"tag-art-de-vivre","15":"tag-chronique","16":"tag-consommation-et-bien-etre","17":"tag-culture","18":"tag-economie","19":"tag-edito","20":"tag-etats-unis","21":"tag-etats-unis-damerique","22":"tag-etudes","23":"tag-insolite","24":"tag-loisirs","25":"tag-mode","26":"tag-news","27":"tag-politique","28":"tag-societe","29":"tag-sport","30":"tag-tribune","31":"tag-united-states","32":"tag-united-states-of-america","33":"tag-us","34":"tag-usa"},"share_on_mastodon":{"url":"https:\/\/pubeurope.com\/@fr\/115612243993317258","error":""},"_links":{"self":[{"href":"https:\/\/www.europesays.com\/fr\/wp-json\/wp\/v2\/posts\/558395","targetHints":{"allow":["GET"]}}],"collection":[{"href":"https:\/\/www.europesays.com\/fr\/wp-json\/wp\/v2\/posts"}],"about":[{"href":"https:\/\/www.europesays.com\/fr\/wp-json\/wp\/v2\/types\/post"}],"author":[{"embeddable":true,"href":"https:\/\/www.europesays.com\/fr\/wp-json\/wp\/v2\/users\/2"}],"replies":[{"embeddable":true,"href":"https:\/\/www.europesays.com\/fr\/wp-json\/wp\/v2\/comments?post=558395"}],"version-history":[{"count":0,"href":"https:\/\/www.europesays.com\/fr\/wp-json\/wp\/v2\/posts\/558395\/revisions"}],"wp:featuredmedia":[{"embeddable":true,"href":"https:\/\/www.europesays.com\/fr\/wp-json\/wp\/v2\/media\/558396"}],"wp:attachment":[{"href":"https:\/\/www.europesays.com\/fr\/wp-json\/wp\/v2\/media?parent=558395"}],"wp:term":[{"taxonomy":"category","embeddable":true,"href":"https:\/\/www.europesays.com\/fr\/wp-json\/wp\/v2\/categories?post=558395"},{"taxonomy":"post_tag","embeddable":true,"href":"https:\/\/www.europesays.com\/fr\/wp-json\/wp\/v2\/tags?post=558395"}],"curies":[{"name":"wp","href":"https:\/\/api.w.org\/{rel}","templated":true}]}}