{"id":558399,"date":"2025-11-25T20:34:13","date_gmt":"2025-11-25T20:34:13","guid":{"rendered":"https:\/\/www.europesays.com\/fr\/558399\/"},"modified":"2025-11-25T20:34:13","modified_gmt":"2025-11-25T20:34:13","slug":"dans-la-course-a-lespace-la-france-sauve-lessentiel-face-a-une-allemagne-conquerante","status":"publish","type":"post","link":"https:\/\/www.europesays.com\/fr\/558399\/","title":{"rendered":"Dans la course \u00e0 l\u2019espace, la France sauve l\u2019essentiel face \u00e0 une Allemagne conqu\u00e9rante"},"content":{"rendered":"<p>\n    <strong>D\u00c9CRYPTAGE <\/strong>&#8211; Paris a pr\u00e9vu de contribuer \u00e0 hauteur de 3,6\u00a0milliards d\u2019euros au budget de l\u2019Agence spatiale europ\u00e9enne, se classant au 3e\u00a0rang des pays financeurs derri\u00e8re l\u2019Allemagne et l\u2019Italie.<\/p>\n<p class=\"fig-paragraph\">\u00ab Qui n\u2019a pas les moyens de ses ambitions, a tous les soucis.\u00a0\u00bb Cette maxime de Talleyrand r\u00e9sonne dans une France lest\u00e9e par une dette abyssale et en proie \u00e0 une instabilit\u00e9 politique chronique depuis la dissolution en 2024. La France n\u2019arrive pas en position de force \u00e0 la conf\u00e9rence minist\u00e9rielle de l\u2019<a href=\"http:\/\/www.lefigaro.fr\/societes\/l-agence-spatiale-europeenne-lance-un-concours-et-ouvre-la-voie-a-la-succession-d-ariane-6-20250325\" data-fig-type=\"Article\" data-gtm-custom-categorie=\"navigation\" data-gtm-custom-action=\"crossclick\" data-gtm-custom-label=\"Contextuel\" data-gtm-event=\"customEventSPE\" data-fig-domain=\"LEFIGARO\" target=\"_blank\" rel=\"noopener\">Agence spatiale europ\u00e9enne<\/a>\u00a0(ESA). Cette derni\u00e8re se d\u00e9roule, \u00e0 Br\u00e8me, en Allemagne, ces mercredi et jeudi. \u00c0 son menu\u00a0: doter l\u2019ESA d\u2019un budget pour la p\u00e9riode 2026-2028 et d\u00e9cider du niveau de l\u2019ambition spatiale europ\u00e9enne.<\/p>\n<p class=\"fig-paragraph\">Cette conf\u00e9rence se pr\u00e9sente comme cruciale. \u00ab\u00a0Nous devons saisir cette opportunit\u00e9 pour devenir plus autonomes et rattraper notre retard. C\u2019est le moment ou jamais. \u00c0 d\u00e9faut, nous courrons le risque d\u2019\u00eatre de plus en plus marginalis\u00e9s\u00a0\u00bb, a d\u00e9j\u00e0 alert\u00e9 Josef Aschbacher, directeur g\u00e9n\u00e9ral de l\u2019ESA. Avec quelque 15\u00a0milliards d\u2019euros par an, l\u2019Europe est en perte de vitesse \u00ab\u00a0pr\u00e9occupante\u00a0\u00bb face aux \u00c9tats-Unis et \u00e0 la Chine qui acc\u00e9l\u00e8rent. Le Vieux Continent\u2026<\/p>\n<p class=\"fig-premium-paywall__infos\">\n        Cet article est r\u00e9serv\u00e9 aux abonn\u00e9s.        Il vous reste 84% \u00e0 d\u00e9couvrir.\n    <\/p>\n<p>                <img  data- alt=\"Le Figaro\" class=\"fig-img--complete fig-img\"\/><\/p>\n<p class=\"fig-premium-paywall__title\">Black Friday<\/p>\n<p class=\"fig-premium-paywall__subtitle\">-70% sur l&rsquo;abonnement num\u00e9rique<\/p>\n<p class=\"fig-premium-paywall__connect\">\n                D\u00e9j\u00e0 abonn\u00e9\u00a0?                <a class=\"fig-premium-paywall__connect-link\" href=\"https:\/\/connect.lefigaro.fr\/login?client=horizon_web&amp;type=main&amp;redirect_uri=https%3A%2F%2Fwww.lefigaro.fr%2Fsciences%2Fdans-la-course-a-l-espace-la-france-sauve-l-essentiel-face-a-une-allemagne-conquerante-20251125\" data-js-gtm=\"{&quot;customCategorie&quot;: &quot;conversion&quot;, &quot;customAction&quot;: &quot;before_Landing_Connexion_paywall_auto&quot;, &quot;customLabel&quot;: &quot;bGVmaWdhcm8uZnJfXzFmMGM5ZmU2LTFkNTktNjkxMC1iYjliLTZkMzYzMDIyODhlNV9fQXJ0aWNsZQ==_Dans la course \u00e0 l\u2019espace, la France sauve l\u2019essentiel face \u00e0 une Allemagne conqu\u00e9rante_460&quot;, &quot;customIDSPE&quot;: &quot;bGVmaWdhcm8uZnJfXzFmMGM5ZmU2LTFkNTktNjkxMC1iYjliLTZkMzYzMDIyODhlNV9fQXJ0aWNsZQ==&quot;, &quot;event&quot;: &quot;customEventSPE&quot;}\" target=\"_blank\" rel=\"noopener\"><br \/>\n                    Connectez-vous<br \/>\n                <\/a>\n            <\/p>\n","protected":false},"excerpt":{"rendered":"D\u00c9CRYPTAGE &#8211; Paris a pr\u00e9vu de contribuer \u00e0 hauteur de 3,6\u00a0milliards d\u2019euros au budget de l\u2019Agence spatiale europ\u00e9enne,&hellip;\n","protected":false},"author":2,"featured_media":558400,"comment_status":"","ping_status":"","sticky":false,"template":"","format":"standard","meta":{"footnotes":""},"categories":[1587],"tags":[11,32153,672,1804,1805,1803,386,1777,674,27,1801,12,1802],"class_list":{"0":"post-558399","1":"post","2":"type-post","3":"status-publish","4":"format-standard","5":"has-post-thumbnail","7":"category-allemagne","8":"tag-actualites","9":"tag-agence-spatiale-europeenne","10":"tag-allemagne","11":"tag-bundesrepublik-deutschland","12":"tag-de","13":"tag-deutschland","14":"tag-espace","15":"tag-eu","16":"tag-europe","17":"tag-france","18":"tag-germany","19":"tag-news","20":"tag-republique-federale-dallemagne"},"share_on_mastodon":{"url":"https:\/\/pubeurope.com\/@fr\/115612252018928736","error":""},"_links":{"self":[{"href":"https:\/\/www.europesays.com\/fr\/wp-json\/wp\/v2\/posts\/558399","targetHints":{"allow":["GET"]}}],"collection":[{"href":"https:\/\/www.europesays.com\/fr\/wp-json\/wp\/v2\/posts"}],"about":[{"href":"https:\/\/www.europesays.com\/fr\/wp-json\/wp\/v2\/types\/post"}],"author":[{"embeddable":true,"href":"https:\/\/www.europesays.com\/fr\/wp-json\/wp\/v2\/users\/2"}],"replies":[{"embeddable":true,"href":"https:\/\/www.europesays.com\/fr\/wp-json\/wp\/v2\/comments?post=558399"}],"version-history":[{"count":0,"href":"https:\/\/www.europesays.com\/fr\/wp-json\/wp\/v2\/posts\/558399\/revisions"}],"wp:featuredmedia":[{"embeddable":true,"href":"https:\/\/www.europesays.com\/fr\/wp-json\/wp\/v2\/media\/558400"}],"wp:attachment":[{"href":"https:\/\/www.europesays.com\/fr\/wp-json\/wp\/v2\/media?parent=558399"}],"wp:term":[{"taxonomy":"category","embeddable":true,"href":"https:\/\/www.europesays.com\/fr\/wp-json\/wp\/v2\/categories?post=558399"},{"taxonomy":"post_tag","embeddable":true,"href":"https:\/\/www.europesays.com\/fr\/wp-json\/wp\/v2\/tags?post=558399"}],"curies":[{"name":"wp","href":"https:\/\/api.w.org\/{rel}","templated":true}]}}