{"id":558414,"date":"2025-11-25T20:47:13","date_gmt":"2025-11-25T20:47:13","guid":{"rendered":"https:\/\/www.europesays.com\/fr\/558414\/"},"modified":"2025-11-25T20:47:13","modified_gmt":"2025-11-25T20:47:13","slug":"gaviria-rebondit-en-d2-sports","status":"publish","type":"post","link":"https:\/\/www.europesays.com\/fr\/558414\/","title":{"rendered":"Gaviria rebondit en D2 : Sports"},"content":{"rendered":"<p class=\"date\">\n                                                            Aur\u00e9lie Sacchelli, Media365, publi\u00e9 le mardi 25 novembre 2025 \u00e0 18h45\n                                                    <\/p>\n<p>Apr\u00e8s trois saisons en demi-teinte chez Movistar, le sprinteur colombien de 31 ans Fernando Gaviria s&rsquo;est engag\u00e9 avec une autre \u00e9quipe espagnole, Caja Rural, qui \u00e9volue en deuxi\u00e8me division.<\/p>\n<p>Fernando Gaviria quitte le World Tour pour tenter de relancer sa carri\u00e8re. A 31 ans, le sprinteur colombien vient de passer trois saisons chez Movistar, o\u00f9 il n&rsquo;a d\u00e9croch\u00e9 que trois victoires : une \u00e9tape du Tour de San Juan (en Argentine) et du Tour de Romandie en 2023, et une \u00e9tape du Tour de Colombie en 2024. Un bilan modeste qui a conduit l&rsquo;\u00e9quipe espagnole \u00e0 ne pas prolonger le contrat de celui qui \u00e9tait arriv\u00e9 en 2023 apr\u00e8s quatre saisons chez UAE Emirates. <strong>Alors que la plupart des \u00e9quipes sont d\u00e9sormais compl\u00e8tes pour 2026, le Colombien a trouv\u00e9 un point de chute ce mardi, et il s&rsquo;agit d&rsquo;une autre \u00e9quipe espagnole, Caja Rural, qui \u00e9volue en deuxi\u00e8me division<\/strong>, et dont il sera, et de loin, le coureur le plus connu et le plus exp\u00e9riment\u00e9 (sans compter Eduard Prades, \u00e2g\u00e9 de 38 ans).<\/p>\n<p>Objectif Vuelta pour Gaviria<\/p>\n<p>\u00ab Ce qui m&rsquo;a le plus motiv\u00e9 \u00e0 rejoindre Caja Rural-Seguros RGA, c&rsquo;est la conversation que j&rsquo;ai eue avec l&rsquo;\u00e9quipe, qui m&rsquo;a donn\u00e9 le sentiment d&rsquo;\u00eatre le bienvenu, a r\u00e9agi Fernando Gaviria. D\u00e9sormais, mon objectif est de travailler dur, d&rsquo;aider l&rsquo;\u00e9quipe \u00e0 donner le meilleur d&rsquo;elle-m\u00eame et de tenter de remporter des victoires.<strong> Participer \u00e0 un Grand Tour serait exceptionnel, et tenter de gagner une \u00e9tape dans chacun des trois Grands Tours, \u00e0 l&rsquo;occasion de de la Vuelta, serait vraiment passionnant.<\/strong> \u00bb Vainqueur \u00e0 52 reprises durant sa carri\u00e8re, le sprinteur colombien a triomph\u00e9 \u00e0 deux reprises sur le Tour de France 2018 (il a m\u00eame port\u00e9 le maillot jaune pendant une journ\u00e9e) et cinq fois sur le Giro (en 2017, o\u00f9 il a port\u00e9 le maillot rose pendant une journ\u00e9e, et en 2019).<\/p>\n<p>En revanche, il n&rsquo;a jamais lev\u00e9 les bras sur la Vuelta, qu&rsquo;il n&rsquo;a disput\u00e9e qu&rsquo;une seule fois (en 2019). Mais le Tour d&rsquo;Espagne est probablement le seul Grand Tour auquel il pourra participer, l&rsquo;\u00e9quipe Caja Rural ayant l&rsquo;habitude d&rsquo;\u00eatre invit\u00e9e.<\/p>\n","protected":false},"excerpt":{"rendered":"Aur\u00e9lie Sacchelli, Media365, publi\u00e9 le mardi 25 novembre 2025 \u00e0 18h45 Apr\u00e8s trois saisons en demi-teinte chez Movistar,&hellip;\n","protected":false},"author":2,"featured_media":558415,"comment_status":"","ping_status":"","sticky":false,"template":"","format":"standard","meta":{"footnotes":""},"categories":[1411],"tags":[1154,207,1011,27,60],"class_list":{"0":"post-558414","1":"post","2":"type-post","3":"status-publish","4":"format-standard","5":"has-post-thumbnail","7":"category-cyclisme","8":"tag-cycling","9":"tag-cyclisme","10":"tag-fr","11":"tag-france","12":"tag-sports"},"share_on_mastodon":{"url":"https:\/\/pubeurope.com\/@fr\/115612303005563600","error":""},"_links":{"self":[{"href":"https:\/\/www.europesays.com\/fr\/wp-json\/wp\/v2\/posts\/558414","targetHints":{"allow":["GET"]}}],"collection":[{"href":"https:\/\/www.europesays.com\/fr\/wp-json\/wp\/v2\/posts"}],"about":[{"href":"https:\/\/www.europesays.com\/fr\/wp-json\/wp\/v2\/types\/post"}],"author":[{"embeddable":true,"href":"https:\/\/www.europesays.com\/fr\/wp-json\/wp\/v2\/users\/2"}],"replies":[{"embeddable":true,"href":"https:\/\/www.europesays.com\/fr\/wp-json\/wp\/v2\/comments?post=558414"}],"version-history":[{"count":0,"href":"https:\/\/www.europesays.com\/fr\/wp-json\/wp\/v2\/posts\/558414\/revisions"}],"wp:featuredmedia":[{"embeddable":true,"href":"https:\/\/www.europesays.com\/fr\/wp-json\/wp\/v2\/media\/558415"}],"wp:attachment":[{"href":"https:\/\/www.europesays.com\/fr\/wp-json\/wp\/v2\/media?parent=558414"}],"wp:term":[{"taxonomy":"category","embeddable":true,"href":"https:\/\/www.europesays.com\/fr\/wp-json\/wp\/v2\/categories?post=558414"},{"taxonomy":"post_tag","embeddable":true,"href":"https:\/\/www.europesays.com\/fr\/wp-json\/wp\/v2\/tags?post=558414"}],"curies":[{"name":"wp","href":"https:\/\/api.w.org\/{rel}","templated":true}]}}