{"id":558416,"date":"2025-11-25T20:48:13","date_gmt":"2025-11-25T20:48:13","guid":{"rendered":"https:\/\/www.europesays.com\/fr\/558416\/"},"modified":"2025-11-25T20:48:13","modified_gmt":"2025-11-25T20:48:13","slug":"youth-league-compo-toutes-les-infos-avant-le-choc-de-ligue-des-champions","status":"publish","type":"post","link":"https:\/\/www.europesays.com\/fr\/558416\/","title":{"rendered":"Youth league, compo&#8230; toutes les infos avant le choc de Ligue des champions"},"content":{"rendered":"<p>34&prime; Paixao glisse&#8230; puis fait passer un frisson<\/p>\n<p>L&rsquo;OM pousse dans cette fin de premi\u00e8re p\u00e9riode, et sur un centre au deuxi\u00e8me poteau repouss\u00e9, Paixao contr\u00f4le en pensant frapper&#8230; avant de glisser. Heureusement, Balerdi d\u00e9fend bien, et le ballon finit par revenir sur le Br\u00e9silien, qui tente sa chance en enroulant sa frappe. C&rsquo;est bien essay\u00e9, mais \u00e7a vient mourir au pied du poteau de Pope.<\/p>\n","protected":false},"excerpt":{"rendered":"34&prime; Paixao glisse&#8230; puis fait passer un frisson L&rsquo;OM pousse dans cette fin de premi\u00e8re p\u00e9riode, et sur&hellip;\n","protected":false},"author":2,"featured_media":558417,"comment_status":"","ping_status":"","sticky":false,"template":"","format":"standard","meta":{"footnotes":""},"categories":[1410],"tags":[63,1011,27,447,149,60],"class_list":{"0":"post-558416","1":"post","2":"type-post","3":"status-publish","4":"format-standard","5":"has-post-thumbnail","7":"category-football","8":"tag-football","9":"tag-fr","10":"tag-france","11":"tag-ligue-des-champions","12":"tag-om","13":"tag-sports"},"share_on_mastodon":{"url":"https:\/\/pubeurope.com\/@fr\/115612306893304862","error":""},"_links":{"self":[{"href":"https:\/\/www.europesays.com\/fr\/wp-json\/wp\/v2\/posts\/558416","targetHints":{"allow":["GET"]}}],"collection":[{"href":"https:\/\/www.europesays.com\/fr\/wp-json\/wp\/v2\/posts"}],"about":[{"href":"https:\/\/www.europesays.com\/fr\/wp-json\/wp\/v2\/types\/post"}],"author":[{"embeddable":true,"href":"https:\/\/www.europesays.com\/fr\/wp-json\/wp\/v2\/users\/2"}],"replies":[{"embeddable":true,"href":"https:\/\/www.europesays.com\/fr\/wp-json\/wp\/v2\/comments?post=558416"}],"version-history":[{"count":0,"href":"https:\/\/www.europesays.com\/fr\/wp-json\/wp\/v2\/posts\/558416\/revisions"}],"wp:featuredmedia":[{"embeddable":true,"href":"https:\/\/www.europesays.com\/fr\/wp-json\/wp\/v2\/media\/558417"}],"wp:attachment":[{"href":"https:\/\/www.europesays.com\/fr\/wp-json\/wp\/v2\/media?parent=558416"}],"wp:term":[{"taxonomy":"category","embeddable":true,"href":"https:\/\/www.europesays.com\/fr\/wp-json\/wp\/v2\/categories?post=558416"},{"taxonomy":"post_tag","embeddable":true,"href":"https:\/\/www.europesays.com\/fr\/wp-json\/wp\/v2\/tags?post=558416"}],"curies":[{"name":"wp","href":"https:\/\/api.w.org\/{rel}","templated":true}]}}