{"id":558418,"date":"2025-11-25T20:49:11","date_gmt":"2025-11-25T20:49:11","guid":{"rendered":"https:\/\/www.europesays.com\/fr\/558418\/"},"modified":"2025-11-25T20:49:11","modified_gmt":"2025-11-25T20:49:11","slug":"nouveau-drame-dans-le-dossier-bertrand-cantat-le-dernier-compagnon-de-krisztina-rady-decedee-en-2010-retrouve-mort-a-son-tour-dans-ce-qui-semble-etre-un-nouveau-suicide-il-avait-temoigne-dans-un","status":"publish","type":"post","link":"https:\/\/www.europesays.com\/fr\/558418\/","title":{"rendered":"Nouveau drame dans le dossier Bertrand Cantat : Le dernier compagnon de Krisztina R\u00e1dy d\u00e9c\u00e9d\u00e9e en 2010, retrouv\u00e9 mort \u00e0 son tour, dans ce qui semble \u00eatre un nouveau suicide &#8211; Il avait t\u00e9moign\u00e9 dans un doc sur le chanteur pour Netflix"},"content":{"rendered":"<p>Un nouveau drame vient assombrir le dossier de Bertrand Cantat. Fran\u00e7ois Saubadu, \u00e2g\u00e9 de 59 ans, a \u00e9t\u00e9 retrouv\u00e9 mort \u00e0 son domicile de M\u00e9rignac, pr\u00e8s de Bordeaux. Selon les premi\u00e8res informations, son corps a \u00e9t\u00e9 d\u00e9couvert dans des circonstances jug\u00e9es \u00ab troublantes \u00bb par les enqu\u00eateurs, qui ont imm\u00e9diatement ouvert une enqu\u00eate afin de d\u00e9terminer les causes exactes du d\u00e9c\u00e8s.<\/p>\n<p>Cette disparition intervient quelques semaines seulement apr\u00e8s la sortie sur Netflix du documentaire \u00ab De rockstar \u00e0 tueur : le cas Cantat \u00bb, qui revient longuement sur la mort de Marie Trintignant en 2003 et sur les violences all\u00e9gu\u00e9es contre Krisztina R\u00e1dy, l\u2019ex-compagne de Bertrand Cantat d\u00e9c\u00e9d\u00e9e en 2010.<\/p>\n<p>Dans ce documentaire, Fran\u00e7ois Saubadu est pr\u00e9sent\u00e9 comme le dernier compagnon de Krisztina R\u00e1dy et l\u2019un des t\u00e9moins cl\u00e9s. Il y \u00e9voque la d\u00e9tresse de Krisztina dans les mois pr\u00e9c\u00e9dant son suicide, d\u00e9crivant une relation \u00ab d\u2019emprise psychologique totale \u00bb. Il affirme que la jeune femme vivait \u00ab dans un climat de peur permanent \u00bb et que ses proches, dont lui-m\u00eame, avaient tent\u00e9 de l\u2019aider \u00e0 sortir d\u2019un cycle destructeur.<\/p>\n<p>Depuis la diffusion du documentaire, l\u2019affaire a pris une nouvelle dimension m\u00e9diatique et judiciaire. Face aux nombreux t\u00e9moignages et documents r\u00e9v\u00e9l\u00e9s, le parquet de Bordeaux a d\u00e9cid\u00e9 de r\u00e9examiner certains \u00e9l\u00e9ments du dossier afin d\u2019\u00e9valuer si de nouvelles investigations s\u2019imposaient. La mort de Saubadu bouleverse d\u00e9sormais le paysage.<\/p>\n<p>Plusieurs proches \u00e9voquent un homme \u00ab marqu\u00e9 \u00bb par le poids de cette histoire et encore affect\u00e9 par l\u2019attention nationale suscit\u00e9e par Netflix. D\u2019autres r\u00e9clament que toute la lumi\u00e8re soit faite sur ce d\u00e9c\u00e8s, estimant qu\u2019il pose des questions graves sur l\u2019environnement de pression qui entoure les t\u00e9moins.<\/p>\n<p>Pour les associations de lutte contre les violences conjugales, cette disparition vient rappeler la n\u00e9cessit\u00e9 de prot\u00e9ger les t\u00e9moins et de ne pas \u00ab laisser le silence reprendre le dessus \u00bb.<\/p>\n<p>Elles soulignent que le documentaire a permis de remettre sur la table un sujet qui divise encore profond\u00e9ment : la responsabilit\u00e9 morale et judiciaire de Bertrand Cantat dans l\u2019engrenage qui a conduit \u00e0 plusieurs drames.<\/p>\n<p>Aujourd\u2019hui, l\u2019attente est forte. La famille demande discr\u00e9tion, les enqu\u00eateurs restent silencieux, et les r\u00e9actions continuent d\u2019affluer.<\/p>\n<p>\u00a0<\/p>\n","protected":false},"excerpt":{"rendered":"Un nouveau drame vient assombrir le dossier de Bertrand Cantat. Fran\u00e7ois Saubadu, \u00e2g\u00e9 de 59 ans, a \u00e9t\u00e9&hellip;\n","protected":false},"author":2,"featured_media":558419,"comment_status":"","ping_status":"","sticky":false,"template":"","format":"standard","meta":{"footnotes":""},"categories":[1359],"tags":[456,58,59,1011,27,42495,973,5748],"class_list":{"0":"post-558418","1":"post","2":"type-post","3":"status-publish","4":"format-standard","5":"has-post-thumbnail","7":"category-people","8":"tag-bertrand-cantat","9":"tag-divertissement","10":"tag-entertainment","11":"tag-fr","12":"tag-france","13":"tag-krisztina-rady","14":"tag-people","15":"tag-suicide"},"share_on_mastodon":{"url":"https:\/\/pubeurope.com\/@fr\/115612310855827034","error":""},"_links":{"self":[{"href":"https:\/\/www.europesays.com\/fr\/wp-json\/wp\/v2\/posts\/558418","targetHints":{"allow":["GET"]}}],"collection":[{"href":"https:\/\/www.europesays.com\/fr\/wp-json\/wp\/v2\/posts"}],"about":[{"href":"https:\/\/www.europesays.com\/fr\/wp-json\/wp\/v2\/types\/post"}],"author":[{"embeddable":true,"href":"https:\/\/www.europesays.com\/fr\/wp-json\/wp\/v2\/users\/2"}],"replies":[{"embeddable":true,"href":"https:\/\/www.europesays.com\/fr\/wp-json\/wp\/v2\/comments?post=558418"}],"version-history":[{"count":0,"href":"https:\/\/www.europesays.com\/fr\/wp-json\/wp\/v2\/posts\/558418\/revisions"}],"wp:featuredmedia":[{"embeddable":true,"href":"https:\/\/www.europesays.com\/fr\/wp-json\/wp\/v2\/media\/558419"}],"wp:attachment":[{"href":"https:\/\/www.europesays.com\/fr\/wp-json\/wp\/v2\/media?parent=558418"}],"wp:term":[{"taxonomy":"category","embeddable":true,"href":"https:\/\/www.europesays.com\/fr\/wp-json\/wp\/v2\/categories?post=558418"},{"taxonomy":"post_tag","embeddable":true,"href":"https:\/\/www.europesays.com\/fr\/wp-json\/wp\/v2\/tags?post=558418"}],"curies":[{"name":"wp","href":"https:\/\/api.w.org\/{rel}","templated":true}]}}