{"id":558421,"date":"2025-11-25T20:52:16","date_gmt":"2025-11-25T20:52:16","guid":{"rendered":"https:\/\/www.europesays.com\/fr\/558421\/"},"modified":"2025-11-25T20:52:16","modified_gmt":"2025-11-25T20:52:16","slug":"je-me-demandais-si-elle-etait-vraiment-inculte","status":"publish","type":"post","link":"https:\/\/www.europesays.com\/fr\/558421\/","title":{"rendered":"Je me demandais si elle \u00e9tait vraiment inculte"},"content":{"rendered":"<p>Christine Bravo a fait forte impression pour sa premi\u00e8re dans Tout beau, tout neuf ce mardi 25 novembre sur W9. La chroniqueuse a (d\u00e9j\u00e0) bien pris ses aises en se permettant certaines remarques envers Polska et&#8230; Cyril Hanouna ! <\/p>\n<p>\u00c0 l&rsquo;antenne depuis bient\u00f4t quatre mois, Tout beau, tout neuf s\u00e9duit chaque soir plus d&rsquo;un million de t\u00e9l\u00e9spectateurs. Et ils ne semblent pas \u00eatre les seuls \u00e0 \u00eatre conquis par le programme de Cyril Hanouna. Ces derni\u00e8res semaines, <a href=\"https:\/\/www.programme-tv.net\/news\/tv\/390592-tout-beau-tout-neuf-une-nouvelle-chroniqueuse-remplace-isabelle-morini-bosc-dans-l-emission-de-cyril-hanouna-et-ce-n-est-pas-une-inconnue-pour-les-fans-de-tpmp\/\" data-api-deeplink=\"teleloisirs:\/\/news\/390592\" target=\"_blank\" rel=\"noopener\">deux recrues ont rejoint ce talk-show<\/a>, l&rsquo;un des plus suivis de France. Apr\u00e8s <a href=\"https:\/\/www.programme-tv.net\/biographie\/387941-deshayes-fiona\/\" data-link-people=\"676f23a9-c349-41f3-9fcc-20eab06f3b46\" target=\"_blank\" rel=\"noopener\">Fiona Deshayes<\/a>, qui <a href=\"https:\/\/www.programme-tv.net\/news\/tv\/392408-tout-beau-tout-neuf-pourquoi-isabelle-morini-bosc-est-elle-absente-cette-semaine\/\" data-api-deeplink=\"teleloisirs:\/\/news\/392408\" target=\"_blank\" rel=\"noopener\">remplace Isabelle Morini-Bosc<\/a>, c&rsquo;est Christine Bravo qui a \u00e9t\u00e9 embauch\u00e9e par H2O productions. Annonc\u00e9e au d\u00e9but du mois, <a href=\"https:\/\/www.programme-tv.net\/news\/tv\/391913-il-faut-arreter-matthieu-delormeau-et-christine-bravo-reglent-leurs-comptes-dans-tout-beau-tout-neuf-cyril-hanouna-tente-de-les-reconcilier\/\" data-api-deeplink=\"teleloisirs:\/\/news\/391913\" target=\"_blank\" rel=\"noopener\">son arriv\u00e9e &#8211; qui a beaucoup fait parler<\/a> &#8211; a finalement eu lieu ce mardi 25 novembre. Et le moins que l&rsquo;on puisse dire est que l&rsquo;animatrice et chroniqueuse a fait <a href=\"https:\/\/www.programme-tv.net\/news\/tv\/391478-christine-bravo-devient-chroniqueuse-dans-tout-beau-tout-neuf-cyril-hanouna-tres-heureux-de-l-accueillir-dans-l-emission-video\/\" data-api-deeplink=\"teleloisirs:\/\/news\/391478\" target=\"_blank\" rel=\"noopener\">ses premiers pas dans l&rsquo;\u00e9mission<\/a> en restant fid\u00e8le \u00e0 elle-m\u00eame, l&rsquo;habitu\u00e9e des plateaux t\u00e9l\u00e9 n&rsquo;ayant pas h\u00e9sit\u00e9 \u00e0 exprimer franchement son avis sur certaines personnalit\u00e9s pr\u00e9sentes ce soir-l\u00e0 \u00e0 ses c\u00f4t\u00e9s.<\/p>\n<p>Avant m\u00eame que Cyril Hanouna ne l&rsquo;introduise, Christine Bravo n&rsquo;avait d&rsquo;yeux que pour le pantalon \u00ab\u00a0skinny\u00a0\u00bb, si ce n&rsquo;est trop serr\u00e9, du patron. \u00ab\u00a0C&rsquo;est la premi\u00e8re chose que j&rsquo;ai dite \u00e0 <a href=\"https:\/\/www.programme-tv.net\/biographie\/9864-benaim-valerie\/\" data-link-people=\"94df6d69-972b-4696-b537-3e0e6060c661\" target=\"_blank\" rel=\"noopener\">Val\u00e9rie [B\u00e9na\u00efm<\/a>] quand je suis arriv\u00e9e (&#8230;) Ce n&rsquo;est pas normal ! <b>Au bout de temps d&rsquo;ann\u00e9es \u00e0 la t\u00e9l\u00e9vision, je n&rsquo;ai jamais vu un animateur arriv\u00e9 comme \u00e7a <\/b>avec un moule boules. Je n&rsquo;ai jamais vu \u00e7a\u00a0\u00bb, a assur\u00e9 celle qui a commenc\u00e9 sa carri\u00e8re dans les ann\u00e9es 1980. Le principal concern\u00e9 a donc pr\u00e9sent\u00e9 ses excuses \u00e0 sa cons\u0153ur qui&#8230; n&rsquo;en d\u00e9mordait pas ! \u00ab\u00a0Non mais d\u00e9j\u00e0 c&rsquo;est mieux qu&rsquo;hier et votre t-shirt Shein l\u00e0, ce n&rsquo;est pas possible ! Vous avez pr\u00e9sent\u00e9 l&rsquo;\u00e9mission avec un t-shirt&#8230; <b>Je ne sais pas o\u00f9 vous avez achet\u00e9 \u00e7a, ce n&rsquo;\u00e9tait pas \u00e9l\u00e9gant<\/b>\u00ab\u00a0, a martel\u00e9 la sexag\u00e9naire bien en forme. Car \u00e0 la suite de ce point mode, ce fut \u00e0 l&rsquo;influenceuse du groupe d&rsquo;en prendre pour son grade. \u00ab\u00a0Je suis tr\u00e8s naturaliste et j&rsquo;aime bien les esp\u00e8ces rares. <b>Pour moi, Polska est une esp\u00e8ce rare, je me pose plein de questions<\/b>\u00ab\u00a0, a d\u00e9clar\u00e9<a href=\"https:\/\/www.programme-tv.net\/news\/tv\/389390-ca-fait-moins-dargent-chacun-mais-christine-bravo-gagnante-des-traitres-devoile-ce-quelle-va-faire-de-ses-gains\/\" data-api-deeplink=\"teleloisirs:\/\/news\/389390\" target=\"_blank\" rel=\"noopener\"> la gagnante des Tra\u00eetres.<\/a> Ne sachant comment apprivoiser l&rsquo;humour sarcastique de sa nouvelle coll\u00e8gue, Polska a d\u00e9voil\u00e9 d&rsquo;un ton tr\u00e8s s\u00e9rieux \u00e0 l&rsquo;assembl\u00e9e : \u00ab\u00a0<b>Christine m&rsquo;a dit &lsquo;Sal*pe&rsquo; en loge<\/b>\u00ab\u00a0. Une \u00ab\u00a0marque d&rsquo;affection\u00a0\u00bb, selon Cyril Hanouna, qui n&rsquo;a pas vraiment plu \u00e0 la jeune femme de 26 ans.<\/p>\n<p>            Christine Bravo interloqu\u00e9e par une chroniqueuse de Tout beau, tout neuf<\/p>\n<p>Sans chercher \u00e0 se faire pardonner, Christine Bravo a simplement partag\u00e9 sa r\u00e9flexion sur <a href=\"https:\/\/www.programme-tv.net\/news\/people\/391270-tu-m-as-trompee-humiliee-pris-de-l-oseille-polska-se-confie-sur-sa-rupture-douloureuse-avec-son-ex-petit-ami-et-evoque-le-soutien-de-cyril-hanouna\/\" data-api-deeplink=\"teleloisirs:\/\/news\/391270\" target=\"_blank\" rel=\"noopener\">Polska<\/a> : \u00ab\u00a0<b>Je me demandais si elle \u00e9tait vraiment inculte<\/b> et j&rsquo;ai eu un doute. Parce que j&rsquo;ai regard\u00e9 l&rsquo;\u00e9mission hier, et quand vous lui demandez o\u00f9 se situe la muraille de Chine et qu&rsquo;elle r\u00e9pond en Tha\u00eflande, l\u00e0, ce n&rsquo;est plus de l&rsquo;inculture. <b>Soit elle est b\u00eate, soit elle fait expr\u00e8s et est maline<\/b>\u00ab\u00a0. L&rsquo;int\u00e9ress\u00e9e s&rsquo;est pass\u00e9e de commentaires.<\/p>\n","protected":false},"excerpt":{"rendered":"Christine Bravo a fait forte impression pour sa premi\u00e8re dans Tout beau, tout neuf ce mardi 25 novembre&hellip;\n","protected":false},"author":2,"featured_media":558422,"comment_status":"","ping_status":"","sticky":false,"template":"","format":"standard","meta":{"footnotes":""},"categories":[1356],"tags":[31049,244,1083,58,59,1011,27,22496,252,22497,49534,1364,2395,1630],"class_list":{"0":"post-558421","1":"post","2":"type-post","3":"status-publish","4":"format-standard","5":"has-post-thumbnail","7":"category-television","8":"tag-christine-bravo","9":"tag-commentaire","10":"tag-cyril-hanouna","11":"tag-divertissement","12":"tag-entertainment","13":"tag-fr","14":"tag-france","15":"tag-polska","16":"tag-television","17":"tag-tout-beau","18":"tag-tout-n9uf","19":"tag-tv","20":"tag-w9","21":"tag-zapping"},"share_on_mastodon":{"url":"https:\/\/pubeurope.com\/@fr\/115612322678853987","error":""},"_links":{"self":[{"href":"https:\/\/www.europesays.com\/fr\/wp-json\/wp\/v2\/posts\/558421","targetHints":{"allow":["GET"]}}],"collection":[{"href":"https:\/\/www.europesays.com\/fr\/wp-json\/wp\/v2\/posts"}],"about":[{"href":"https:\/\/www.europesays.com\/fr\/wp-json\/wp\/v2\/types\/post"}],"author":[{"embeddable":true,"href":"https:\/\/www.europesays.com\/fr\/wp-json\/wp\/v2\/users\/2"}],"replies":[{"embeddable":true,"href":"https:\/\/www.europesays.com\/fr\/wp-json\/wp\/v2\/comments?post=558421"}],"version-history":[{"count":0,"href":"https:\/\/www.europesays.com\/fr\/wp-json\/wp\/v2\/posts\/558421\/revisions"}],"wp:featuredmedia":[{"embeddable":true,"href":"https:\/\/www.europesays.com\/fr\/wp-json\/wp\/v2\/media\/558422"}],"wp:attachment":[{"href":"https:\/\/www.europesays.com\/fr\/wp-json\/wp\/v2\/media?parent=558421"}],"wp:term":[{"taxonomy":"category","embeddable":true,"href":"https:\/\/www.europesays.com\/fr\/wp-json\/wp\/v2\/categories?post=558421"},{"taxonomy":"post_tag","embeddable":true,"href":"https:\/\/www.europesays.com\/fr\/wp-json\/wp\/v2\/tags?post=558421"}],"curies":[{"name":"wp","href":"https:\/\/api.w.org\/{rel}","templated":true}]}}