{"id":558427,"date":"2025-11-25T20:55:12","date_gmt":"2025-11-25T20:55:12","guid":{"rendered":"https:\/\/www.europesays.com\/fr\/558427\/"},"modified":"2025-11-25T20:55:12","modified_gmt":"2025-11-25T20:55:12","slug":"ce-legume-vert-est-lun-des-meilleurs-pour-reduire-le-risque-de-maladie-dalzheimer","status":"publish","type":"post","link":"https:\/\/www.europesays.com\/fr\/558427\/","title":{"rendered":"Ce l\u00e9gume vert est l&rsquo;un des meilleurs pour r\u00e9duire le risque de maladie d&rsquo;Alzheimer"},"content":{"rendered":"<p class=\"ap-StoryElement ap-StoryElement--mb ap-StoryText\">Saviez-vous que la consommation de l\u00e9gumes peut aider \u00e0 maintenir votre cerveau en bonne sant\u00e9 ? En effet, des \u00e9tudes montrent que l&rsquo;alimentation a un r\u00f4le primordial notamment dans la protection des neurones contre l&rsquo;inflammation et le stress oxydatif. Ainsi, si on ne peut pas agir sur la g\u00e9n\u00e9tique, on peut mettre des choses en oeuvre pour limiter le risque de d\u00e9velopper une d\u00e9mence, telle que la maladie d&rsquo;Alzheimer.<\/p>\n<p class=\"ap-StoryElement ap-StoryElement--mb ap-StoryText\">Aupr\u00e8s du magazine am\u00e9ricain Eating Well, la chercheuse et di\u00e9t\u00e9ticienne Lisa Young le confirme : \u00ab\u00a0La maladie d&rsquo;Alzheimer est un trouble c\u00e9r\u00e9bral progressif qui affecte la m\u00e9moire et la pens\u00e9e. Si l&rsquo;\u00e2ge et la g\u00e9n\u00e9tique sont des facteurs majeurs, les choix de vie, y compris l&rsquo;alimentation, l&rsquo;exercice, le sommeil et les interactions sociales, peuvent faire une vraie diff\u00e9rence\u00a0\u00bb.<\/p>\n<p><a href=\"https:\/\/www.parismatch.be\/lifestyle\/food\/2025\/11\/19\/doit-on-reellement-bannir-les-frites-pour-une-alimentation-saine-une-experte-repond-le-plaisir-de-manger-fait-partie-de-notre-culture-QJGS4QIRERGV3PWKDZFLL6MNXQ\/\" target=\"_self\" class=\"ap-StoryInterstitialLink ap-StoryElement ap-StoryElement--mb\" rel=\"noopener\">Doit-on r\u00e9ellement bannir les frites pour une alimentation saine ? Une experte r\u00e9pond : \u00ab\u00a0Le plaisir de manger fait partie de notre culture\u00a0\u00bb<\/a><\/p>\n<p class=\"ap-StoryElement ap-StoryElement--mb ap-StoryText\">C&rsquo;est pour cela que les scientifiques se sont pench\u00e9s sur l&rsquo;impact de la consommation r\u00e9guli\u00e8re de l\u00e9gumes, verts en particulier, sur les capacit\u00e9s cognitives. Et au Japon, notamment, une \u00e9tude men\u00e9e sur 24 ann\u00e9es aupr\u00e8s de plus de 1000 adultes a r\u00e9v\u00e9l\u00e9 que les personnes qui consommaient le plus de l\u00e9gumes avaient environ 27 % de risque de d\u00e9mence en moins. Par rapport aux personnes qui mangeaient peu de l\u00e9gumes, les amateurs de l\u00e9gumes avaient 31 % de risque en moins de d\u00e9velopper la maladie d&rsquo;Alzheimer.<\/p>\n<p>Quel est le meilleur l\u00e9gume pour lutter contre le d\u00e9clin cognitif ?<\/p>\n<p class=\"ap-StoryElement ap-StoryElement--mb ap-StoryText\">Les l\u00e9gumes verts semblent \u00eatre les plus efficaces pour lutter contre le d\u00e9clin cognitif, et l&rsquo;un d&rsquo;eux en particulier se distingue par son impact positif. Il s&rsquo;agit du brocoli ! \u00ab\u00a0Le brocoli est l&rsquo;un des meilleurs l\u00e9gumes pour r\u00e9duire le risque de <a href=\"https:\/\/www.parismatch.be\/actualites\/sante\/2025\/11\/15\/et-si-la-memoire-ne-declinait-pas-forcement-avec-lage-des-scientifiques-font-une-incroyable-decouverte-qui-donne-de-lespoir-face-a-alzheimer-43BDMD7U6VAH5E4NFD2OIF5OJM\/\" target=\"_self\" rel=\"noopener\">maladie d&rsquo;Alzheimer<\/a> car il est riche en puissants antioxydants et en compos\u00e9s qui prot\u00e8gent les cellules c\u00e9r\u00e9brales de l&rsquo;inflammation et du stress oxydatif, deux moteurs cl\u00e9s du d\u00e9clin cognitif\u00a0\u00bb, a d\u00e9taill\u00e9 Lisa Young.<\/p>\n<p><a href=\"https:\/\/www.parismatch.be\/lifestyle\/food\/2025\/03\/24\/voici-les-quatre-legumes-quil-vaut-mieux-consommer-surgeles-plutot-que-frais-CRGBK2RXK5AGFBATKP5GKGIV2I\/\" target=\"_self\" class=\"ap-StoryInterstitialLink ap-StoryElement ap-StoryElement--mb\" rel=\"noopener\">Voici les quatre l\u00e9gumes qu&rsquo;il vaut mieux consommer surgel\u00e9s plut\u00f4t que frais<\/a><\/p>\n<p class=\"ap-StoryElement ap-StoryElement--mb ap-StoryText\">Les \u00ab\u00a0pouvoirs\u00a0\u00bb du brocoli s&rsquo;expliquent notamment par la pr\u00e9sence dans sa chair et ses feuilles de lut\u00e9ine, un antioxydant, mais aussi de sulforaphane, qui poss\u00e8de des propri\u00e9t\u00e9s neuroprotectrices. Le brocoli contient \u00e9galement des vitamines qui jouent un r\u00f4le dans le fonctionnement du syst\u00e8me nerveux, comme le folate par exemple.<\/p>\n<p class=\"ap-StoryElement ap-StoryElement--mb ap-StoryText\">Ne vous privez donc pas de brocoli, ce l\u00e9gume qui est aussi appr\u00e9ciable en soupe que cuit \u00e0 la vapeur ou au four. Si vous avez besoin d&rsquo;inspiration pour le cuisiner, nous vous parlions d&rsquo;ailleurs il y a quelques mois d&rsquo;une recette originale, venue du compte <a href=\"https:\/\/www.instagram.com\/charlie.ma.vie\/\" target=\"_self\" rel=\"noopener\">charlie.ma.vie<\/a> : un brocoli en cro\u00fbte de parmesan et sauce ricotta-cacahu\u00e8te.<\/p>\n<p><a href=\"https:\/\/www.parismatch.be\/lifestyle\/food\/2025\/02\/03\/la-recette-de-la-semaine-un-brocoli-en-croute-de-parmesan-et-sauce-ricotta-cacahuete-un-plat-tres-simple-a-preparer-ZYEHQAFKU5CEPPABELZQDSRRGI\/\" target=\"_self\" class=\"ap-StoryInterstitialLink ap-StoryElement ap-StoryElement--mb\" rel=\"noopener\">La recette de la semaine : un brocoli en cro\u00fbte de parmesan et sauce ricotta-cacahu\u00e8te, un plat tr\u00e8s simple \u00e0 pr\u00e9parer<\/a><script async src=\"\/\/www.instagram.com\/embed.js\"><\/script><\/p>\n","protected":false},"excerpt":{"rendered":"Saviez-vous que la consommation de l\u00e9gumes peut aider \u00e0 maintenir votre cerveau en bonne sant\u00e9 ? En effet,&hellip;\n","protected":false},"author":2,"featured_media":558428,"comment_status":"","ping_status":"","sticky":false,"template":"","format":"standard","meta":{"footnotes":""},"categories":[10],"tags":[2656,1011,27,72,30632,226,71],"class_list":{"0":"post-558427","1":"post","2":"type-post","3":"status-publish","4":"format-standard","5":"has-post-thumbnail","7":"category-sante","8":"tag-food","9":"tag-fr","10":"tag-france","11":"tag-health","12":"tag-legume","13":"tag-maladie","14":"tag-sante"},"share_on_mastodon":{"url":"https:\/\/pubeurope.com\/@fr\/115612334564930757","error":""},"_links":{"self":[{"href":"https:\/\/www.europesays.com\/fr\/wp-json\/wp\/v2\/posts\/558427","targetHints":{"allow":["GET"]}}],"collection":[{"href":"https:\/\/www.europesays.com\/fr\/wp-json\/wp\/v2\/posts"}],"about":[{"href":"https:\/\/www.europesays.com\/fr\/wp-json\/wp\/v2\/types\/post"}],"author":[{"embeddable":true,"href":"https:\/\/www.europesays.com\/fr\/wp-json\/wp\/v2\/users\/2"}],"replies":[{"embeddable":true,"href":"https:\/\/www.europesays.com\/fr\/wp-json\/wp\/v2\/comments?post=558427"}],"version-history":[{"count":0,"href":"https:\/\/www.europesays.com\/fr\/wp-json\/wp\/v2\/posts\/558427\/revisions"}],"wp:featuredmedia":[{"embeddable":true,"href":"https:\/\/www.europesays.com\/fr\/wp-json\/wp\/v2\/media\/558428"}],"wp:attachment":[{"href":"https:\/\/www.europesays.com\/fr\/wp-json\/wp\/v2\/media?parent=558427"}],"wp:term":[{"taxonomy":"category","embeddable":true,"href":"https:\/\/www.europesays.com\/fr\/wp-json\/wp\/v2\/categories?post=558427"},{"taxonomy":"post_tag","embeddable":true,"href":"https:\/\/www.europesays.com\/fr\/wp-json\/wp\/v2\/tags?post=558427"}],"curies":[{"name":"wp","href":"https:\/\/api.w.org\/{rel}","templated":true}]}}