{"id":558435,"date":"2025-11-25T20:59:17","date_gmt":"2025-11-25T20:59:17","guid":{"rendered":"https:\/\/www.europesays.com\/fr\/558435\/"},"modified":"2025-11-25T20:59:17","modified_gmt":"2025-11-25T20:59:17","slug":"en-suisse-cette-start-up-propose-100-heures-de-travail-par-semaine-pour-un-salaire-sous-la-moyenne","status":"publish","type":"post","link":"https:\/\/www.europesays.com\/fr\/558435\/","title":{"rendered":"en Suisse, cette start-up propose 100 heures de travail par semaine\u2026 pour un salaire sous la moyenne"},"content":{"rendered":"<p>Travailler plus de 14 heures par jour,<br \/>\nsans v\u00e9ritable repos hebdomadaire, le tout pour un salaire<br \/>\ninf\u00e9rieur au m\u00e9dian suisse, telle est la proposition de la start-up<br \/>\nForgis. L\u2019annonce, publi\u00e9e sur LinkedIn, a suscit\u00e9 un toll\u00e9 en<br \/>\nligne et relanc\u00e9 le d\u00e9bat sur l\u2019\u00e9quilibre entre vie professionnelle<br \/>\net vie personnelle. Le PDG, Federico Martelli, assume pleinement ce<br \/>\nmod\u00e8le inspir\u00e9 de la Silicon Valley, affirmant rechercher des \u00ab<br \/>\nmembres fondateurs \u00bb pr\u00eats \u00e0 sacrifier leur temps pour la<br \/>\ncroissance de l\u2019entreprise.<\/p>\n<p>En <a href=\"https:\/\/www.pleinevie.fr\/retraite-travail\/travail\/on-manque-de-85-000-personnes-la-suisse-recrute-avec-des-salaires-entre-3-500e-et-6-500-e-voici-les-metiers-en-question-178170.html\" target=\"_blank\" rel=\"noopener\">Suisse<\/a>, une <strong>offre<br \/>\nd\u2019emploi<\/strong> publi\u00e9e par la start-up Forgis a provoqu\u00e9 un<br \/>\nv\u00e9ritable choc. L\u2019entreprise sp\u00e9cialis\u00e9e en intelligence<br \/>\nindustrielle propose un poste de \u00ab product growth associate<br \/>\n\u00bb avec une charge de travail comprise entre 80 et 100 heures<br \/>\npar semaine. L\u2019annonce pr\u00e9cise m\u00eame que \u00ab quelques dimanches de<br \/>\nrepos \u00bb seront accord\u00e9s, mais insiste sur le fait que<br \/>\nl\u2019<strong>\u00e9quilibre vie pro\/vie perso<\/strong> n\u2019est pas une valeur<br \/>\nd\u00e9fendue par la soci\u00e9t\u00e9. \u00c0 cela s\u2019ajoute un salaire de 70 000<br \/>\nfrancs suisses par an, une r\u00e9mun\u00e9ration inf\u00e9rieure au salaire<br \/>\nm\u00e9dian national. Face aux critiques, le PDG Federico Martelli<br \/>\nrevendique une culture \u00ab Silicon Valley \u00bb et affirme que 1<br \/>\n200 personnes ont d\u00e9j\u00e0 postul\u00e9.<\/p>\n<p>Une offre d\u2019emploi hors normes pour un salaire en dessous<br \/>\nde la moyenne<br \/>\nDes horaires qui d\u00e9fient la logique<\/p>\n<p>Travailler entre 80 et 100 heures par semaine repr\u00e9sente des<br \/>\njourn\u00e9es de plus de 14 heures, sans v\u00e9ritable repos hebdomadaire.<br \/>\nCe rythme, calcul\u00e9 par <a href=\"https:\/\/www.leparisien.fr\/vie-de-bureau\/80-a-100-heures-de-travail-par-semaine-une-entreprise-suisse-cree-la-polemique-avec-son-offre-demploi-22-11-2025-MWGHMPUKTFDHPMJS25EEVMELGY.php\" target=\"_blank\" rel=\"noopener\">Le Parisien<\/a>, d\u00e9passe<br \/>\nlargement les <strong>standards europ\u00e9ens<\/strong> et suscite des<br \/>\ninqui\u00e9tudes sur la sant\u00e9 physique et mentale des<br \/>\n<strong>salari\u00e9s<\/strong>. En effet, un tel volume horaire r\u00e9duit<br \/>\nconsid\u00e9rablement le temps consacr\u00e9 au sommeil, aux loisirs et \u00e0 la<br \/>\nvie familiale. Ainsi, l\u2019annonce illustre une vision extr\u00eame du<br \/>\ntravail o\u00f9 la performance prime sur l\u2019\u00e9quilibre personnel.<\/p>\n<p>Un salaire en dessous de la moyenne suisse<\/p>\n<p>Au-del\u00e0 des horaires, le <strong>salaire<\/strong> propos\u00e9<br \/>\nrenforce la pol\u00e9mique, souligne <a href=\"https:\/\/www.huffingtonpost.fr\/international\/article\/en-suisse-cette-offre-d-emploi-avec-jusqu-a-100-heures-de-travail-par-semaine-suscite-un-tolle_257425.html\" target=\"_blank\" rel=\"noopener\">huffingtonpost.fr<\/a>. Avec 70 000<br \/>\nfrancs suisses par an (environ 75 000 euros), la r\u00e9mun\u00e9ration est<br \/>\ninf\u00e9rieure au <strong>salaire m\u00e9dian suisse<\/strong>, estim\u00e9 entre<br \/>\n78 000 et 80 000 francs. Ce d\u00e9calage choque d\u2019autant plus que la<br \/>\ncharge de travail est exceptionnelle. Certes, l\u2019offre inclut 1 %<br \/>\nd\u2019actions de l\u2019entreprise, mais cette compensation reste incertaine<br \/>\net d\u00e9pend du succ\u00e8s futur de la start-up. Ainsi, le mod\u00e8le<br \/>\n\u00e9conomique propos\u00e9 semble d\u00e9savantager les candidats, qui doivent<br \/>\nfournir un <strong>effort colossal<\/strong> pour une r\u00e9mun\u00e9ration<br \/>\ninf\u00e9rieure aux standards.<\/p>\n<p>Un profil exigeant et \u00e9litiste<\/p>\n<p>La <strong>start-up Forgis<\/strong> ne se contente pas d\u2019exiger<br \/>\nun investissement massif en temps, elle recherche des candidats<br \/>\ntitulaires d\u2019un master en sciences, issus d\u2019universit\u00e9s<br \/>\nprestigieuses telles que l\u2019ETH Zurich, Oxford ou Cambridge. Cette<br \/>\n<strong>exigence acad\u00e9mique<\/strong> renforce le caract\u00e8re \u00e9litiste<br \/>\nde l\u2019offre, r\u00e9serv\u00e9e \u00e0 une minorit\u00e9 de dipl\u00f4m\u00e9s. En cons\u00e9quence,<br \/>\nl\u2019annonce combine une s\u00e9lection drastique avec des conditions de<br \/>\ntravail extr\u00eames, ce qui accentue le sentiment d\u2019injustice relev\u00e9<br \/>\npar de nombreux observateurs.<\/p>\n<p>Une vision assum\u00e9e, mais<br \/>\ncontrovers\u00e9e<br \/>\nUne culture inspir\u00e9e de la Silicon Valley<\/p>\n<p>Le <strong>PDG Federico Martelli<\/strong> d\u00e9fend son mod\u00e8le en<br \/>\naffirmant que \u00ab c\u2019est la vie dans une start-up, style Silicon<br \/>\nValley \u00bb. Selon lui, les candidats doivent \u00eatre pr\u00eats \u00e0<br \/>\ns\u2019investir comme des \u00ab membres fondateurs \u00bb et non comme<br \/>\nde simples collaborateurs. Cette vision valorise<br \/>\nl\u2019<strong>engagement total<\/strong> et la comp\u00e9tition interne,<br \/>\npr\u00e9sent\u00e9e comme \u00ab saine \u00bb et stimulante. Toutefois, elle s\u2019oppose<br \/>\nfrontalement aux valeurs europ\u00e9ennes qui privil\u00e9gient l\u2019\u00e9quilibre<br \/>\nentre vie professionnelle et vie personnelle.<\/p>\n<p>Une franchise qui divise<\/p>\n<p>L\u2019annonce publi\u00e9e sur LinkedIn a le m\u00e9rite de la transparence.<br \/>\n\u00ab Nous ne sommes pas une famille, nous sommes des camarades en<br \/>\nmission \u00bb, peut-on y lire. Forgis revendique une logique de \u00ab<br \/>\ncoop\u00e9tition \u00bb, o\u00f9 les salari\u00e9s se soutiennent tout en se poussant<br \/>\nmutuellement \u00e0 travers une <strong>comp\u00e9tition constante<\/strong>.<br \/>\nSi certains saluent cette franchise, d\u2019autres d\u00e9noncent une culture<br \/>\nd\u2019entreprise qui normalise l\u2019\u00e9puisement et la pression permanente.<br \/>\nAinsi, la communication directe de Forgis devient \u00e0 la fois un<br \/>\nargument de s\u00e9duction et une source de<br \/>\n<strong>pol\u00e9mique<\/strong>.<\/p>\n<p>Un engouement malgr\u00e9 les critiques<\/p>\n<p>Malgr\u00e9 la pol\u00e9mique, Federico Martelli affirme que 1 200<br \/>\npersonnes ont postul\u00e9 en seulement trois jours. Ce chiffre,<br \/>\nsurprenant, montre que le mod\u00e8le attire certains <a href=\"https:\/\/www.pleinevie.fr\/retraite-travail\/travail\/la-drh-a-fait-une-grosse-bourde-elle-envoie-a-340-candidats-un-mail-de-refus-en-oubliant-de-masquer-les-adresses-ils-finissent-tous-par-se-rencontrer-dans-un-bar-173727.html\" target=\"_blank\" rel=\"noopener\">candidats<\/a>, s\u00e9duits par l\u2019id\u00e9e de<br \/>\nparticiper \u00e0 une <strong>aventure entrepreneuriale<\/strong><br \/>\nintense. Toutefois, il interroge sur les motivations de ces<br \/>\npostulants. Quoi qu\u2019il en soit, l\u2019engouement d\u00e9montre que la<br \/>\nculture du \u00ab <strong>workaholism<\/strong> \u00bb conserve des<br \/>\nadeptes, m\u00eame face aux critiques.<\/p>\n","protected":false},"excerpt":{"rendered":"Travailler plus de 14 heures par jour, sans v\u00e9ritable repos hebdomadaire, le tout pour un salaire inf\u00e9rieur au&hellip;\n","protected":false},"author":2,"featured_media":558436,"comment_status":"","ping_status":"","sticky":false,"template":"","format":"standard","meta":{"footnotes":""},"categories":[6],"tags":[35,33,34,1011,27],"class_list":{"0":"post-558435","1":"post","2":"type-post","3":"status-publish","4":"format-standard","5":"has-post-thumbnail","7":"category-economie","8":"tag-business","9":"tag-economie","10":"tag-economy","11":"tag-fr","12":"tag-france"},"share_on_mastodon":{"url":"https:\/\/pubeurope.com\/@fr\/115612350455803517","error":""},"_links":{"self":[{"href":"https:\/\/www.europesays.com\/fr\/wp-json\/wp\/v2\/posts\/558435","targetHints":{"allow":["GET"]}}],"collection":[{"href":"https:\/\/www.europesays.com\/fr\/wp-json\/wp\/v2\/posts"}],"about":[{"href":"https:\/\/www.europesays.com\/fr\/wp-json\/wp\/v2\/types\/post"}],"author":[{"embeddable":true,"href":"https:\/\/www.europesays.com\/fr\/wp-json\/wp\/v2\/users\/2"}],"replies":[{"embeddable":true,"href":"https:\/\/www.europesays.com\/fr\/wp-json\/wp\/v2\/comments?post=558435"}],"version-history":[{"count":0,"href":"https:\/\/www.europesays.com\/fr\/wp-json\/wp\/v2\/posts\/558435\/revisions"}],"wp:featuredmedia":[{"embeddable":true,"href":"https:\/\/www.europesays.com\/fr\/wp-json\/wp\/v2\/media\/558436"}],"wp:attachment":[{"href":"https:\/\/www.europesays.com\/fr\/wp-json\/wp\/v2\/media?parent=558435"}],"wp:term":[{"taxonomy":"category","embeddable":true,"href":"https:\/\/www.europesays.com\/fr\/wp-json\/wp\/v2\/categories?post=558435"},{"taxonomy":"post_tag","embeddable":true,"href":"https:\/\/www.europesays.com\/fr\/wp-json\/wp\/v2\/tags?post=558435"}],"curies":[{"name":"wp","href":"https:\/\/api.w.org\/{rel}","templated":true}]}}