{"id":558465,"date":"2025-11-25T21:19:17","date_gmt":"2025-11-25T21:19:17","guid":{"rendered":"https:\/\/www.europesays.com\/fr\/558465\/"},"modified":"2025-11-25T21:19:17","modified_gmt":"2025-11-25T21:19:17","slug":"les-musiciens-rennais-de-fatras-reviennent-a-la-scene-a-iffendic","status":"publish","type":"post","link":"https:\/\/www.europesays.com\/fr\/558465\/","title":{"rendered":"Les musiciens rennais de Fatras reviennent \u00e0 la sc\u00e8ne \u00e0 Iffendic"},"content":{"rendered":"<p>Le groupe Fatras est n\u00e9 en 2008 et n\u2019a propos\u00e9, \u00e0 partir de 2013, que des spectacles de rue\u00a0: G.A.S.T.O.N, avec le chanteur Mathieu en Monsieur Loyal pour un voyage \u00e0 travers le monde jusqu\u2019en 2018, et A l\u2019\u00e9preuve des pav\u00e9s, qui a tourn\u00e9 jusqu\u2019\u00e0 aujourd\u2019hui.<\/p>\n<p>Mais, en 2021, un besoin de changement a fait jour. \u00a0\u00c7a nous manquait, en termes de couleurs, on a eu envie de refaire un album \u00e9lectrique et de r\u00e9pondre \u00e0 des propositions de festival ou de sc\u00e8nes d\u2019\u00e9t\u00e9,raconte Mathieu, un des deux\u00a0chanteurs, <strong>mais toujours avec un c\u00f4t\u00e9 militant. Dans la rue, le spectacle est plus consensuel. Sur sc\u00e8ne, pour une partie de nos textes, c\u2019est plus engag\u00e9.<\/strong>\u00a0\u00bb<\/p>\n<p><strong>Lire aussi\u00a0:<\/strong> <a href=\"https:\/\/rennes.maville.com\/bretagne\/ille-et-vilaine\/bain-de-bretagne\/fatras-la-musique-les-mene-au-spectacle-de-rue-4944556\" target=\"_blank\" rel=\"noopener\">Fatras\u00a0: la musique les m\u00e8ne au spectacle de rue<\/a><\/p>\n<p>L\u2019ADN de Fatras<\/p>\n<p>Dans ce spectacle \u00c0 corps perdus, les chansons, issues du CD \u00e9ponyme sorti en mars\u00a02025, sont dans un style rock et m\u00e9tiss\u00e9, l\u2019ADN de Fatras. S\u2019y ajoutent des morceaux de Vie de grenier, sorti en 2008\u00a0:\u00a0<strong>Avec ces deux\u00a0styles de spectacles, de sc\u00e8ne et de rue, nous enrichissons ainsi nos propositions.<\/strong> \u00a0<\/p>\n<p><strong>Lire aussi\u00a0:<\/strong> <a href=\"https:\/\/rennes.maville.com\/actu\/actudet_-a-iffendic-la-nouvelle-creche-de-montfort-communaute-accueillera-douze-enfants-_7-7039178_actu.Htm\" target=\"_blank\" rel=\"noopener\"> \u00c0 Iffendic, la nouvelle cr\u00e8che de Montfort communaut\u00e9 accueillera douze enfants<\/a><\/p>\n<p>Depuis 2022, Fatras revient donc \u00e0 ses premi\u00e8res amours, la sc\u00e8ne, avec ce concert spectacle qui s\u2019annonce tr\u00e8s festif, organis\u00e9 par l\u2019association ACL (Art Culture et loisirs) du centre culturel de la Chambre au loup. Avec un ensemble de cuivres (\u00c9douard au saxophone, Guillaume \u00e0 la contrebasse, Romain \u00e0 la trompette, et Benjamin au trombone), batterie (Laurent), guitare (Corentin) et accord\u00e9on (Silv\u00e8re), et deux chanteurs, Mathieu et Sissou, la sc\u00e8ne promet d\u2019\u00eatre \u00e9lectrique. Les textes sont compos\u00e9s par Benjamin, qui revient dans le groupe apr\u00e8s un temps sur d\u2019autres projets.<\/p>\n<p><strong>Vendredi 28\u00a0novembre<\/strong>, \u00e0 20\u00a0h\u00a030, au Centre culturel la Chambre au loup, 1, boulevard de la Trinit\u00e9, \u00e0 Iffendic. R\u00e9servation sur HelloAsso ou par mail\u00a0: acl.iffendic@gmail.com\u00a0; tarif\u00a0: 9\u00a0\u20ac\u00a0; r\u00e9duit 5\u00a0\u20ac.<\/p>\n<p>\u00a0<\/p>\n","protected":false},"excerpt":{"rendered":"Le groupe Fatras est n\u00e9 en 2008 et n\u2019a propos\u00e9, \u00e0 partir de 2013, que des spectacles de&hellip;\n","protected":false},"author":2,"featured_media":558466,"comment_status":"","ping_status":"","sticky":false,"template":"","format":"standard","meta":{"footnotes":""},"categories":[2821],"tags":[1111,11,829,1777,674,67557,1011,27,67558,9313,12,13658,584,25,52331,7347],"class_list":{"0":"post-558465","1":"post","2":"type-post","3":"status-publish","4":"format-standard","5":"has-post-thumbnail","7":"category-rennes","8":"tag-actu","9":"tag-actualites","10":"tag-bretagne","11":"tag-eu","12":"tag-europe","13":"tag-fatras","14":"tag-fr","15":"tag-france","16":"tag-iffendic","17":"tag-musiciens","18":"tag-news","19":"tag-rennais","20":"tag-rennes","21":"tag-republique-francaise","22":"tag-reviennent","23":"tag-scene"},"share_on_mastodon":{"url":"https:\/\/pubeurope.com\/@fr\/115612428836822737","error":""},"_links":{"self":[{"href":"https:\/\/www.europesays.com\/fr\/wp-json\/wp\/v2\/posts\/558465","targetHints":{"allow":["GET"]}}],"collection":[{"href":"https:\/\/www.europesays.com\/fr\/wp-json\/wp\/v2\/posts"}],"about":[{"href":"https:\/\/www.europesays.com\/fr\/wp-json\/wp\/v2\/types\/post"}],"author":[{"embeddable":true,"href":"https:\/\/www.europesays.com\/fr\/wp-json\/wp\/v2\/users\/2"}],"replies":[{"embeddable":true,"href":"https:\/\/www.europesays.com\/fr\/wp-json\/wp\/v2\/comments?post=558465"}],"version-history":[{"count":0,"href":"https:\/\/www.europesays.com\/fr\/wp-json\/wp\/v2\/posts\/558465\/revisions"}],"wp:featuredmedia":[{"embeddable":true,"href":"https:\/\/www.europesays.com\/fr\/wp-json\/wp\/v2\/media\/558466"}],"wp:attachment":[{"href":"https:\/\/www.europesays.com\/fr\/wp-json\/wp\/v2\/media?parent=558465"}],"wp:term":[{"taxonomy":"category","embeddable":true,"href":"https:\/\/www.europesays.com\/fr\/wp-json\/wp\/v2\/categories?post=558465"},{"taxonomy":"post_tag","embeddable":true,"href":"https:\/\/www.europesays.com\/fr\/wp-json\/wp\/v2\/tags?post=558465"}],"curies":[{"name":"wp","href":"https:\/\/api.w.org\/{rel}","templated":true}]}}