{"id":558469,"date":"2025-11-25T21:21:27","date_gmt":"2025-11-25T21:21:27","guid":{"rendered":"https:\/\/www.europesays.com\/fr\/558469\/"},"modified":"2025-11-25T21:21:27","modified_gmt":"2025-11-25T21:21:27","slug":"strasbourg-a-laubette-le-rendez-vous-des-chineurs-de-noel-fait-son-retour","status":"publish","type":"post","link":"https:\/\/www.europesays.com\/fr\/558469\/","title":{"rendered":"Strasbourg. \u00c0 l\u2019Aubette, le rendez-vous des chineurs de No\u00ebl fait son retour"},"content":{"rendered":"<p>Nich\u00e9 au c\u0153ur du <a href=\"https:\/\/www.dna.fr\/d\/marche-de-noel-de-strasbourg-2d5b077a-71b9-45ee-a451-f9f5e5836c19\" target=\"_blank\" rel=\"noopener\">march\u00e9 de No\u00ebl<\/a> de Strasbourg, le <a href=\"https:\/\/www.dna.fr\/pour-sortir\/loisirs\/Salon-foire-concours-agricole\/Salons-des-antiquaires\/Alsace\/Bas-rhin\/Strasbourg\/2025\/11\/26\/Noel-de-la-brocante\" target=\"_blank\" rel=\"noopener\">No\u00ebl de la brocante<\/a> est ax\u00e9 sur l\u2019authenticit\u00e9 et la qualit\u00e9 des objets pr\u00e9sent\u00e9s que ce soit en art alsacien, arts de la table, fa\u00efences, verrerie, vintage, livres, gravures, appareils photo ou art africain. Les professionnels ont \u00e0 c\u0153ur \u00e0 la fois de proposer aux visiteurs des reflets du pass\u00e9 soigneusement s\u00e9lectionn\u00e9s et d\u2019assumer leur r\u00f4le d\u2019acteur de la protection, de la valorisation et de la transmission du patrimoine.<\/p>\n<p>Le No\u00ebl de la brocante b\u00e9n\u00e9ficie du soutien ind\u00e9fectible de l\u2019Eurom\u00e9tropole de Strasbourg et renouvelle chaque ann\u00e9e une action de solidarit\u00e9 sous forme d\u2019un don \u00e0 une association choisie par la Ville de Strasbourg.<\/p>\n<p class=\"note\">Du mercredi 26\u00a0novembre au dimanche 7\u00a0d\u00e9cembre inclus tous les jours de 11\u00a0h \u00e0 19\u00a0h. Grande salle de l\u2019Aubette, place Kl\u00e9ber \u00e0 Strasbourg.<\/p>\n","protected":false},"excerpt":{"rendered":"Nich\u00e9 au c\u0153ur du march\u00e9 de No\u00ebl de Strasbourg, le No\u00ebl de la brocante est ax\u00e9 sur l\u2019authenticit\u00e9&hellip;\n","protected":false},"author":2,"featured_media":558470,"comment_status":"","ping_status":"","sticky":false,"template":"","format":"standard","meta":{"footnotes":""},"categories":[2820],"tags":[1111,11,5738,11679,1687,2880,1777,674,107,1011,27,775,12,15830,2661,25,640,2879,3365],"class_list":{"0":"post-558469","1":"post","2":"type-post","3":"status-publish","4":"format-standard","5":"has-post-thumbnail","7":"category-strasbourg","8":"tag-actu","9":"tag-actualites","10":"tag-bourses","11":"tag-brocantes","12":"tag-culture-loisirs","13":"tag-edition-strasbourg","14":"tag-eu","15":"tag-europe","16":"tag-fil-info","17":"tag-fr","18":"tag-france","19":"tag-grand-est","20":"tag-news","21":"tag-noel","22":"tag-patrimoine-culturel","23":"tag-republique-francaise","24":"tag-strasbourg","25":"tag-strasbourg-ville","26":"tag-vide-greniers"},"share_on_mastodon":{"url":"https:\/\/pubeurope.com\/@fr\/115612437134868967","error":""},"_links":{"self":[{"href":"https:\/\/www.europesays.com\/fr\/wp-json\/wp\/v2\/posts\/558469","targetHints":{"allow":["GET"]}}],"collection":[{"href":"https:\/\/www.europesays.com\/fr\/wp-json\/wp\/v2\/posts"}],"about":[{"href":"https:\/\/www.europesays.com\/fr\/wp-json\/wp\/v2\/types\/post"}],"author":[{"embeddable":true,"href":"https:\/\/www.europesays.com\/fr\/wp-json\/wp\/v2\/users\/2"}],"replies":[{"embeddable":true,"href":"https:\/\/www.europesays.com\/fr\/wp-json\/wp\/v2\/comments?post=558469"}],"version-history":[{"count":0,"href":"https:\/\/www.europesays.com\/fr\/wp-json\/wp\/v2\/posts\/558469\/revisions"}],"wp:featuredmedia":[{"embeddable":true,"href":"https:\/\/www.europesays.com\/fr\/wp-json\/wp\/v2\/media\/558470"}],"wp:attachment":[{"href":"https:\/\/www.europesays.com\/fr\/wp-json\/wp\/v2\/media?parent=558469"}],"wp:term":[{"taxonomy":"category","embeddable":true,"href":"https:\/\/www.europesays.com\/fr\/wp-json\/wp\/v2\/categories?post=558469"},{"taxonomy":"post_tag","embeddable":true,"href":"https:\/\/www.europesays.com\/fr\/wp-json\/wp\/v2\/tags?post=558469"}],"curies":[{"name":"wp","href":"https:\/\/api.w.org\/{rel}","templated":true}]}}