{"id":558471,"date":"2025-11-25T21:22:41","date_gmt":"2025-11-25T21:22:41","guid":{"rendered":"https:\/\/www.europesays.com\/fr\/558471\/"},"modified":"2025-11-25T21:22:41","modified_gmt":"2025-11-25T21:22:41","slug":"la-cantine-marocaine-de-darness-rechauffe-strasbourg","status":"publish","type":"post","link":"https:\/\/www.europesays.com\/fr\/558471\/","title":{"rendered":"la cantine marocaine de Darness r\u00e9chauffe Strasbourg !"},"content":{"rendered":"<p>    <img loading=\"lazy\" width=\"1800\" height=\"900\" src=\"https:\/\/www.europesays.com\/fr\/wp-content\/uploads\/2025\/11\/jeanne-callthepolice.jpg\" class=\"attachment-full size-full\" alt=\"\" id=\"imageLove\" decoding=\"async\"  \/><\/p>\n<p id=\"breadcrumbs\"><a href=\"https:\/\/pokaa.fr\/\" target=\"_blank\" rel=\"noopener\">Accueil<\/a> \/ <a href=\"https:\/\/pokaa.fr\/categories\/les-bonnes-adresses\/\" target=\"_blank\" rel=\"noopener\">Bonnes adresses<\/a> \/ Petit-d\u00e9jeuner copieux \u00e0 10,90\u20ac : la cantine marocaine de Darness r\u00e9chauffe Strasbourg !<\/p>\n<p>                    Bonnes adresses<\/p>\n<p><strong>On ne parle pas assez de petits-d\u00e9jeuners par ici, alors faisons-le maintenant. \u00c0 Strasbourg, du c\u00f4t\u00e9 des Halles, on vous emm\u00e8ne chez Darness, un restaurant en forme de cantine marocaine, qui va tartiner un bon coup de gourmandise sur vos matin\u00e9es, et tout \u00e7a pour moins de 11 \u20ac !<\/strong><\/p>\n<p>Darness, c\u2019est <strong>ce restaurant marocain ouvert 7 jours sur 7<\/strong> que vous avez peut-\u00eatre d\u00e9j\u00e0 crois\u00e9 sur votre route \u00e0 Strasbourg. Situ\u00e9 <strong>rue du Faubourg-de-Saverne<\/strong>, juste \u00e0 c\u00f4t\u00e9 du centre commercial Place des Halles, le restaurant d\u2019une trentaine de couverts a profit\u00e9 d\u2019<strong>une ouverture remarqu\u00e9e \u00e0 l\u2019\u00e9t\u00e9 2022.<\/strong><\/p>\n<p>Depuis, Darness est devenu l\u2019une des adresses immanquables pour celles et ceux qui souhaitent manger <strong>un bon tajine ou un couscous de qualit\u00e9,<\/strong> ou encore <strong>ces fameux sandwichs appel\u00e9s le kazdal<\/strong>\u00a0qui ont fait le succ\u00e8s du restaurant.<\/p>\n<p>                <a href=\"https:\/\/pokaa.fr\/2022\/09\/08\/darness-la-nouvelle-cantine-marocaine-qui-cuisine-des-kazdals-pour-tout-strasbourg\/\" target=\"_blank\" rel=\"noopener\"><br \/>\n                    <img width=\"360\" height=\"270\" src=\"https:\/\/www.europesays.com\/fr\/wp-content\/uploads\/2025\/11\/image00014-1.jpeg\" class=\"attachment-card-horizontal--same-subject size-card-horizontal--same-subject wp-post-image\" alt=\"\" decoding=\"async\" loading=\"lazy\"  \/>                <\/a><\/p>\n<p>                <img width=\"375\" height=\"500\" src=\"https:\/\/www.europesays.com\/fr\/wp-content\/uploads\/2025\/11\/darness-pokaa-petit-dejeuner-marocaindarness-pokaa-petit-dejeuner-marocaindarness-pokaa-petit-dejeun.jpeg\" class=\"attachment-gallery size-gallery\" alt=\"Darness pokaa petit d\u00e9jeuner marocainDarness pokaa petit d\u00e9jeuner marocainDarness pokaa petit d\u00e9jeuner marocainIMG_7048\" data-full-url=\"https:\/\/pokaa.fr\/wp-content\/uploads\/2025\/11\/24\/darness-pokaa-petit-dejeuner-marocaindarness-pokaa-petit-dejeuner-marocaindarness-pokaa-petit-dejeuner-marocainimg-7048.jpeg\" decoding=\"async\" loading=\"lazy\"  \/>            <\/p>\n<p>                <img width=\"667\" height=\"500\" src=\"https:\/\/www.europesays.com\/fr\/wp-content\/uploads\/2025\/11\/image00025-1.jpeg\" class=\"attachment-gallery size-gallery\" alt=\"Darness restaurant Marocain\" data-full-url=\"https:\/\/www.europesays.com\/fr\/wp-content\/uploads\/2025\/11\/image00025-1.jpeg\" decoding=\"async\" loading=\"lazy\"  \/>            <\/p>\n<p>                <img width=\"375\" height=\"500\" src=\"https:\/\/www.europesays.com\/fr\/wp-content\/uploads\/2025\/11\/image00011-1.jpeg\" class=\"attachment-gallery size-gallery\" alt=\"Darness restaurant Marocain\" data-full-url=\"https:\/\/www.europesays.com\/fr\/wp-content\/uploads\/2025\/11\/image00011-1.jpeg\" decoding=\"async\" loading=\"lazy\"  \/>            <\/p>\n<p>                <img width=\"375\" height=\"500\" src=\"https:\/\/www.europesays.com\/fr\/wp-content\/uploads\/2025\/11\/image00013-1.jpeg\" class=\"attachment-gallery size-gallery\" alt=\"Darness restaurant Marocain\" data-full-url=\"https:\/\/www.europesays.com\/fr\/wp-content\/uploads\/2025\/11\/image00013-1.jpeg\" decoding=\"async\" loading=\"lazy\"  \/>            <\/p>\n<p>                <img width=\"375\" height=\"500\" src=\"https:\/\/www.europesays.com\/fr\/wp-content\/uploads\/2025\/11\/image00032.jpeg\" class=\"attachment-gallery size-gallery\" alt=\"Darness restaurant Marocain\" data-full-url=\"https:\/\/www.europesays.com\/fr\/wp-content\/uploads\/2025\/11\/image00032.jpeg\" decoding=\"async\" loading=\"lazy\"  \/>            <\/p>\n<p>                    \u00a9 Bastien Pietronave \/ Pokaa<\/p>\n<p>Mais si on vous parle du restaurant aujourd\u2019hui, c\u2019est pour<strong> une nouvelle offre de petit-d\u00e9jeuner plut\u00f4t s\u00e9duisante\u00a0et originale<\/strong>, qui vient juste de d\u00e9barquer.<\/p>\n<p>    <img width=\"800\" height=\"600\" src=\"https:\/\/www.europesays.com\/fr\/wp-content\/uploads\/2025\/11\/1764105745_402_darness-pokaa-petit-dejeuner-marocaindarness-pokaa-petit-dejeuner-marocaindarness-pokaa-petit-dejeun.jpeg\" class=\"attachment-image-size-L size-image-size-L\" alt=\"Darness pokaa petit d\u00e9jeuner marocainDarness pokaa petit d\u00e9jeuner marocainDarness pokaa petit d\u00e9jeuner marocainIMG_7081 3\" decoding=\"async\" loading=\"lazy\"  \/>         \u00a9 Bastien Pietronave \/ Pokaa <\/p>\n<p>Un bon petit-d\u00e9jeuner pour bien commencer la journ\u00e9e <\/p>\n<p>Depuis quelques semaines, <strong>du lundi au samedi compris et de 9h \u00e0 11h<\/strong>, l\u2019\u00e9quipe de Darness propose <strong>des petits-d\u00e9jeuners un peu sp\u00e9ciaux.<\/strong><\/p>\n<p><strong>\u00c0 la crois\u00e9e des chemins entre un petit-d\u00e9jeuner continental et oriental<\/strong>, on retrouve <strong>du pain batbout et du msemen<\/strong>, des \u0153ufs au plat, de la confiture, <strong>du miel et de la p\u00e2te \u00e0 tartiner<\/strong>, du beurre et du fromage, <strong>de la charcuterie de b\u0153uf<\/strong>, de la salade marocaine, <strong>du caviar d\u2019aubergine et des poivrons grill\u00e9s,<\/strong> du th\u00e9 ou du caf\u00e9.<\/p>\n<p>Le tout <strong>est servi \u00e0 table pour le prix de 10,90 \u20ac,<\/strong>\u00a0pas mal non ?<\/p>\n<p>                <img width=\"375\" height=\"500\" src=\"https:\/\/www.europesays.com\/fr\/wp-content\/uploads\/2025\/11\/1764105746_487_darness-pokaa-petit-dejeuner-marocaindarness-pokaa-petit-dejeuner-marocaindarness-pokaa-petit-dejeun.jpeg\" class=\"attachment-gallery size-gallery\" alt=\"Darness pokaa petit d\u00e9jeuner marocainDarness pokaa petit d\u00e9jeuner marocainDarness pokaa petit d\u00e9jeuner marocainIMG_7065 2\" data-full-url=\"https:\/\/pokaa.fr\/wp-content\/uploads\/2025\/11\/24\/darness-pokaa-petit-dejeuner-marocaindarness-pokaa-petit-dejeuner-marocaindarness-pokaa-petit-dejeuner-marocainimg-7065-2.jpeg\" decoding=\"async\" loading=\"lazy\"  \/>            <\/p>\n<p>                <img width=\"375\" height=\"500\" src=\"https:\/\/www.europesays.com\/fr\/wp-content\/uploads\/2025\/11\/1764105747_675_darness-pokaa-petit-dejeuner-marocaindarness-pokaa-petit-dejeuner-marocaindarness-pokaa-petit-dejeun.jpeg\" class=\"attachment-gallery size-gallery\" alt=\"Darness pokaa petit d\u00e9jeuner marocainDarness pokaa petit d\u00e9jeuner marocainDarness pokaa petit d\u00e9jeuner marocainIMG_7091\" data-full-url=\"https:\/\/pokaa.fr\/wp-content\/uploads\/2025\/11\/24\/darness-pokaa-petit-dejeuner-marocaindarness-pokaa-petit-dejeuner-marocaindarness-pokaa-petit-dejeuner-marocainimg-7091.jpeg\" decoding=\"async\" loading=\"lazy\"  \/>            <\/p>\n<p>                <img width=\"375\" height=\"500\" src=\"https:\/\/www.europesays.com\/fr\/wp-content\/uploads\/2025\/11\/1764105747_560_darness-pokaa-petit-dejeuner-marocaindarness-pokaa-petit-dejeuner-marocaindarness-pokaa-petit-dejeun.jpeg\" class=\"attachment-gallery size-gallery\" alt=\"Darness pokaa petit d\u00e9jeuner marocainDarness pokaa petit d\u00e9jeuner marocainDarness pokaa petit d\u00e9jeuner marocainIMG_7107\" data-full-url=\"https:\/\/pokaa.fr\/wp-content\/uploads\/2025\/11\/24\/darness-pokaa-petit-dejeuner-marocaindarness-pokaa-petit-dejeuner-marocaindarness-pokaa-petit-dejeuner-marocainimg-7107.jpeg\" decoding=\"async\" loading=\"lazy\"  \/>            <\/p>\n<p>                <img width=\"375\" height=\"500\" src=\"https:\/\/www.europesays.com\/fr\/wp-content\/uploads\/2025\/11\/1764105748_500_darness-pokaa-petit-dejeuner-marocaindarness-pokaa-petit-dejeuner-marocaindarness-pokaa-petit-dejeun.jpeg\" class=\"attachment-gallery size-gallery\" alt=\"Darness pokaa petit d\u00e9jeuner marocainDarness pokaa petit d\u00e9jeuner marocainDarness pokaa petit d\u00e9jeuner marocainIMG_7072 3\" data-full-url=\"https:\/\/pokaa.fr\/wp-content\/uploads\/2025\/11\/24\/darness-pokaa-petit-dejeuner-marocaindarness-pokaa-petit-dejeuner-marocaindarness-pokaa-petit-dejeuner-marocainimg-7072-3.jpeg\" decoding=\"async\" loading=\"lazy\"  \/>            <\/p>\n<p>                <img width=\"375\" height=\"500\" src=\"https:\/\/www.europesays.com\/fr\/wp-content\/uploads\/2025\/11\/1764105749_185_darness-pokaa-petit-dejeuner-marocaindarness-pokaa-petit-dejeuner-marocaindarness-pokaa-petit-dejeun.jpeg\" class=\"attachment-gallery size-gallery\" alt=\"Darness pokaa petit d\u00e9jeuner marocainDarness pokaa petit d\u00e9jeuner marocainDarness pokaa petit d\u00e9jeuner marocainIMG_7095 2\" data-full-url=\"https:\/\/pokaa.fr\/wp-content\/uploads\/2025\/11\/24\/darness-pokaa-petit-dejeuner-marocaindarness-pokaa-petit-dejeuner-marocaindarness-pokaa-petit-dejeuner-marocainimg-7095-2.jpeg\" decoding=\"async\" loading=\"lazy\"  \/>            <\/p>\n<p>                    \u00a9 Bastien Pietronave \/ Pokaa<\/p>\n<p>Si vous n\u2019\u00eates pas disponible en semaine et le samedi,<strong> un brunch est propos\u00e9 chaque dimanche d\u00e8s 11h pour 24,90 \u20ac (12,90 \u20ac pour les enfants).<\/strong><\/p>\n<p>Que ce soit <strong>pour les nouveaux petits-d\u00e9jeuners,<\/strong> le brunch, ou simplement pour venir y manger un bout, <strong>c\u2019est le moment de d\u00e9couvrir ou de red\u00e9couvrir<\/strong> ce restaurant tout simple qui fait les choses bien (et qui sera bient\u00f4t ouvert en continu toute la semaine).<\/p>\n<p>Et vous, <strong>vous connaissiez cette adresse ?<\/strong><\/p>\n<p>            Darness <\/p>\n<p>            Quoi ?<br \/>\n            Restaurant         <\/p>\n<p>                Quand ?<br \/>\n                25 Nov. 2025            <\/p>\n<p>            o\u00f9 ?<br \/>\n            14 rue du Faubourg-de-Saverne, \u00e0 Strasbourg        <\/p>\n<p>                Plus d&rsquo;infos ?<\/p>\n<p><strong><a href=\"https:\/\/www.darness.fr\/menu-2\/\" target=\"_blank\" rel=\"noopener\">Le site web<\/a><\/strong><\/p>\n<p><strong><a href=\"https:\/\/www.instagram.com\/darness_strasbourg\/\" target=\"_blank\" rel=\"noopener\">La page Instagram<\/a><\/strong><\/p>\n<p>                <img width=\"375\" height=\"500\" src=\"https:\/\/www.europesays.com\/fr\/wp-content\/uploads\/2025\/11\/image00033-1.jpeg\" class=\"attachment-gallery size-gallery\" alt=\"Darness restaurant Marocain\" data-full-url=\"https:\/\/www.europesays.com\/fr\/wp-content\/uploads\/2025\/11\/image00033-1.jpeg\" decoding=\"async\" loading=\"lazy\"  \/>            <\/p>\n<p>                <img width=\"738\" height=\"500\" src=\"https:\/\/www.europesays.com\/fr\/wp-content\/uploads\/2025\/11\/image00022-1.jpeg\" class=\"attachment-gallery size-gallery\" alt=\"Darness restaurant Marocain\" data-full-url=\"https:\/\/www.europesays.com\/fr\/wp-content\/uploads\/2025\/11\/image00022-1.jpeg\" decoding=\"async\" loading=\"lazy\"  \/>            <\/p>\n<p>                <img width=\"667\" height=\"500\" src=\"https:\/\/www.europesays.com\/fr\/wp-content\/uploads\/2025\/11\/image00020.jpeg\" class=\"attachment-gallery size-gallery\" alt=\"Darness restaurant Marocain\" data-full-url=\"https:\/\/www.europesays.com\/fr\/wp-content\/uploads\/2025\/11\/image00020.jpeg\" decoding=\"async\" loading=\"lazy\"  \/>            <\/p>\n<p>                <img width=\"667\" height=\"500\" src=\"https:\/\/www.europesays.com\/fr\/wp-content\/uploads\/2025\/11\/image00019-1.jpeg\" class=\"attachment-gallery size-gallery\" alt=\"Darness restaurant Marocain\" data-full-url=\"https:\/\/www.europesays.com\/fr\/wp-content\/uploads\/2025\/11\/image00019-1.jpeg\" decoding=\"async\" loading=\"lazy\"  \/>            <\/p>\n<p>                <img width=\"375\" height=\"500\" src=\"https:\/\/www.europesays.com\/fr\/wp-content\/uploads\/2025\/11\/image00015-1.jpeg\" class=\"attachment-gallery size-gallery\" alt=\"Darness restaurant Marocain\" data-full-url=\"https:\/\/www.europesays.com\/fr\/wp-content\/uploads\/2025\/11\/image00015-1.jpeg\" decoding=\"async\" loading=\"lazy\"  \/>            <\/p>\n<p>                <img width=\"667\" height=\"500\" src=\"https:\/\/www.europesays.com\/fr\/wp-content\/uploads\/2025\/11\/image00016-1.jpeg\" class=\"attachment-gallery size-gallery\" alt=\"Darness restaurant Marocain\" data-full-url=\"https:\/\/www.europesays.com\/fr\/wp-content\/uploads\/2025\/11\/image00016-1.jpeg\" decoding=\"async\" loading=\"lazy\"  \/>            <\/p>\n<p>                <img width=\"375\" height=\"500\" src=\"https:\/\/www.europesays.com\/fr\/wp-content\/uploads\/2025\/11\/image00008-1.jpeg\" class=\"attachment-gallery size-gallery\" alt=\"Darness restaurant Marocain\" data-full-url=\"https:\/\/www.europesays.com\/fr\/wp-content\/uploads\/2025\/11\/image00008-1.jpeg\" decoding=\"async\" loading=\"lazy\"  \/>            <\/p>\n<p>                <img width=\"375\" height=\"500\" src=\"https:\/\/www.europesays.com\/fr\/wp-content\/uploads\/2025\/11\/image00007-1.jpeg\" class=\"attachment-gallery size-gallery\" alt=\"Darness restaurant Marocain\" data-full-url=\"https:\/\/www.europesays.com\/fr\/wp-content\/uploads\/2025\/11\/image00007-1.jpeg\" decoding=\"async\" loading=\"lazy\"  \/>            <\/p>\n<p>                <img width=\"375\" height=\"500\" src=\"https:\/\/www.europesays.com\/fr\/wp-content\/uploads\/2025\/11\/image00005-1.jpeg\" class=\"attachment-gallery size-gallery\" alt=\"Darness restaurant Marocain\" data-full-url=\"https:\/\/www.europesays.com\/fr\/wp-content\/uploads\/2025\/11\/image00005-1.jpeg\" decoding=\"async\" loading=\"lazy\"  \/>            <\/p>\n<p>                    \u00a9 Bastien Pietronave \/ Pokaa<\/p>\n<p><script async src=\"\/\/www.instagram.com\/embed.js\"><\/script><\/p>\n","protected":false},"excerpt":{"rendered":"Accueil \/ Bonnes adresses \/ Petit-d\u00e9jeuner copieux \u00e0 10,90\u20ac : la cantine marocaine de Darness r\u00e9chauffe Strasbourg !&hellip;\n","protected":false},"author":2,"featured_media":558472,"comment_status":"","ping_status":"","sticky":false,"template":"","format":"standard","meta":{"footnotes":""},"categories":[2820],"tags":[1111,11,18191,67559,1777,674,1011,27,775,12,65895,67560,25,67561,640],"class_list":{"0":"post-558471","1":"post","2":"type-post","3":"status-publish","4":"format-standard","5":"has-post-thumbnail","7":"category-strasbourg","8":"tag-actu","9":"tag-actualites","10":"tag-brunch","11":"tag-darness","12":"tag-eu","13":"tag-europe","14":"tag-fr","15":"tag-france","16":"tag-grand-est","17":"tag-news","18":"tag-ou-manger","19":"tag-petit-dejeuner-strasbourg","20":"tag-republique-francaise","21":"tag-restaurant-marocain","22":"tag-strasbourg"},"share_on_mastodon":{"url":"https:\/\/pubeurope.com\/@fr\/115612442546774753","error":""},"_links":{"self":[{"href":"https:\/\/www.europesays.com\/fr\/wp-json\/wp\/v2\/posts\/558471","targetHints":{"allow":["GET"]}}],"collection":[{"href":"https:\/\/www.europesays.com\/fr\/wp-json\/wp\/v2\/posts"}],"about":[{"href":"https:\/\/www.europesays.com\/fr\/wp-json\/wp\/v2\/types\/post"}],"author":[{"embeddable":true,"href":"https:\/\/www.europesays.com\/fr\/wp-json\/wp\/v2\/users\/2"}],"replies":[{"embeddable":true,"href":"https:\/\/www.europesays.com\/fr\/wp-json\/wp\/v2\/comments?post=558471"}],"version-history":[{"count":0,"href":"https:\/\/www.europesays.com\/fr\/wp-json\/wp\/v2\/posts\/558471\/revisions"}],"wp:featuredmedia":[{"embeddable":true,"href":"https:\/\/www.europesays.com\/fr\/wp-json\/wp\/v2\/media\/558472"}],"wp:attachment":[{"href":"https:\/\/www.europesays.com\/fr\/wp-json\/wp\/v2\/media?parent=558471"}],"wp:term":[{"taxonomy":"category","embeddable":true,"href":"https:\/\/www.europesays.com\/fr\/wp-json\/wp\/v2\/categories?post=558471"},{"taxonomy":"post_tag","embeddable":true,"href":"https:\/\/www.europesays.com\/fr\/wp-json\/wp\/v2\/tags?post=558471"}],"curies":[{"name":"wp","href":"https:\/\/api.w.org\/{rel}","templated":true}]}}