{"id":558473,"date":"2025-11-25T21:23:17","date_gmt":"2025-11-25T21:23:17","guid":{"rendered":"https:\/\/www.europesays.com\/fr\/558473\/"},"modified":"2025-11-25T21:23:17","modified_gmt":"2025-11-25T21:23:17","slug":"a-nice-les-valeurs-de-cette-association-centenaire-ont-permis-lintegration-de-toute-une-communaute-par-le-sport","status":"publish","type":"post","link":"https:\/\/www.europesays.com\/fr\/558473\/","title":{"rendered":"\u00e0 Nice, les valeurs de cette association centenaire ont permis l&rsquo;int\u00e9gration de toute une communaut\u00e9 par le sport"},"content":{"rendered":"<p><strong>Depuis 1925, l\u2019Union Sportive Arm\u00e9nienne est l\u2019un des rep\u00e8res historiques de La Madeleine. Fond\u00e9 par des rescap\u00e9s du g\u00e9nocide et aujourd\u2019hui pr\u00e9sid\u00e9 par Alexandre Saradjian, le club est devenu une v\u00e9ritable \u00ab\u00a0passerelle d\u2019int\u00e9gration\u00a0\u00bb ni\u00e7oise gr\u00e2ce au sport, du basket au football en passant par l\u2019athl\u00e9tisme.<\/strong><\/p>\n<p>\u00c0 quelques encablures du stade Nicola\u00ef, la porte du si\u00e8ge est rest\u00e9e la m\u00eame, ou presque. \u00c0\u00a0l\u2019int\u00e9rieur, des photos s\u00e9pia c\u00f4toient les maillots des \u00e9quipes de basket et des fanions de tournois de football. Cent ans s\u00e9parent ces g\u00e9n\u00e9rations, mais c\u2019est toujours la m\u00eame histoire. Celle d\u2019un petit club de quartier qui a\u00a0permis \u00e0\u00a0des rescap\u00e9s du g\u00e9nocide arm\u00e9nien de devenir de vrais Ni\u00e7ois.<\/p>\n<p>\u00ab\u00a0L\u2019Union sportive arm\u00e9nienne a\u00a0\u00e9t\u00e9 fond\u00e9e en 1925 par ceux qui sont arriv\u00e9s ici en 1922. Ils n\u2019avaient plus rien, on leur a\u00a0dit\u00a0: \u2018Vous irez l\u00e0-bas, dans le Vallon de la Madeleine\u2019 \u00bb rembobine son pr\u00e9sident, Alexandre Saradjian. \u00ab\u00a0Le club, \u00e7a a\u00a0\u00e9t\u00e9 un outil d\u2019int\u00e9gration et d\u2019assimilation extraordinaire.\u00a0\u00bb<\/p>\n<p>Au d\u00e9part, l\u2019Union sportive arm\u00e9nienne n\u2019est pas un club fran\u00e7ais. \u00ab\u00a0C\u2019\u00e9tait une association \u00e9trang\u00e8re sur le sol national, jusqu\u2019en 1946, o\u00f9 elle a\u00a0\u00e9t\u00e9 \u2018naturalis\u00e9e\u2019 \u00bb rappelle-t-il, lui-m\u00eame basketteur aguerri. Entre-temps, plusieurs adh\u00e9rents ont pris les armes pour la France.<\/p>\n<p>Parmi ces figures, un nom revient\u00a0: G\u00e9rard Masbourian, ancien pr\u00e9sident, r\u00e9sistant fran\u00e7ais, proche du g\u00e9n\u00e9ral Bigeard. \u00ab\u00a0Il a\u00a0\u00e9t\u00e9 son t\u00e9moin de mariage. \u00c7a dit \u00e0\u00a0quel point les Arm\u00e9niens de Nice se sont engag\u00e9s pour leur pays d\u2019adoption.\u00a0\u00bb<\/p>\n<blockquote class=\"instagram-media\" data-instgrm-permalink=\"https:\/\/www.instagram.com\/p\/DQhqXlTjGwM\/?utm_source=ig_embed&amp;utm_campaign=loading\" data-instgrm-version=\"14\" style=\" background:#FFF; border:0; border-radius:3px; box-shadow:0 0 1px 0 rgba(0,0,0,0.5),0 1px 10px 0 rgba(0,0,0,0.15); margin: 1px; max-width:540px; min-width:326px; padding:0; width:99.375%; width:-webkit-calc(100% - 2px); width:calc(100% - 2px);\"\/>\n<p>Dans les ann\u00e9es 1920 et 1930, les fondateurs sont install\u00e9s dans ce qui deviendra la \u00ab\u00a0cit\u00e9 arm\u00e9nienne\u00a0\u00bb, plus haut sur le boulevard, autour de l\u2019\u00e9glise et, plus tard, de l\u2019\u00e9cole Barsamian. \u00ab\u00a0Le club est n\u00e9 pour s\u2019int\u00e9grer \u00e0\u00a0Nice, rencontrer les Ni\u00e7ois et les Maralpins. Au d\u00e9but, c\u2019\u00e9tait l\u2019athl\u00e9tisme et le football. Petit \u00e0\u00a0petit, le foot a\u00a0pris une place \u00e9norme.\u00a0\u00bb<\/p>\n<p>En 1974, Jacques M\u00e9decin inaugure officiellement le QG, dans ce qui n\u2019\u00e9tait \u00e0\u00a0l\u2019\u00e9poque qu\u2019un garage. \u00ab\u00a0C\u2019est devenu notre maison, notre ancrage. C\u2019est ici que l\u2019on a\u00a0vu d\u00e9filer des g\u00e9n\u00e9rations de gamins de la Madeleine, Arm\u00e9niens ou\u00a0non.\u00a0\u00bb<\/p>\n<p>D\u00e9j\u00e0 centenaire\u00a0!<\/p>\n<p>Tr\u00e8s vite, l\u2019USA cesse d\u2019\u00eatre le club d\u2019une seule communaut\u00e9. \u00ab\u00a0Les amiti\u00e9s se sont cr\u00e9\u00e9es, des mariages mixtes, des voisins qui venaient jouer. Aujourd\u2019hui, c\u2019est un club franco-arm\u00e9no-ni\u00e7ois, et tr\u00e8s clairement madeleinien\u00a0\u00bb sourit Alexandre Saradjian.<\/p>\n<p><a href=\"https:\/\/www.nice.fr\/noel-a-nice\/\" data-wpel-link=\"external\" target=\"_blank\" rel=\"external noopener noreferrer\"><img loading=\"lazy\" decoding=\"async\" width=\"300\" height=\"300\" src=\"https:\/\/www.europesays.com\/fr\/wp-content\/uploads\/2025\/11\/NoelNice_Coeur-Article-NicePresse-300x300-2.png\" alt=\"\" class=\"wp-image-260426\"\/><\/a><\/p>\n<p>Le basket est le c\u0153ur battant de la maison. \u00ab\u00a0On a\u00a0une \u00e9quipe senior loisirs et plusieurs de jeunes, de U7 \u00e0\u00a0U13.\u00a0\u00bb \u00c0\u00a0cela s\u2019ajoutent une \u00e9quipe de foot U7, un groupe de futsal loisirs, du volley mixte tourn\u00e9 vers les Euro Armenian Games, et ce qui fait l\u2019\u00e2me du si\u00e8ge\u00a0: les \u00ab\u00a0sports de table\u00a0\u00bb, comme le backgammon ou les \u00e9checs.<\/p>\n<p><img loading=\"lazy\" decoding=\"async\" width=\"1120\" height=\"630\" src=\"https:\/\/www.europesays.com\/fr\/wp-content\/uploads\/2025\/11\/3-1-1120x630.jpg\" alt=\"3 1\" class=\"wp-image-260535\" title=\"&quot;Un outil extraordinaire&quot; : \u00e0 Nice, les valeurs de cette association centenaire ont permis l'int\u00e9gration de toute une communaut\u00e9 par le sport 1\"  \/>\u00a9 Romain Boisaubert \/ Nice-Presse<\/p>\n<p>Environ 150 licenci\u00e9s font vivre ce petit monde. Depuis l\u2019apr\u00e8s-guerre, il participe \u00e0\u00a0des comp\u00e9titions europ\u00e9ennes. \u00ab\u00a0Depuis que j\u2019ai 16\u2009\u2013\u200917 ans, je prends part aux Jeux Panarm\u00e9niens et aux Euro Armenian Games. En Arm\u00e9nie, c\u2019est tr\u00e8s suivi, il y\u00a0a la t\u00e9l\u00e9 nationale, un vrai niveau, parfois avec des pros. Redonner un maillot \u2018Nice\u2019 \u00e0\u00a0ces rendez-vous, c\u2019\u00e9tait important pour\u00a0moi.\u00a0\u00bb<\/p>\n<p>Le centenaire, f\u00eat\u00e9 cet automne, a\u00a0act\u00e9 cette \u00ab\u00a0double identit\u00e9\u00a0\u00bb. Profond\u00e9ment ni\u00e7oise et li\u00e9e \u00e0\u00a0une histoire douloureuse. Tournoi international avec plus de 150 sportifs venus de Belgique, Paris, Marseille, Montpellier, Valence\u2026 grande soir\u00e9e de gala au Negresco et parrainage du boxeur Arsen Goulamirian, champion du monde WBA de 2019 \u00e0\u00a02024.<\/p>\n<blockquote class=\"instagram-media\" data-instgrm-permalink=\"https:\/\/www.instagram.com\/p\/DQhNczcDPLx\/?utm_source=ig_embed&amp;utm_campaign=loading\" data-instgrm-version=\"14\" style=\" background:#FFF; border:0; border-radius:3px; box-shadow:0 0 1px 0 rgba(0,0,0,0.5),0 1px 10px 0 rgba(0,0,0,0.15); margin: 1px; max-width:540px; min-width:326px; padding:0; width:99.375%; width:-webkit-calc(100% - 2px); width:calc(100% - 2px);\"\/>\n<p>\u00ab\u00a0J\u2019y ai re\u00e7u la m\u00e9daille d\u2019or de l\u2019Assembl\u00e9e nationale, remise par le d\u00e9put\u00e9 Bernard Chaix, et la m\u00e9daille de la Ville par Magali Altounian au nom de Christian Estrosi. C\u2019est une vraie reconnaissance de l\u2019engagement du club pour la commune et pour la France.\u00a0\u00bb<\/p>\n<p>Acteur social au milieu des difficult\u00e9s<\/p>\n<p>Le club a\u00a0d\u00fb encaisser des coups durs. Le plus symbolique\u00a0? La transformation de la salle Tony Bessi, historiquement sa \u00ab\u00a0maison\u00a0\u00bb, en \u00e9quipement d\u00e9di\u00e9 au roller-hockey. \u00ab\u00a0On a\u00a0perdu une grande partie de nos \u00e9quipes de basket. On a\u00a0d\u00fb se reporter \u00e0\u00a0l\u2019est de la ville, vers le Port. On n\u2019est plus r\u00e9sidents nulle part, on navigue.\u00a0\u00bb<\/p>\n<blockquote class=\"instagram-media\" data-instgrm-permalink=\"https:\/\/www.instagram.com\/p\/DQOmHWEjXU3\/?utm_source=ig_embed&amp;utm_campaign=loading\" data-instgrm-version=\"14\" style=\" background:#FFF; border:0; border-radius:3px; box-shadow:0 0 1px 0 rgba(0,0,0,0.5),0 1px 10px 0 rgba(0,0,0,0.15); margin: 1px; max-width:540px; min-width:326px; padding:0; width:99.375%; width:-webkit-calc(100% - 2px); width:calc(100% - 2px);\"\/>\n<p>D\u2019o\u00f9 une obsession, celle de \u00ab\u00a0r\u00e9inscrire nos \u00e9quipes sur la Madeleine. On est un club de quartier, on doit jouer\u00a0ici.\u00a0\u00bb<\/p>\n<p>En parall\u00e8le, le si\u00e8ge, lui, a\u00a0retrouv\u00e9 de la vie. Lotos, repas, petites soir\u00e9es th\u00e9matiques. \u00ab\u00a0On recr\u00e9e de la convivialit\u00e9. On fait venir des personnes \u00e2g\u00e9es, des retrait\u00e9s isol\u00e9s qui trouvent ici un r\u00f4le, une utilit\u00e9. L\u2019interg\u00e9n\u00e9rationnel, c\u2019est vraiment l\u2019esprit.\u00a0\u00bb<\/p>\n<p>\u00ab\u00a0Un gamin qui vient chez nous ne va ni dealer, ni tra\u00eener\u00a0\u00bb<\/p>\n<p>Alexandre Saradjian assume un autre objectif tr\u00e8s concret\u00a0: \u00ab\u00a0un gamin qui vient faire du foot ou du basket, le mercredi, il ne va pas dealer, il ne va pas tra\u00eener, il ne reste pas enferm\u00e9 seul chez lui. Il rencontre d\u2019autres enfants, des \u00e9ducateurs, il porte un maillot. \u00c7a cr\u00e9e un sentiment d\u2019appartenance.\u00a0\u00bb<\/p>\n<p>Le club travaille main dans la main avec les autres acteurs de la Madeleine, \u00e0\u00a0l\u2019image du<a href=\"https:\/\/nicepresse.com\/on-etait-un-quartier-oublie-mais-ca-a-change-projets-zone-30-jardins-a-nice-cette-association-de-riverains-sait-donner-de-la-voix\/\" data-wpel-link=\"internal\" target=\"_blank\" rel=\"noopener\"> comit\u00e9 de Fr\u00e9d\u00e9ric Bandezian<\/a>, fils de Jacques\u00a0Bandezian, l\u2019ancien pr\u00e9sident d\u2019honneur de\u00a0l\u2019USA.<\/p>\n<p>\u00ab\u00a0Sans les associations, le secteur ne vivrait pas de la m\u00eame fa\u00e7on. Les commer\u00e7ants font beaucoup, mais les clubs, c\u2019est la vie sociale. Les parents ont besoin que leurs enfants sortent, se d\u00e9pensent, apprennent le respect, la tol\u00e9rance, le m\u00e9rite. Le sport gomme beaucoup de diff\u00e9rences.\u00a0\u00bb<\/p>\n<p>\t<script async src=\"\/\/www.instagram.com\/embed.js\"><\/script><\/p>\n","protected":false},"excerpt":{"rendered":"Depuis 1925, l\u2019Union Sportive Arm\u00e9nienne est l\u2019un des rep\u00e8res historiques de La Madeleine. Fond\u00e9 par des rescap\u00e9s du&hellip;\n","protected":false},"author":2,"featured_media":558474,"comment_status":"","ping_status":"","sticky":false,"template":"","format":"standard","meta":{"footnotes":""},"categories":[2819],"tags":[1111,11,1777,674,1011,27,12,2401,882,25],"class_list":{"0":"post-558473","1":"post","2":"type-post","3":"status-publish","4":"format-standard","5":"has-post-thumbnail","7":"category-nice","8":"tag-actu","9":"tag-actualites","10":"tag-eu","11":"tag-europe","12":"tag-fr","13":"tag-france","14":"tag-news","15":"tag-nice","16":"tag-provence-alpes-cote-dazur","17":"tag-republique-francaise"},"share_on_mastodon":{"url":"https:\/\/pubeurope.com\/@fr\/115612445343694335","error":""},"_links":{"self":[{"href":"https:\/\/www.europesays.com\/fr\/wp-json\/wp\/v2\/posts\/558473","targetHints":{"allow":["GET"]}}],"collection":[{"href":"https:\/\/www.europesays.com\/fr\/wp-json\/wp\/v2\/posts"}],"about":[{"href":"https:\/\/www.europesays.com\/fr\/wp-json\/wp\/v2\/types\/post"}],"author":[{"embeddable":true,"href":"https:\/\/www.europesays.com\/fr\/wp-json\/wp\/v2\/users\/2"}],"replies":[{"embeddable":true,"href":"https:\/\/www.europesays.com\/fr\/wp-json\/wp\/v2\/comments?post=558473"}],"version-history":[{"count":0,"href":"https:\/\/www.europesays.com\/fr\/wp-json\/wp\/v2\/posts\/558473\/revisions"}],"wp:featuredmedia":[{"embeddable":true,"href":"https:\/\/www.europesays.com\/fr\/wp-json\/wp\/v2\/media\/558474"}],"wp:attachment":[{"href":"https:\/\/www.europesays.com\/fr\/wp-json\/wp\/v2\/media?parent=558473"}],"wp:term":[{"taxonomy":"category","embeddable":true,"href":"https:\/\/www.europesays.com\/fr\/wp-json\/wp\/v2\/categories?post=558473"},{"taxonomy":"post_tag","embeddable":true,"href":"https:\/\/www.europesays.com\/fr\/wp-json\/wp\/v2\/tags?post=558473"}],"curies":[{"name":"wp","href":"https:\/\/api.w.org\/{rel}","templated":true}]}}