{"id":558475,"date":"2025-11-25T21:24:16","date_gmt":"2025-11-25T21:24:16","guid":{"rendered":"https:\/\/www.europesays.com\/fr\/558475\/"},"modified":"2025-11-25T21:24:16","modified_gmt":"2025-11-25T21:24:16","slug":"il-avait-rappe-sur-lattentat-de-nice-le-rappeur-freeze-corleone-sera-juge-pour-apologie-du-terrorisme","status":"publish","type":"post","link":"https:\/\/www.europesays.com\/fr\/558475\/","title":{"rendered":"Il avait rapp\u00e9 sur l&rsquo;attentat de Nice : le rappeur Freeze Corleone sera jug\u00e9 pour apologie du terrorisme"},"content":{"rendered":"<ul class=\"jsx-862013697 ArticleChapo__List\">\n<li class=\"jsx-862013697 ArticleChapo__List_Item flex\">Le tribunal correctionnel de Nice a convoqu\u00e9 le rappeur Freeze Corleone le 16 f\u00e9vrier prochain pour des faits d\u2019apologie du terrorisme.<\/li>\n<li class=\"jsx-862013697 ArticleChapo__List_Item flex\">De son vrai nom Issa Lorenzo Diakhat\u00e9, l&rsquo;artiste est vis\u00e9 par plusieurs plaintes de victimes de l\u2019attentat qui a fait 86 morts sur la Promenade des Anglais le 14 juillet 2016.<\/li>\n<li class=\"jsx-862013697 ArticleChapo__List_Item flex\">Il semble se mettre dans la peau de l\u2019auteur de l\u2019attaque, dans la chanson \u00ab\u00a0Haaland\u00a0\u00bb, qui a provoqu\u00e9 l&rsquo;indignation \u00e0 sa sortie l&rsquo;an dernier.<\/li>\n<\/ul>\n<p data-module=\"article-paragraph\" class=\"jsx-3046738180 Paragraph Paragraph__End\">Il a rendez-vous avec la justice. Le rappeur Freeze Corleone est convoqu\u00e9 le 16 f\u00e9vrier 2026 devant le tribunal correctionnel de Nice pour des faits d&rsquo;apologie du terrorisme en utilisant un service de communication au public en ligne, a annonc\u00e9 le procureur de la R\u00e9publique de Nice, Damien Martinelli. Cette d\u00e9cision fait suite \u00e0 l\u2019audition libre de l\u2019artiste ce mardi 25 novembre. Apr\u00e8s avoir ignor\u00e9 plusieurs convocations, il a refus\u00e9 de r\u00e9pondre aux questions des enqu\u00eateurs.<\/p>\n<p data-module=\"article-paragraph\" class=\"jsx-3046738180 Paragraph Paragraph__End\">Freeze Corleone <a href=\"https:\/\/www.tf1info.fr\/culture\/freeze-corleone-rappe-sur-l-attentat-de-nice-enquete-ouverte-pour-apologie-du-terrorisme-2285780.html\" target=\"_blank\" rel=\"noopener\">fait l\u2019objet d\u2019une enqu\u00eate ouverte en f\u00e9vrier 2024<\/a> apr\u00e8s la sortie de la chanson \u00ab\u00a0Haaland\u00a0\u00bb. Dans ce duo avec le rappeur allemand Luciano, il semble s&rsquo;identifier \u00e0 l&rsquo;auteur de <a href=\"https:\/\/www.tf1info.fr\/justice-faits-divers\/ils-ont-besoin-de-dire-ce-qu-ils-ont-vecu-comment-les-enfants-qui-vont-temoigner-au-proces-de-l-attentat-de-nice-ont-ils-ete-prepares-2298094.html\" target=\"_blank\" rel=\"noopener\">l&rsquo;attentat du 14 juillet 2016<\/a>, qui avait fait 86 morts et des centaines de bless\u00e9s sur la Promenade des Anglais \u00e0 Nice. L&rsquo;homme avait fonc\u00e9 dans la foule \u00e0 bord d&rsquo;un poids-lourd, selon un mode op\u00e9ratoire pr\u00e9conis\u00e9 par l&rsquo;organisation \u00c9tat islamique, avant d&rsquo;\u00eatre tu\u00e9 par la police. \u00ab\u00a0En d\u00e9fense j&rsquo;suis Kalidou, t&rsquo;es Lenglet. Burberry comme un grand-p\u00e8re anglais. J&rsquo;arrive dans l&rsquo;rap comme un camion qui bombarde \u00e0 fond sur la&#8230;\u00a0\u00bb, lance le rappeur dans ce morceau sans prononcer le nom de la c\u00e9l\u00e8bre avenue qui borde la mer M\u00e9diterran\u00e9e.\u00a0<\/p>\n<p>L\u00e2ch\u00e9 par sa maison de disques pour une autre chanson<\/p>\n<p data-module=\"article-paragraph\" class=\"jsx-3046738180 Paragraph Paragraph__End\">D\u00e8s le lendemain de la publication du morceau, plusieurs \u00e9lus ni\u00e7ois avaient fait part de leur indignation. Le fondateur de l&rsquo;association de victimes Life for Nice, Jean-Claude Hubler, s&rsquo;\u00e9tait dit \u00ab\u00a0horrifi\u00e9\u00a0\u00bb. Entendues dans le cadre de l&rsquo;enqu\u00eate pr\u00e9liminaire, plusieurs victimes ont depuis d\u00e9pos\u00e9 plainte, selon le parquet. <a href=\"https:\/\/www.tf1info.fr\/culture\/freeze-corleone-au-zenith-de-lille-le-concert-du-rappeur-annule-par-la-prefecture-2286177.html\" target=\"_blank\" rel=\"noopener\">Plusieurs concerts de Freeze Corleone avaient dans la foul\u00e9e \u00e9t\u00e9 interdits \u00e0 travers la France<\/a>, en raison du risque que des propos injurieux y soient tenus.<\/p>\n<p><a href=\"https:\/\/www.tf1info.fr\/culture\/freeze-corleone-concerts-interdits-apologie-du-terrorisme-et-theories-du-complot-qui-est-vraiment-ce-rappeur-2286346.html\" rel=\"noopener\" class=\"jsx-3308031228 Link flex\" target=\"_blank\"><img decoding=\"async\" src=\"https:\/\/www.europesays.com\/fr\/wp-content\/uploads\/2025\/11\/freeze-corleone-e85f3b-0@1x.jpeg\" alt=\"Youtube\" loading=\"lazy\" importance=\"low\" fetchpriority=\"low\" class=\"\" aria-hidden=\"true\"\/><\/p>\n<p class=\"jsx-3657663356 ReadMoreArticle__Title\">Lire aussi<\/p>\n<p class=\"jsx-3657663356\">Concerts interdits, apologie du terrorisme et th\u00e9ories du complot&#8230; Qui est vraiment le rappeur Freeze Corleone ? <\/p>\n<p><\/a><\/p>\n<p data-module=\"article-paragraph\" class=\"jsx-3046738180 Paragraph Paragraph__End\">De son vrai nom Issa Lorenzo Diakhat\u00e9, cette figure marquante du rap fran\u00e7ais n&rsquo;en est pas \u00e0 ses premiers d\u00e9m\u00eal\u00e9s judiciaires. Il avait fait l&rsquo;objet d&rsquo;une enqu\u00eate en 2020 pour \u00ab\u00a0provocation \u00e0 la haine raciale\u00a0\u00bb apr\u00e8s la diffusion de clips contenant notamment des paroles telles que \u00ab\u00a0J&rsquo;arrive d\u00e9termin\u00e9 comme Adolf dans les ann\u00e9es 30\u00a0\u00bb ou \u00ab\u00a0tous les jours RAF (rien \u00e0 foutre) de la Shoah\u00a0\u00bb. Si les investigations avaient \u00e9t\u00e9 class\u00e9es sans suite, il avait \u00e9t\u00e9 l\u00e2ch\u00e9 par son label Universal Music qui s&rsquo;\u00e9tait offusqu\u00e9 de \u00ab\u00a0propos racistes inacceptables\u00a0\u00bb.<\/p>\n<p>La r\u00e9daction de TF1info avec AFP<\/p>\n","protected":false},"excerpt":{"rendered":"Le tribunal correctionnel de Nice a convoqu\u00e9 le rappeur Freeze Corleone le 16 f\u00e9vrier prochain pour des faits&hellip;\n","protected":false},"author":2,"featured_media":558476,"comment_status":"","ping_status":"","sticky":false,"template":"","format":"standard","meta":{"footnotes":""},"categories":[2819],"tags":[1111,11,1921,5581,1777,674,1011,27,1922,303,2954,67562,873,12,2401,882,3616,25,1254,133,2953],"class_list":{"0":"post-558475","1":"post","2":"type-post","3":"status-publish","4":"format-standard","5":"has-post-thumbnail","7":"category-nice","8":"tag-actu","9":"tag-actualites","10":"tag-article-video","11":"tag-attentat","12":"tag-eu","13":"tag-europe","14":"tag-fr","15":"tag-france","16":"tag-info","17":"tag-justice","18":"tag-justice-et-faits-divers","19":"tag-le-proces-de-lattentat-de-nice","20":"tag-musique","21":"tag-news","22":"tag-nice","23":"tag-provence-alpes-cote-dazur","24":"tag-rap","25":"tag-republique-francaise","26":"tag-terrorisme","27":"tag-video","28":"tag-video-police"},"share_on_mastodon":{"url":"https:\/\/pubeurope.com\/@fr\/115612448786521628","error":""},"_links":{"self":[{"href":"https:\/\/www.europesays.com\/fr\/wp-json\/wp\/v2\/posts\/558475","targetHints":{"allow":["GET"]}}],"collection":[{"href":"https:\/\/www.europesays.com\/fr\/wp-json\/wp\/v2\/posts"}],"about":[{"href":"https:\/\/www.europesays.com\/fr\/wp-json\/wp\/v2\/types\/post"}],"author":[{"embeddable":true,"href":"https:\/\/www.europesays.com\/fr\/wp-json\/wp\/v2\/users\/2"}],"replies":[{"embeddable":true,"href":"https:\/\/www.europesays.com\/fr\/wp-json\/wp\/v2\/comments?post=558475"}],"version-history":[{"count":0,"href":"https:\/\/www.europesays.com\/fr\/wp-json\/wp\/v2\/posts\/558475\/revisions"}],"wp:featuredmedia":[{"embeddable":true,"href":"https:\/\/www.europesays.com\/fr\/wp-json\/wp\/v2\/media\/558476"}],"wp:attachment":[{"href":"https:\/\/www.europesays.com\/fr\/wp-json\/wp\/v2\/media?parent=558475"}],"wp:term":[{"taxonomy":"category","embeddable":true,"href":"https:\/\/www.europesays.com\/fr\/wp-json\/wp\/v2\/categories?post=558475"},{"taxonomy":"post_tag","embeddable":true,"href":"https:\/\/www.europesays.com\/fr\/wp-json\/wp\/v2\/tags?post=558475"}],"curies":[{"name":"wp","href":"https:\/\/api.w.org\/{rel}","templated":true}]}}