{"id":558479,"date":"2025-11-25T21:26:25","date_gmt":"2025-11-25T21:26:25","guid":{"rendered":"https:\/\/www.europesays.com\/fr\/558479\/"},"modified":"2025-11-25T21:26:25","modified_gmt":"2025-11-25T21:26:25","slug":"la-circulation-des-trams-interrompue-pendant-une-heure","status":"publish","type":"post","link":"https:\/\/www.europesays.com\/fr\/558479\/","title":{"rendered":"la circulation des trams interrompue pendant une heure"},"content":{"rendered":"<p>                    Par<br \/>\n        <strong><br \/>\n            <a href=\"https:\/\/actu.fr\/auteur\/laure-gentil\" title=\"Consulter tous les articles de Laure Gentil\" target=\"_blank\" rel=\"noopener\">Laure Gentil<\/a><br \/>\n                    <\/strong><\/p>\n<p>        Publi\u00e9 le<\/p>\n<p>            25 nov. 2025 \u00e0 18h27        <\/p>\n<p>Naolib a signal\u00e9 des <b>perturbations <\/b>sur les lignes du <b>tram 2 et tram 3 <\/b>de Nantes en raison \u00ab\u2009d\u2019incivilit\u00e9s\u2009\u00bb. Selon nos <a href=\"https:\/\/www.ouest-france.fr\/societe\/faits-divers\/la-circulation-des-trams-coupee-dans-le-sud-de-nantes-a-cause-de-coups-de-feu-tires-pres-de-pirmil-165bc7da-ca11-11f0-a0e6-83b9718ad3c0\" target=\"_blank\" rel=\"noopener\">confr\u00e8res de Ouest-France<\/a>, des coups de feu auraient \u00e9t\u00e9 tir\u00e9s aux environs de la <b>station Pirmil<\/b>, aux alentours de 15\u2009h\u200945. Ces derniers mois le quartier a \u00e9t\u00e9 marqu\u00e9 par<a href=\"https:\/\/actu.fr\/pays-de-la-loire\/nantes_44109\/tirs-a-nantes-des-personnes-blessees-apres-des-nouveaux-coups-de-feu-dans-ce-quartier_63146764.html\" target=\"_blank\" rel=\"noopener\"> plusieurs \u00e9pisodes de tirs, li\u00e9s au contr\u00f4le d\u2019un point de deal<\/a>.<\/p>\n<p>Une interruption d\u2019une heure<\/p>\n<p class=\" wall-content\">Le tram 2 ne circulait plus entre les <b>stations Wattignies et Gare de Pont-Rousseau,<\/b> quant au tram 3, sa circulation a \u00e9t\u00e9 stopp\u00e9e entre les stations H\u00f4tel-Dieu et 8-Mai.<\/p>\n<p class=\" wall-content\">\n<p class=\" wall-content\">Cette interruption du trafic a dur\u00e9 environ une heure avant de reprendre.<\/p>\n<p class=\" wall-content\">Personnalisez votre actualit\u00e9 en ajoutant vos villes et m\u00e9dias en favori avec <a href=\"https:\/\/moncompte.actu.fr\" title=\"D\u00e9couvez Mon Actu\" rel=\"nofollow noopener\" data-trk=\"{&quot;cta&quot;:{&quot;action&quot;:&quot;https:\\\/\\\/moncompte.actu.fr&quot;,&quot;category&quot;:&quot;mon compte&quot;,&quot;from&quot;:&quot;article footer&quot;,&quot;name&quot;:&quot;Mon actu&quot;,&quot;type&quot;:&quot;cta&quot;}}\" target=\"_blank\">Mon Actu<\/a>.<\/p>\n","protected":false},"excerpt":{"rendered":"Par Laure Gentil Publi\u00e9 le 25 nov. 2025 \u00e0 18h27 Naolib a signal\u00e9 des perturbations sur les lignes&hellip;\n","protected":false},"author":2,"featured_media":558480,"comment_status":"","ping_status":"","sticky":false,"template":"","format":"standard","meta":{"footnotes":""},"categories":[2818],"tags":[1111,11,1777,674,118,1011,27,766,12,2636,1072,25,2803,7501],"class_list":{"0":"post-558479","1":"post","2":"type-post","3":"status-publish","4":"format-standard","5":"has-post-thumbnail","7":"category-nantes","8":"tag-actu","9":"tag-actualites","10":"tag-eu","11":"tag-europe","12":"tag-faits-divers","13":"tag-fr","14":"tag-france","15":"tag-nantes","16":"tag-news","17":"tag-pays-de-la-loire","18":"tag-police","19":"tag-republique-francaise","20":"tag-transport","21":"tag-violences-urbaines"},"share_on_mastodon":{"url":"https:\/\/pubeurope.com\/@fr\/115612456342962700","error":""},"_links":{"self":[{"href":"https:\/\/www.europesays.com\/fr\/wp-json\/wp\/v2\/posts\/558479","targetHints":{"allow":["GET"]}}],"collection":[{"href":"https:\/\/www.europesays.com\/fr\/wp-json\/wp\/v2\/posts"}],"about":[{"href":"https:\/\/www.europesays.com\/fr\/wp-json\/wp\/v2\/types\/post"}],"author":[{"embeddable":true,"href":"https:\/\/www.europesays.com\/fr\/wp-json\/wp\/v2\/users\/2"}],"replies":[{"embeddable":true,"href":"https:\/\/www.europesays.com\/fr\/wp-json\/wp\/v2\/comments?post=558479"}],"version-history":[{"count":0,"href":"https:\/\/www.europesays.com\/fr\/wp-json\/wp\/v2\/posts\/558479\/revisions"}],"wp:featuredmedia":[{"embeddable":true,"href":"https:\/\/www.europesays.com\/fr\/wp-json\/wp\/v2\/media\/558480"}],"wp:attachment":[{"href":"https:\/\/www.europesays.com\/fr\/wp-json\/wp\/v2\/media?parent=558479"}],"wp:term":[{"taxonomy":"category","embeddable":true,"href":"https:\/\/www.europesays.com\/fr\/wp-json\/wp\/v2\/categories?post=558479"},{"taxonomy":"post_tag","embeddable":true,"href":"https:\/\/www.europesays.com\/fr\/wp-json\/wp\/v2\/tags?post=558479"}],"curies":[{"name":"wp","href":"https:\/\/api.w.org\/{rel}","templated":true}]}}