{"id":558483,"date":"2025-11-25T21:28:15","date_gmt":"2025-11-25T21:28:15","guid":{"rendered":"https:\/\/www.europesays.com\/fr\/558483\/"},"modified":"2025-11-25T21:28:15","modified_gmt":"2025-11-25T21:28:15","slug":"ce-que-lon-sait-du-drame","status":"publish","type":"post","link":"https:\/\/www.europesays.com\/fr\/558483\/","title":{"rendered":"ce que l&rsquo;on sait du drame"},"content":{"rendered":"<p class=\"app_entry_lead\">\n<p>                    <a title=\"\u00a0\u00a9\u00a0Capture d'\u00e9cran Google Maps\" href=\"https:\/\/www.europesays.com\/fr\/wp-content\/uploads\/2025\/11\/83087385.jpg\" class=\"fancy\"><\/p>\n<p>                            <img loading=\"lazy\" decoding=\"async\" src=\"https:\/\/www.europesays.com\/fr\/wp-content\/uploads\/2025\/11\/83087385.jpg\" alt=\"Un adolescent retrouv\u00e9 mort dans son lyc\u00e9e \u00e0 Bordeaux\u00a0: ce que l'on sait du drame\" width=\"1500\" height=\"997\"\/><\/p>\n<p>                    <\/a><\/p>\n<p>                Le corps inanim\u00e9 d&rsquo;un adolescent a \u00e9t\u00e9 d\u00e9couvert t\u00f4t mardi matin dans une des cours du lyc\u00e9e Michel-Montagne, \u00e0 Bordeaux.<\/p>\n<p>Que s&rsquo;est-il pass\u00e9 ce mardi 25 novembre au lyc\u00e9e Michel-Montaigne de Bordeaux ? Comme le rapporte <a href=\"https:\/\/france3-regions.franceinfo.fr\/nouvelle-aquitaine\/gironde\/bordeaux\/un-adolescent-retrouve-mort-au-lycee-montaigne-a-bordeaux-3255082.html\" target=\"_blank\" rel=\"noopener\">France 3 R\u00e9gions<\/a>, le corps inanim\u00e9 d&rsquo;un adolescent \u00e2g\u00e9 de 17 ans a \u00e9t\u00e9 d\u00e9couvert t\u00f4t dans la matin\u00e9e. Selon le procureur de la R\u00e9publique de Bordeaux, il \u00e9tait 6h40 quand \u00ab\u00a0le corps sans vie d&rsquo;un jeune homme a \u00e9t\u00e9 d\u00e9couvert dans une des cours int\u00e9rieures du lyc\u00e9e Montaigne, \u00e0 Bordeaux, par deux agents techniques de l&rsquo;\u00e9tablissement. Le corps se trouvait au sol, \u00e0 l&rsquo;aplomb d&rsquo;un b\u00e2timent\u00a0\u00bb.<\/p>\n<p>D&rsquo;apr\u00e8s une source polici\u00e8re cit\u00e9e par France 3 R\u00e9gions, il s&rsquo;agirait d&rsquo;un interne. Celui-ci semble s&rsquo;\u00eatre d\u00e9fenestr\u00e9 durant la nuit. Une enqu\u00eate a \u00e9t\u00e9 ouverte pour faire toute la lumi\u00e8re dans cette affaire et pr\u00e9ciser les circonstances exactes du drame. \u00ab\u00a0Deux cellules d&rsquo;\u00e9coute ont \u00e9t\u00e9 imm\u00e9diatement mises en place dans l&rsquo;\u00e9tablissement, en lien avec la Cellule d&rsquo;Urgence M\u00e9dico-Psychologique (CUMP)\u00a0\u00bb, indique l&rsquo;Acad\u00e9mie, qui d\u00e9taille que l&rsquo;une a \u00e9t\u00e9 mise en place \u00ab\u00a0pour les professeurs et les personnels du lyc\u00e9e, l&rsquo;autre pour les \u00e9l\u00e8ves\u00a0\u00bb et qu'\u00a0\u00bbelles resteront actives autant que n\u00e9cessaire\u00a0\u00bb.<\/p>\n<p>De nombreux jeunes \u00e9vacu\u00e9s de l&rsquo;\u00e9tablissement<\/p>\n<p>Il semble que dans un premier temps, les \u00e9l\u00e8ves ont \u00e9t\u00e9 accept\u00e9s en cours. Alors que le lyc\u00e9e Montaigne compte des lyc\u00e9ens mais aussi plusieurs classes pr\u00e9paratoires, les effectifs grimpent \u00e0 environ un millier d&rsquo;\u00e9l\u00e8ves, \u00e2g\u00e9s entre 15 et 23 ans. Une partie des \u00e9tudiants s&rsquo;\u00e9tant rendus en classe \u00e0 partir de 8h10, les cours d\u00e9marrant \u00e0 8h30, nombreux sont ceux qui par la suite d\u00fb \u00eatre \u00e9vacu\u00e9s, rapporte France 3.<\/p>\n<p>Peu d&rsquo;informations concernant l&rsquo;\u00e9l\u00e8ve d\u00e9c\u00e9d\u00e9 circulent, mais selon le m\u00e9dia local, parmi les effectifs du lyc\u00e9e Montaigne, il se murmure que l&rsquo;\u00e9tudiant \u00e9tait un interne en deuxi\u00e8me ann\u00e9e de classe pr\u00e9paratoire. Si le lyc\u00e9e a finalement rappel\u00e9 tout le monde en classe vers 10 heures, de nombreux \u00e9l\u00e8ves \u00e9tant d\u00e9j\u00e0 rentr\u00e9s chez eux ou partis ailleurs, le peu s&rsquo;\u00e9tant pr\u00e9sent\u00e9 a \u00e9t\u00e9 re\u00e7u par la cellule psychologique ouverte.\u00a0<\/p>\n","protected":false},"excerpt":{"rendered":"Le corps inanim\u00e9 d&rsquo;un adolescent a \u00e9t\u00e9 d\u00e9couvert t\u00f4t mardi matin dans une des cours du lyc\u00e9e Michel-Montagne,&hellip;\n","protected":false},"author":2,"featured_media":558484,"comment_status":"","ping_status":"","sticky":false,"template":"","format":"standard","meta":{"footnotes":""},"categories":[2817],"tags":[1111,11,1997,67563,51761,1777,674,118,51763,1011,27,12,2219,51767,25],"class_list":{"0":"post-558483","1":"post","2":"type-post","3":"status-publish","4":"format-standard","5":"has-post-thumbnail","7":"category-bordeaux","8":"tag-actu","9":"tag-actualites","10":"tag-bordeaux","11":"tag-cms-linternaute-9301965","12":"tag-controller-content","13":"tag-eu","14":"tag-europe","15":"tag-faits-divers","16":"tag-format-papier","17":"tag-fr","18":"tag-france","19":"tag-news","20":"tag-nouvelle-aquitaine","21":"tag-parallaxeinfeed","22":"tag-republique-francaise"},"share_on_mastodon":{"url":"https:\/\/pubeurope.com\/@fr\/115612470280688268","error":""},"_links":{"self":[{"href":"https:\/\/www.europesays.com\/fr\/wp-json\/wp\/v2\/posts\/558483","targetHints":{"allow":["GET"]}}],"collection":[{"href":"https:\/\/www.europesays.com\/fr\/wp-json\/wp\/v2\/posts"}],"about":[{"href":"https:\/\/www.europesays.com\/fr\/wp-json\/wp\/v2\/types\/post"}],"author":[{"embeddable":true,"href":"https:\/\/www.europesays.com\/fr\/wp-json\/wp\/v2\/users\/2"}],"replies":[{"embeddable":true,"href":"https:\/\/www.europesays.com\/fr\/wp-json\/wp\/v2\/comments?post=558483"}],"version-history":[{"count":0,"href":"https:\/\/www.europesays.com\/fr\/wp-json\/wp\/v2\/posts\/558483\/revisions"}],"wp:featuredmedia":[{"embeddable":true,"href":"https:\/\/www.europesays.com\/fr\/wp-json\/wp\/v2\/media\/558484"}],"wp:attachment":[{"href":"https:\/\/www.europesays.com\/fr\/wp-json\/wp\/v2\/media?parent=558483"}],"wp:term":[{"taxonomy":"category","embeddable":true,"href":"https:\/\/www.europesays.com\/fr\/wp-json\/wp\/v2\/categories?post=558483"},{"taxonomy":"post_tag","embeddable":true,"href":"https:\/\/www.europesays.com\/fr\/wp-json\/wp\/v2\/tags?post=558483"}],"curies":[{"name":"wp","href":"https:\/\/api.w.org\/{rel}","templated":true}]}}