{"id":558491,"date":"2025-11-25T21:35:16","date_gmt":"2025-11-25T21:35:16","guid":{"rendered":"https:\/\/www.europesays.com\/fr\/558491\/"},"modified":"2025-11-25T21:35:16","modified_gmt":"2025-11-25T21:35:16","slug":"a-marseille-un-defile-pour-transformer-la-colere-en-joie-collective","status":"publish","type":"post","link":"https:\/\/www.europesays.com\/fr\/558491\/","title":{"rendered":"\u00e0 Marseille, un d\u00e9fil\u00e9 \u00ab\u00a0pour transformer la col\u00e8re en joie collective\u00a0\u00bb"},"content":{"rendered":"<p>Des bo\u00eetes de conserve floqu\u00e9es de visages de personnalit\u00e9s qui ont fait l\u2019objet d\u2019accusation de violences physiques ou sexuelles &#8211; G\u00e9rald Darmanin, <a href=\"https:\/\/www.laprovence.com\/article\/faits-divers-justice\/1897059540154215\/affaire-cantat-le-parquet-de-bordeaux-va-rouvrir-lenquete-sur-le-suicide-de-son-ex-femme-il-y-a-15-ans\" target=\"_blank\" rel=\"noopener\">Bertrand Cantat<\/a> ou <a href=\"https:\/\/www.laprovence.com\/article\/region\/1046211048127614\/om-auteur-de-violences-sur-sa-femme-le-cas-mason-greenwood-futur-olympien-divise-chez-les-supporters\" target=\"_blank\" rel=\"noopener\">Mason Greenwood<\/a> &#8211; pour un chamboule-tout pour se d\u00e9fouler. Des stages d\u2019autod\u00e9fense f\u00e9ministe pour reprendre le contr\u00f4le. Des livres pour d\u00e9construire les violences. Sur le Quai du Port, de nombreux collectifs et associations (Le Planning Familial, Antifa social club, Arcaf, Transat, Collectif Anti-validiste\u2026) se sont rassembl\u00e9s, ce mardi 25\u00a0novembre dans la soir\u00e9e, \u00e0 l\u2019occasion de la Journ\u00e9e internationale de lutte contre <a href=\"https:\/\/www.laprovence.com\/article\/societe\/61209330433090\/manifestation-contre-les-violences-faites-aux-femmes-a-aix-dans-l-education-nationale-il-faut-sortir-du-silence\" target=\"_blank\" rel=\"noopener\">les violences faites aux femmes<\/a>.<\/p>\n<p>\u00ab\u00a0Notre travail c\u2019est l\u2019\u00e9coute. Mais, avant tout c\u2019est une d\u00e9marche de lutte. Les violences faites aux femmes, c\u2019est politique. Quand on voit le manque de financements aux associations et la mont\u00e9e de l\u2019extr\u00eame droite, on ne peut que s\u2019inqui\u00e9ter et se r\u00e9volter\u00a0\u00bb, soutient Celia pour l\u2019association Solidarit\u00e9s Femmes 13. Devant les stands, les chor\u00e9graphies et chants f\u00e9ministes s\u2019encha\u00eenent. \u00ab\u00a0Danser c\u2019est aussi d\u00e9noncer ce ras-le-bol du patriarcat. Par la danse, on transforme cette col\u00e8re en joie collective\u00a0\u00bb, rappelle Ga\u00eblle, pr\u00e9sidente du collectif de danse Les Queeneus&#8230;<\/p>\n","protected":false},"excerpt":{"rendered":"Des bo\u00eetes de conserve floqu\u00e9es de visages de personnalit\u00e9s qui ont fait l\u2019objet d\u2019accusation de violences physiques ou&hellip;\n","protected":false},"author":2,"featured_media":558492,"comment_status":"","ping_status":"","sticky":false,"template":"","format":"standard","meta":{"footnotes":""},"categories":[2814],"tags":[17,1111,11,1007,16694,1777,674,55717,4651,1011,27,884,12,471,882,16,25,2949],"class_list":{"0":"post-558491","1":"post","2":"type-post","3":"status-publish","4":"format-standard","5":"has-post-thumbnail","7":"category-marseille","8":"tag-17","9":"tag-actu","10":"tag-actualites","11":"tag-aux","12":"tag-defile","13":"tag-eu","14":"tag-europe","15":"tag-faites","16":"tag-femmes","17":"tag-fr","18":"tag-france","19":"tag-marseille","20":"tag-news","21":"tag-pour","22":"tag-provence-alpes-cote-dazur","23":"tag-region","24":"tag-republique-francaise","25":"tag-violences"},"share_on_mastodon":{"url":"https:\/\/pubeurope.com\/@fr\/115612491728693684","error":""},"_links":{"self":[{"href":"https:\/\/www.europesays.com\/fr\/wp-json\/wp\/v2\/posts\/558491","targetHints":{"allow":["GET"]}}],"collection":[{"href":"https:\/\/www.europesays.com\/fr\/wp-json\/wp\/v2\/posts"}],"about":[{"href":"https:\/\/www.europesays.com\/fr\/wp-json\/wp\/v2\/types\/post"}],"author":[{"embeddable":true,"href":"https:\/\/www.europesays.com\/fr\/wp-json\/wp\/v2\/users\/2"}],"replies":[{"embeddable":true,"href":"https:\/\/www.europesays.com\/fr\/wp-json\/wp\/v2\/comments?post=558491"}],"version-history":[{"count":0,"href":"https:\/\/www.europesays.com\/fr\/wp-json\/wp\/v2\/posts\/558491\/revisions"}],"wp:featuredmedia":[{"embeddable":true,"href":"https:\/\/www.europesays.com\/fr\/wp-json\/wp\/v2\/media\/558492"}],"wp:attachment":[{"href":"https:\/\/www.europesays.com\/fr\/wp-json\/wp\/v2\/media?parent=558491"}],"wp:term":[{"taxonomy":"category","embeddable":true,"href":"https:\/\/www.europesays.com\/fr\/wp-json\/wp\/v2\/categories?post=558491"},{"taxonomy":"post_tag","embeddable":true,"href":"https:\/\/www.europesays.com\/fr\/wp-json\/wp\/v2\/tags?post=558491"}],"curies":[{"name":"wp","href":"https:\/\/api.w.org\/{rel}","templated":true}]}}