{"id":558501,"date":"2025-11-25T21:42:18","date_gmt":"2025-11-25T21:42:18","guid":{"rendered":"https:\/\/www.europesays.com\/fr\/558501\/"},"modified":"2025-11-25T21:42:18","modified_gmt":"2025-11-25T21:42:18","slug":"cest-une-question-de-loyaute-pourquoi-elisabeth-levy-a-plante-le-complement-denquete-sur-cnews","status":"publish","type":"post","link":"https:\/\/www.europesays.com\/fr\/558501\/","title":{"rendered":"\u00ab\u00a0C\u2019est une question de loyaut\u00e9\u00a0\u00bb\u00a0: pourquoi \u00c9lisabeth L\u00e9vy a plant\u00e9 le \u00ab\u00a0Compl\u00e9ment d\u2019enqu\u00eate\u00a0\u00bb sur CNews"},"content":{"rendered":"<p class=\"paragraph text_align_left lp-f-body-02\">Le rendez-vous \u00e9tait pris : ce mardi \u00e0 15 heures, \u00e0 <a href=\"https:\/\/www.leparisien.fr\/culture-loisirs\/tv\/on-regardera-tout-ce-qui-attend-france-televisions-et-radio-france-devant-la-commission-denquete-parlementaire-24-11-2025-EIQPPBJCV5C3XEOCGMWWBY4BCA.php\" target=\"_self\" rel=\"noopener\">France T\u00e9l\u00e9visions<\/a>. Les fauteuils rouges \u00e9taient d\u2019ailleurs d\u00e9j\u00e0 install\u00e9s dans un des studios du groupe public. Le taxi \u00e9tait r\u00e9serv\u00e9 et \u00c9lisabeth L\u00e9vy pr\u00eate \u00e0 en d\u00e9coudre pour d\u00e9fendre CNews, la cha\u00eene dont elle est l\u2019un des piliers, et \u00e0 dire tout le mal qu\u2019elle pense des m\u00e9thodes du service public.<\/p>\n<p class=\"paragraph text_align_left lp-f-body-02\">Mais \u00e0 13 heures, patatras ! Comme \u00c9lisabeth L\u00e9vy l\u2019a confirm\u00e9 ce mardi soir au Parisien, elle a plant\u00e9 Tristan Waleckx deux heures avant l\u2019enregistrement de cette s\u00e9quence qui cl\u00f4t chaque semaine le magazine d\u2019investigation de France 2.<\/p>\n","protected":false},"excerpt":{"rendered":"Le rendez-vous \u00e9tait pris : ce mardi \u00e0 15 heures, \u00e0 France T\u00e9l\u00e9visions. Les fauteuils rouges \u00e9taient d\u2019ailleurs&hellip;\n","protected":false},"author":2,"featured_media":558502,"comment_status":"","ping_status":"","sticky":false,"template":"","format":"standard","meta":{"footnotes":""},"categories":[1888],"tags":[1111,1928,11,1927,872,1777,674,1011,27,12,1926,626,1925,25,2205],"class_list":{"0":"post-558501","1":"post","2":"type-post","3":"status-publish","4":"format-standard","5":"has-post-thumbnail","7":"category-paris","8":"tag-actu","9":"tag-actu-paris","10":"tag-actualites","11":"tag-actualites-paris","12":"tag-culture-et-loisirs","13":"tag-eu","14":"tag-europe","15":"tag-fr","16":"tag-france","17":"tag-news","18":"tag-news-paris","19":"tag-paris","20":"tag-paris-news","21":"tag-republique-francaise","22":"tag-television-medias"},"share_on_mastodon":{"url":"https:\/\/pubeurope.com\/@fr\/115612519317205644","error":""},"_links":{"self":[{"href":"https:\/\/www.europesays.com\/fr\/wp-json\/wp\/v2\/posts\/558501","targetHints":{"allow":["GET"]}}],"collection":[{"href":"https:\/\/www.europesays.com\/fr\/wp-json\/wp\/v2\/posts"}],"about":[{"href":"https:\/\/www.europesays.com\/fr\/wp-json\/wp\/v2\/types\/post"}],"author":[{"embeddable":true,"href":"https:\/\/www.europesays.com\/fr\/wp-json\/wp\/v2\/users\/2"}],"replies":[{"embeddable":true,"href":"https:\/\/www.europesays.com\/fr\/wp-json\/wp\/v2\/comments?post=558501"}],"version-history":[{"count":0,"href":"https:\/\/www.europesays.com\/fr\/wp-json\/wp\/v2\/posts\/558501\/revisions"}],"wp:featuredmedia":[{"embeddable":true,"href":"https:\/\/www.europesays.com\/fr\/wp-json\/wp\/v2\/media\/558502"}],"wp:attachment":[{"href":"https:\/\/www.europesays.com\/fr\/wp-json\/wp\/v2\/media?parent=558501"}],"wp:term":[{"taxonomy":"category","embeddable":true,"href":"https:\/\/www.europesays.com\/fr\/wp-json\/wp\/v2\/categories?post=558501"},{"taxonomy":"post_tag","embeddable":true,"href":"https:\/\/www.europesays.com\/fr\/wp-json\/wp\/v2\/tags?post=558501"}],"curies":[{"name":"wp","href":"https:\/\/api.w.org\/{rel}","templated":true}]}}