{"id":558503,"date":"2025-11-25T21:43:22","date_gmt":"2025-11-25T21:43:22","guid":{"rendered":"https:\/\/www.europesays.com\/fr\/558503\/"},"modified":"2025-11-25T21:43:22","modified_gmt":"2025-11-25T21:43:22","slug":"zz-top-en-concert-a-paris-a-ladidas-arena-le-15-juillet-pret-a-reserver-pour-une-bonne-dose-de-rock-texan","status":"publish","type":"post","link":"https:\/\/www.europesays.com\/fr\/558503\/","title":{"rendered":"ZZ Top en concert \u00e0 Paris \u00e0 l&rsquo;Adidas Arena le 15 juillet. Pr\u00eat \u00e0 r\u00e9server pour une bonne dose de rock texan ?"},"content":{"rendered":"<p>                                <a href=\"https:\/\/www.infoconcert.com\/artiste\/zz-top-14100\/concerts.html\" target=\"_blank\" rel=\"noopener\"><img decoding=\"async\" style=\"max-width: 100%;\" src=\"https:\/\/www.europesays.com\/fr\/wp-content\/uploads\/2025\/11\/zz-top_en-concert-a-l-adidas-arena_visunews1125.png\" alt=\"\"\/><\/a><\/p>\n<p>Groupe mythique, <strong>ZZ Top<\/strong> reste en ordre de marche malgr\u00e9 la disparition en 2021 du barbu basssite Dusty Hill. Mieux, <strong>le combo texan annonce une nouvelle tourn\u00e9e, The Big One Tour<\/strong>, qui sillonera l&rsquo;Europe l&rsquo;\u00e9t\u00e9 prochain. Deux concerts sont pr\u00e9vus en France : <strong>le 15 juillet \u00e0 Paris \u00e0 l&rsquo;Adidas Arena<\/strong> mais aussi le 16\/07 au Festival Poupet \u00e0 St Malo du Bois (85)<\/p>\n<p><strong><br \/><a href=\"https:\/\/www.infoconcert.com\/artiste\/zz-top-14100\/concerts.html\" target=\"_blank\" rel=\"noopener\">ZZ Top en concert \u00e0 Paris : activer l&rsquo;alerte r\u00e9servation<br \/><\/a><\/strong><strong>Mise en vente des billets le vendredi 15 d\u00e9cembre \u00e0 10h00<\/strong><\/p>\n<\/p>\n<p>Eternelles barbes longues et ind\u00e9boulonnables lunettes de soleil sur le<br \/>\nnez, le trio ZZ Top continue malgr\u00e9 la disparition en 2021 de Dusty<br \/>\nHill, d&rsquo;entretenir sa l\u00e9gende et de rassembler les foules \u00e0 chacun de<br \/>\nleurs concerts. Car aujourd&rsquo;hui, ce que veulent les fans c&rsquo;est d&rsquo;abord<br \/>\nentendre en live les tubes qui jalonnent l&rsquo;histoire\u00a0du combo texan comme<br \/>\n La Grange, Gimme All Your Lovin ou encore Legs. Des titres qui ont forg\u00e9 leur fameux style \u00ab\u00a0Hard&rsquo;n&rsquo;Blues\u00a0\u00bb qui en live s&rsquo;av\u00e8re diablement efficace.\u00a0<\/p>\n<p><\/p>\n","protected":false},"excerpt":{"rendered":"Groupe mythique, ZZ Top reste en ordre de marche malgr\u00e9 la disparition en 2021 du barbu basssite Dusty&hellip;\n","protected":false},"author":2,"featured_media":558504,"comment_status":"","ping_status":"","sticky":false,"template":"","format":"standard","meta":{"footnotes":""},"categories":[1888],"tags":[1111,1928,11,1927,1777,674,1011,27,12,1926,626,1925,25],"class_list":{"0":"post-558503","1":"post","2":"type-post","3":"status-publish","4":"format-standard","5":"has-post-thumbnail","7":"category-paris","8":"tag-actu","9":"tag-actu-paris","10":"tag-actualites","11":"tag-actualites-paris","12":"tag-eu","13":"tag-europe","14":"tag-fr","15":"tag-france","16":"tag-news","17":"tag-news-paris","18":"tag-paris","19":"tag-paris-news","20":"tag-republique-francaise"},"share_on_mastodon":{"url":"https:\/\/pubeurope.com\/@fr\/115612524507500153","error":""},"_links":{"self":[{"href":"https:\/\/www.europesays.com\/fr\/wp-json\/wp\/v2\/posts\/558503","targetHints":{"allow":["GET"]}}],"collection":[{"href":"https:\/\/www.europesays.com\/fr\/wp-json\/wp\/v2\/posts"}],"about":[{"href":"https:\/\/www.europesays.com\/fr\/wp-json\/wp\/v2\/types\/post"}],"author":[{"embeddable":true,"href":"https:\/\/www.europesays.com\/fr\/wp-json\/wp\/v2\/users\/2"}],"replies":[{"embeddable":true,"href":"https:\/\/www.europesays.com\/fr\/wp-json\/wp\/v2\/comments?post=558503"}],"version-history":[{"count":0,"href":"https:\/\/www.europesays.com\/fr\/wp-json\/wp\/v2\/posts\/558503\/revisions"}],"wp:featuredmedia":[{"embeddable":true,"href":"https:\/\/www.europesays.com\/fr\/wp-json\/wp\/v2\/media\/558504"}],"wp:attachment":[{"href":"https:\/\/www.europesays.com\/fr\/wp-json\/wp\/v2\/media?parent=558503"}],"wp:term":[{"taxonomy":"category","embeddable":true,"href":"https:\/\/www.europesays.com\/fr\/wp-json\/wp\/v2\/categories?post=558503"},{"taxonomy":"post_tag","embeddable":true,"href":"https:\/\/www.europesays.com\/fr\/wp-json\/wp\/v2\/tags?post=558503"}],"curies":[{"name":"wp","href":"https:\/\/api.w.org\/{rel}","templated":true}]}}