{"id":558509,"date":"2025-11-25T21:46:22","date_gmt":"2025-11-25T21:46:22","guid":{"rendered":"https:\/\/www.europesays.com\/fr\/558509\/"},"modified":"2025-11-25T21:46:22","modified_gmt":"2025-11-25T21:46:22","slug":"paris-trois-personnes-ecrouees-pour-espionnage-et-ingerence-au-profit-de-la-russie","status":"publish","type":"post","link":"https:\/\/www.europesays.com\/fr\/558509\/","title":{"rendered":"Paris. Trois personnes \u00e9crou\u00e9es pour espionnage et ing\u00e9rence au profit de la Russie"},"content":{"rendered":"<p>Trois personnes ont \u00e9t\u00e9 mises en examen et \u00e9crou\u00e9es \u00e0 Paris dans le cadre d&rsquo;une enqu\u00eate sur la fondatrice franco-russe d&rsquo;une association, SOS Donbass, suspect\u00e9e d&rsquo;espionnage \u00e9conomique et d&rsquo;ing\u00e9rence au profit de la Russie, a-t-on appris aupr\u00e8s du parquet de Paris.<\/p>\n<p>Des affiches pro-russes sur l&rsquo;Arc de Triomphe<\/p>\n<p>L&rsquo;un des mis en examen, un Russe de 40 ans, a \u00e9t\u00e9 reconnu par vid\u00e9osurveillance en train de coller d\u00e9but septembre des affiches \u00e0 la gloire de la Russie sur l&rsquo;Arc de Triomphe, a pr\u00e9cis\u00e9 le parquet, interrog\u00e9 sur des informations d\u00e9voil\u00e9es par <a href=\"https:\/\/www.leparisien.fr\/faits-divers\/sous-couvert-dactivites-humanitaires-une-russe-et-un-militant-francais-soupconnes-despionnage-pour-la-russie-25-11-2025-3RUFOKQOLVDBFNNXZALXOMTFRU.php\" target=\"_blank\" rel=\"noopener\">Le Parisien<\/a> et Intelligence Online.\u00a0<\/p>\n<p>Il en a ensuite rendu compte \u00e0 la fondatrice de l&rsquo;association, une femme de 40 ans soup\u00e7onn\u00e9e par le contre-espionnage fran\u00e7ais d&rsquo;avoir approch\u00e9 des cadres d&rsquo;entreprises fran\u00e7aises pour obtenir des renseignements \u00e9conomiques.<\/p>\n<p>Celle-ci, Anna M., n\u00e9e en Russie, \u00e9tait depuis au moins le d\u00e9but de l&rsquo;ann\u00e9e dans le radar de la Direction g\u00e9n\u00e9rale de la s\u00e9curit\u00e9 int\u00e9rieure (DGSI), qui avait d\u00e9tect\u00e9 \u00ab des agissements susceptibles de porter atteinte aux int\u00e9r\u00eats fondamentaux de la Nation \u00bb, et conduit \u00e0 l&rsquo;ouverture d&rsquo;une enqu\u00eate pr\u00e9liminaire.\u00a0<\/p>\n<p>Un juge d&rsquo;instruction a ensuite \u00e9t\u00e9 d\u00e9sign\u00e9, en mars, enqu\u00eatant notamment pour \u00ab intelligence avec une puissance \u00e9trang\u00e8re \u00bb, un d\u00e9lit puni de 10 ans d&#8217;emprisonnement.<\/p>\n<p>La troisi\u00e8me personne \u00e9crou\u00e9e est un homme de 63 ans n\u00e9 en Seine-Saint-Denis, Vincent P. Un quatri\u00e8me mis en examen, Bernard F., 58 ans, n\u00e9 \u00e0 Paris, a pu pour sa part \u00e9chapper \u00e0 la d\u00e9tention provisoire.<\/p>\n<p>\u00ab\u00a0Sud Ouest solidarit\u00e9 Donbass\u00a0\u00bb<\/p>\n<p>Mais il a \u00e9t\u00e9 plac\u00e9 sous un strict contr\u00f4le judiciaire, qui l&rsquo;oblige \u00e0 pointer une fois par semaine au commissariat et remettre ses papiers d&rsquo;identit\u00e9, mais lui interdit aussi toute activit\u00e9 associative en lien avec \u00ab la politique internationale de la France, la politique de la Russie ou l&rsquo;aide aux personnes en raison du conflit arm\u00e9 russo-ukrainien \u00bb.<\/p>\n<p>L&rsquo;association, qui servait selon les soup\u00e7ons de la DGSI de couverture \u00e0 ces activit\u00e9s d&rsquo;espionnage et de d\u00e9stabilisation, baptis\u00e9e SOS Donbass pour \u00ab Sud Ouest solidarit\u00e9 Donbass \u00bb, avait \u00e9t\u00e9 d\u00e9clar\u00e9e en septembre 2022 aupr\u00e8s de la pr\u00e9fecture des Pyr\u00e9n\u00e9es-Atlantiques. Elle se pr\u00e9sente comme une organisation d&rsquo;aide humanitaire aux civils de cette r\u00e9gion d&rsquo;Ukraine d\u00e9chir\u00e9e par la guerre.<\/p>\n","protected":false},"excerpt":{"rendered":"Trois personnes ont \u00e9t\u00e9 mises en examen et \u00e9crou\u00e9es \u00e0 Paris dans le cadre d&rsquo;une enqu\u00eate sur la&hellip;\n","protected":false},"author":2,"featured_media":558510,"comment_status":"","ping_status":"","sticky":false,"template":"","format":"standard","meta":{"footnotes":""},"categories":[1591],"tags":[11,271,3206,272,274,1887,107,329,12,1885,1886,132],"class_list":{"0":"post-558509","1":"post","2":"type-post","3":"status-publish","4":"format-standard","5":"has-post-thumbnail","7":"category-russie","8":"tag-actualites","9":"tag-crime","10":"tag-defense-guerre-conflit","11":"tag-delit-et-contravention","12":"tag-faits-divers-justice","13":"tag-federation-de-russie","14":"tag-fil-info","15":"tag-france-monde","16":"tag-news","17":"tag-russia","18":"tag-russian-federation","19":"tag-russie"},"share_on_mastodon":{"url":"https:\/\/pubeurope.com\/@fr\/115612534964600603","error":""},"_links":{"self":[{"href":"https:\/\/www.europesays.com\/fr\/wp-json\/wp\/v2\/posts\/558509","targetHints":{"allow":["GET"]}}],"collection":[{"href":"https:\/\/www.europesays.com\/fr\/wp-json\/wp\/v2\/posts"}],"about":[{"href":"https:\/\/www.europesays.com\/fr\/wp-json\/wp\/v2\/types\/post"}],"author":[{"embeddable":true,"href":"https:\/\/www.europesays.com\/fr\/wp-json\/wp\/v2\/users\/2"}],"replies":[{"embeddable":true,"href":"https:\/\/www.europesays.com\/fr\/wp-json\/wp\/v2\/comments?post=558509"}],"version-history":[{"count":0,"href":"https:\/\/www.europesays.com\/fr\/wp-json\/wp\/v2\/posts\/558509\/revisions"}],"wp:featuredmedia":[{"embeddable":true,"href":"https:\/\/www.europesays.com\/fr\/wp-json\/wp\/v2\/media\/558510"}],"wp:attachment":[{"href":"https:\/\/www.europesays.com\/fr\/wp-json\/wp\/v2\/media?parent=558509"}],"wp:term":[{"taxonomy":"category","embeddable":true,"href":"https:\/\/www.europesays.com\/fr\/wp-json\/wp\/v2\/categories?post=558509"},{"taxonomy":"post_tag","embeddable":true,"href":"https:\/\/www.europesays.com\/fr\/wp-json\/wp\/v2\/tags?post=558509"}],"curies":[{"name":"wp","href":"https:\/\/api.w.org\/{rel}","templated":true}]}}