{"id":558513,"date":"2025-11-25T21:48:11","date_gmt":"2025-11-25T21:48:11","guid":{"rendered":"https:\/\/www.europesays.com\/fr\/558513\/"},"modified":"2025-11-25T21:48:11","modified_gmt":"2025-11-25T21:48:11","slug":"les-touristes-etrangers-vont-devoir-payer-plus-pour-visiter-les-parcs-nationaux-americains-annonce-le-gouvernement-trump","status":"publish","type":"post","link":"https:\/\/www.europesays.com\/fr\/558513\/","title":{"rendered":"Les touristes \u00e9trangers vont devoir payer plus pour visiter les parcs nationaux am\u00e9ricains, annonce le gouvernement Trump"},"content":{"rendered":"<p>Les touristes \u00e9trangers souhaitant visiter les parcs nationaux am\u00e9ricains, tels que les c\u00e9l\u00e8bres Grand Canyon ou Yellowstone, devront s\u2019acquitter \u00e0 partir de 2026 d\u2019un important suppl\u00e9ment, a annonc\u00e9 mardi le gouvernement Trump, expliquant vouloir donner la \u00ab priorit\u00e9 aux Am\u00e9ricains \u00bb.<\/p>\n<p>\u00c0 compter du 1er janvier, l\u2019abonnement annuel donnant acc\u00e8s \u00e0 l\u2019ensemble de ces parcs passera de 80 $US \u00e0 250 $US (environ 350 $CA), soit plus du triple pour les non-r\u00e9sidents am\u00e9ricains, a d\u00e9taill\u00e9 le d\u00e9partement charg\u00e9 de ces parcs.<\/p>\n<p>Et pour les non-d\u00e9tenteurs de cet abonnement, un suppl\u00e9ment de 100 $US (140 $CA) sera appliqu\u00e9 aux tickets d\u2019entr\u00e9e des parcs les plus visit\u00e9s, dont le Grand Canyon, Yosemite ou encore Yellowstone.<\/p>\n<p>V\u00e9ritables joyaux touristiques, les 63 parcs nationaux des \u00c9tats-Unis attirent chaque ann\u00e9e des centaines de millions de visiteurs par an. En 2024, pr\u00e8s de 332 millions de touristes les ont visit\u00e9s, selon les derniers chiffres des autorit\u00e9s am\u00e9ricaines.<\/p>\n<p>Ces nouveaux tarifs donneront \u00ab la priorit\u00e9 aux Am\u00e9ricains \u00bb \u00e0 ces sites, dont plusieurs sont inscrits au patrimoine de l\u2019UNESCO, a justifi\u00e9 le gouvernement Trump.<\/p>\n<p>Et de d\u00e9tailler : \u00ab Les r\u00e9sidents am\u00e9ricains continueront \u00e0 b\u00e9n\u00e9ficier de tarifs abordables, tandis que les non-r\u00e9sidents paieront un tarif plus \u00e9lev\u00e9 afin de contribuer \u00e0 l\u2019entretien et \u00e0 la maintenance des parcs am\u00e9ricains. \u00bb<\/p>\n<p>Jusqu\u2019\u00e0 pr\u00e9sent, les tarifs pour les r\u00e9sidents et \u00e9trangers \u00e9taient identiques.<\/p>\n<p>Toujours dans cette volont\u00e9 de favoriser le tourisme national, le d\u00e9partement a annonc\u00e9 la cr\u00e9ation de \u00ab journ\u00e9es patriotiques \u00bb, aux cours desquelles l\u2019acc\u00e8s aux parcs sera gratuit pour les r\u00e9sidents am\u00e9ricains.<\/p>\n","protected":false},"excerpt":{"rendered":"Les touristes \u00e9trangers souhaitant visiter les parcs nationaux am\u00e9ricains, tels que les c\u00e9l\u00e8bres Grand Canyon ou Yellowstone, devront&hellip;\n","protected":false},"author":2,"featured_media":558514,"comment_status":"","ping_status":"","sticky":false,"template":"","format":"standard","meta":{"footnotes":""},"categories":[1589],"tags":[11,73,1866,12,1864,1865,1863,308],"class_list":{"0":"post-558513","1":"post","2":"type-post","3":"status-publish","4":"format-standard","5":"has-post-thumbnail","7":"category-etats-unis","8":"tag-actualites","9":"tag-etats-unis","10":"tag-etats-unis-damerique","11":"tag-news","12":"tag-united-states","13":"tag-united-states-of-america","14":"tag-us","15":"tag-usa"},"share_on_mastodon":{"url":"https:\/\/pubeurope.com\/@fr\/115612542807582915","error":""},"_links":{"self":[{"href":"https:\/\/www.europesays.com\/fr\/wp-json\/wp\/v2\/posts\/558513","targetHints":{"allow":["GET"]}}],"collection":[{"href":"https:\/\/www.europesays.com\/fr\/wp-json\/wp\/v2\/posts"}],"about":[{"href":"https:\/\/www.europesays.com\/fr\/wp-json\/wp\/v2\/types\/post"}],"author":[{"embeddable":true,"href":"https:\/\/www.europesays.com\/fr\/wp-json\/wp\/v2\/users\/2"}],"replies":[{"embeddable":true,"href":"https:\/\/www.europesays.com\/fr\/wp-json\/wp\/v2\/comments?post=558513"}],"version-history":[{"count":0,"href":"https:\/\/www.europesays.com\/fr\/wp-json\/wp\/v2\/posts\/558513\/revisions"}],"wp:featuredmedia":[{"embeddable":true,"href":"https:\/\/www.europesays.com\/fr\/wp-json\/wp\/v2\/media\/558514"}],"wp:attachment":[{"href":"https:\/\/www.europesays.com\/fr\/wp-json\/wp\/v2\/media?parent=558513"}],"wp:term":[{"taxonomy":"category","embeddable":true,"href":"https:\/\/www.europesays.com\/fr\/wp-json\/wp\/v2\/categories?post=558513"},{"taxonomy":"post_tag","embeddable":true,"href":"https:\/\/www.europesays.com\/fr\/wp-json\/wp\/v2\/tags?post=558513"}],"curies":[{"name":"wp","href":"https:\/\/api.w.org\/{rel}","templated":true}]}}