{"id":558517,"date":"2025-11-25T21:51:13","date_gmt":"2025-11-25T21:51:13","guid":{"rendered":"https:\/\/www.europesays.com\/fr\/558517\/"},"modified":"2025-11-25T21:51:13","modified_gmt":"2025-11-25T21:51:13","slug":"macron-appelle-a-une-adoption-massive-de-lintelligence-artificielle-en-france-et-en-europe","status":"publish","type":"post","link":"https:\/\/www.europesays.com\/fr\/558517\/","title":{"rendered":"Macron appelle \u00e0 une adoption \u00ab massive \u00bb de l\u2019intelligence artificielle en France et en Europe"},"content":{"rendered":"<p>AA \/ Istanbul \/ Ben Amed Azize Zougmore<\/p>\n<p>Le pr\u00e9sident fran\u00e7ais Emmanuel Macron a appel\u00e9 mardi \u00e0 une acc\u00e9l\u00e9ration \u00ab massive \u00bb de l\u2019adoption de l\u2019intelligence artificielle (IA) en France et en Europe, \u00e0 l\u2019occasion du sommet \u00ab AdoptAI \u00bb organis\u00e9 au Grand Palais \u00e0 Paris, r\u00e9unissant investisseurs, chercheurs et dirigeants d\u2019entreprises technologiques.<\/p>\n<p>\u00ab Nous devons aller beaucoup plus vite. La France peut devenir l\u2019une des grandes nations de l\u2019IA si nous faisons les bons choix d\u00e8s maintenant \u00bb, a d\u00e9clar\u00e9 le chef de l\u2019\u00c9tat en ouverture du sommet. Il a mis en avant les atouts fran\u00e7ais, citant un \u00ab r\u00e9servoir croissant de talents \u00bb, un \u00e9cosyst\u00e8me de start-up dynamique et une \u00e9nergie bas-carbone issue du parc nucl\u00e9aire. Il a \u00e9galement salu\u00e9 des entreprises comme Mistral AI, Doctolib ou Alan, qualifiant l\u2019\u00e9cosyst\u00e8me de l\u2019IA fran\u00e7ais d\u2019\u00ab extraordinairement vivant \u00bb.<\/p>\n<p>Sur le plan industriel, Macron a annonc\u00e9 l\u2019ouverture d\u2019un cinqui\u00e8me site prioritaire d\u00e9di\u00e9 aux infrastructures IA \u00e0 Dunkerque, dot\u00e9 de plus de 700 MW de capacit\u00e9, s\u2019ajoutant aux 23 sites d\u00e9j\u00e0 identifi\u00e9s. Il a aussi confirm\u00e9 l\u2019arriv\u00e9e prochaine du supercalculateur fran\u00e7ais exascale \u00ab Alice Recoque \u00bb. \u00ab Nous devons disposer en Europe d\u2019infrastructures capables de rivaliser avec les meilleures puissances technologiques \u00bb, a-t-il insist\u00e9.<\/p>\n<p>Le pr\u00e9sident a affirm\u00e9 que la priorit\u00e9 \u00e9tait d\u00e9sormais l\u2019adoption de l\u2019IA dans l\u2019\u00e9conomie et l\u2019administration, estimant que d\u2019ici 2030 \u00ab toutes les grandes entreprises et la majorit\u00e9 des PME doivent utiliser l\u2019IA de mani\u00e8re concr\u00e8te \u00bb. Pour cela, un r\u00e9seau de 300 ambassadeurs accompagnera les entreprises et 50 000 agents publics seront form\u00e9s d\u2019ici 2026.<\/p>\n<p>Emmanuel Macron a \u00e9galement appel\u00e9 \u00e0 une strat\u00e9gie europ\u00e9enne combinant simplification r\u00e9glementaire, investissements technologiques et protection accrue des march\u00e9s europ\u00e9ens face aux g\u00e9ants am\u00e9ricains et chinois. Il a annonc\u00e9 une lettre d\u2019intention associant Mistral AI, SAP, la France et l\u2019Allemagne, visant \u00e0 \u00ab mieux coordonner les efforts industriels europ\u00e9ens \u00bb.<\/p>\n<p>Le chef de l\u2019\u00c9tat a enfin propos\u00e9 de faire d\u2019AdoptAI un rendez-vous international annuel consacr\u00e9 \u00e0 l\u2019IA, estimant que l\u2019Europe doit \u00ab r\u00e9affirmer sa souverainet\u00e9 technologique et se donner les moyens d\u2019\u00eatre un acteur de premier plan dans cette r\u00e9volution \u00bb.<\/p>\n<p>                            &#13;<br \/>\n                                <a href=\"https:\/\/www.aa.com.tr\/fr\/p\/abonnement\/1001\" target=\"_blank\" style=\"font-size:12px; color:#444; text-decoration:none;\" rel=\"noopener\">&#13;<br \/>\n                                    Seulement une partie des d\u00e9p\u00eaches, que l&rsquo;Agence Anadolu diffuse \u00e0 ses abonn\u00e9s via le Syst\u00e8me de Diffusion interne (HAS), est diffus\u00e9e sur le site de l&rsquo;AA, de mani\u00e8re r\u00e9sum\u00e9e. <b style=\"color:#1897F7\">Contactez-nous s&rsquo;il vous pla\u00eet pour vous abonner.<\/b>&#13;<br \/>\n                                <\/a>&#13;<\/p>\n","protected":false},"excerpt":{"rendered":"AA \/ Istanbul \/ Ben Amed Azize Zougmore Le pr\u00e9sident fran\u00e7ais Emmanuel Macron a appel\u00e9 mardi \u00e0 une&hellip;\n","protected":false},"author":2,"featured_media":558518,"comment_status":"","ping_status":"","sticky":false,"template":"","format":"standard","meta":{"footnotes":""},"categories":[1586],"tags":[11,67565,1785,1073,1777,674,1011,27,12,25],"class_list":{"0":"post-558517","1":"post","2":"type-post","3":"status-publish","4":"format-standard","5":"has-post-thumbnail","7":"category-europe","8":"tag-actualites","9":"tag-adoptai","10":"tag-anadolu-ajansi","11":"tag-emmanuel-macron","12":"tag-eu","13":"tag-europe","14":"tag-fr","15":"tag-france","16":"tag-news","17":"tag-republique-francaise"},"share_on_mastodon":{"url":"https:\/\/pubeurope.com\/@fr\/115612554676080074","error":""},"_links":{"self":[{"href":"https:\/\/www.europesays.com\/fr\/wp-json\/wp\/v2\/posts\/558517","targetHints":{"allow":["GET"]}}],"collection":[{"href":"https:\/\/www.europesays.com\/fr\/wp-json\/wp\/v2\/posts"}],"about":[{"href":"https:\/\/www.europesays.com\/fr\/wp-json\/wp\/v2\/types\/post"}],"author":[{"embeddable":true,"href":"https:\/\/www.europesays.com\/fr\/wp-json\/wp\/v2\/users\/2"}],"replies":[{"embeddable":true,"href":"https:\/\/www.europesays.com\/fr\/wp-json\/wp\/v2\/comments?post=558517"}],"version-history":[{"count":0,"href":"https:\/\/www.europesays.com\/fr\/wp-json\/wp\/v2\/posts\/558517\/revisions"}],"wp:featuredmedia":[{"embeddable":true,"href":"https:\/\/www.europesays.com\/fr\/wp-json\/wp\/v2\/media\/558518"}],"wp:attachment":[{"href":"https:\/\/www.europesays.com\/fr\/wp-json\/wp\/v2\/media?parent=558517"}],"wp:term":[{"taxonomy":"category","embeddable":true,"href":"https:\/\/www.europesays.com\/fr\/wp-json\/wp\/v2\/categories?post=558517"},{"taxonomy":"post_tag","embeddable":true,"href":"https:\/\/www.europesays.com\/fr\/wp-json\/wp\/v2\/tags?post=558517"}],"curies":[{"name":"wp","href":"https:\/\/api.w.org\/{rel}","templated":true}]}}