{"id":558519,"date":"2025-11-25T21:52:18","date_gmt":"2025-11-25T21:52:18","guid":{"rendered":"https:\/\/www.europesays.com\/fr\/558519\/"},"modified":"2025-11-25T21:52:18","modified_gmt":"2025-11-25T21:52:18","slug":"un-mariage-gay-conclu-dans-un-etat-membre-de-lue-devra-desormais-etre-reconnu-dans-tous-les-autres","status":"publish","type":"post","link":"https:\/\/www.europesays.com\/fr\/558519\/","title":{"rendered":"Un mariage gay conclu dans un \u00c9tat membre de l&rsquo;UE devra d\u00e9sormais \u00eatre reconnu dans tous les autres"},"content":{"rendered":"<ul class=\"jsx-862013697 ArticleChapo__List\">\n<li class=\"jsx-862013697 ArticleChapo__List_Item flex\">Tout pays de l&rsquo;Union europ\u00e9enne est tenu de reconna\u00eetre un mariage gay conclu dans un autre \u00c9tat membre, selon un arr\u00eat de la Cour de justice de l&rsquo;UE publi\u00e9 ce mardi.<\/li>\n<li class=\"jsx-862013697 ArticleChapo__List_Item flex\">La CJUE avait \u00e9t\u00e9 saisie par deux Polonais mari\u00e9s en Allemagne qui se sont vus refuser la transcription de leur acte de mariage dans leur pays d&rsquo;origine.<\/li>\n<li class=\"jsx-862013697 ArticleChapo__List_Item flex\">Un refus qui est au \u00ab\u00a0contraire au droit\u00a0\u00bb europ\u00e9en, estime la CJUE.<\/li>\n<\/ul>\n<p data-module=\"article-paragraph\" class=\"jsx-3046738180 Paragraph\">Un arr\u00eat qualifi\u00e9 d&rsquo;historique par les d\u00e9fenseurs des droits LGBTQIA+. Tout pays de l&rsquo;Union europ\u00e9enne est tenu de reconna\u00eetre le <a href=\"https:\/\/www.tf1info.fr\/international\/le-mariage-pour-tous-gay-lgbtq-homosexuel-reconnu-autorise-legal-en-thailande-une-premiere-en-asie-du-sud-est-2304522.html\" target=\"_blank\" rel=\"noopener\">mariage de deux citoyens de m\u00eame sexe<\/a> conclu dans un autre \u00c9tat membre, selon cet arr\u00eat de la Cour de justice de l&rsquo;UE (CJUE) publi\u00e9 ce mardi 25 novembre.<\/p>\n<p data-module=\"article-paragraph\" class=\"jsx-3046738180 Paragraph Paragraph__End\">La cour avait \u00e9t\u00e9 saisie par deux Polonais mari\u00e9s en Allemagne en 2018 et qui se sont vu refuser la transcription de leur acte de mariage dans leur pays d&rsquo;origine, o\u00f9 l&rsquo;union entre personnes de m\u00eame sexe n&rsquo;est pas autoris\u00e9e.<\/p>\n<p>Une entrave \u00e0 la libert\u00e9 des citoyens concern\u00e9s<\/p>\n<p data-module=\"article-paragraph\" class=\"jsx-3046738180 Paragraph\">Selon la CJUE, ce refus \u00ab\u00a0est contraire au droit\u00a0\u00bb europ\u00e9en en ce qu&rsquo;il constitue une entrave \u00e0 la libert\u00e9 des citoyens concern\u00e9s de circuler d&rsquo;un pays \u00e0 l&rsquo;autre tout en jouissant de leurs droits acquis au sein de l&rsquo;Union. Il \u00ab\u00a0porte atteinte \u00e0 cette libert\u00e9 ainsi qu&rsquo;au droit au respect de la vie priv\u00e9e et familiale\u00a0\u00bb, entra\u00eenant \u00ab\u00a0de s\u00e9rieux inconv\u00e9nients administratifs, professionnels et priv\u00e9s\u00a0\u00bb et \u00ab\u00a0contraignant les \u00e9poux \u00e0 vivre en tant que c\u00e9libataires dans l&rsquo;\u00c9tat membre dont ils sont originaires\u00a0\u00bb, constate la cour.<\/p>\n<p data-module=\"article-paragraph\" class=\"jsx-3046738180 Paragraph Paragraph__End\">\u00ab\u00a0Les \u00c9tats membres sont donc oblig\u00e9s de reconna\u00eetre, aux fins de l&rsquo;exercice des droits conf\u00e9r\u00e9s par le droit de l&rsquo;Union, le statut marital acquis l\u00e9galement dans un autre \u00c9tat membre\u00a0\u00bb, ajoute-t-elle. Elle pr\u00e9cise que, pour autant, la Pologne n&rsquo;est pas tenue d&rsquo;introduire le mariage entre personnes du m\u00eame sexe dans son droit national.<\/p>\n<p><a href=\"https:\/\/www.tf1info.fr\/societe\/lgbtqia-journee-internationale-de-lutte-contre-l-homophobie-les-infractions-anti-lgbt-en-hausse-l-an-dernier-2371366.html\" rel=\"noopener\" class=\"jsx-3308031228 Link flex\" target=\"_blank\"><img decoding=\"async\" src=\"https:\/\/www.europesays.com\/fr\/wp-content\/uploads\/2025\/11\/pride-marseille-lgbt-4babc1-0@1x.jpeg\" alt=\"L\u2019initiative citoyenne europ\u00e9enne (ICE) cr\u00e9\u00e9e pour mettre un terme aux pratiques de &quot;th\u00e9rapies de conversion&quot; vient d\u2019atteindre le seuil du million de signatures, et pourra \u00eatre discut\u00e9e au Parlement europ\u00e9en.\" loading=\"lazy\" importance=\"low\" fetchpriority=\"low\" class=\"\" aria-hidden=\"true\"\/><\/p>\n<p class=\"jsx-3657663356 ReadMoreArticle__Title\">Lire aussi<\/p>\n<p class=\"jsx-3657663356\">Journ\u00e9e internationale de lutte contre l&rsquo;homophobie : les infractions anti-LGBT+ en hausse l&rsquo;an dernier<\/p>\n<p><\/a><\/p>\n<p data-module=\"article-paragraph\" class=\"jsx-3046738180 Paragraph Paragraph__End\">En attendant que la Pologne se dote de sa propre l\u00e9gislation, \u00ab\u00a0la transcription d&rsquo;un acte de mariage \u00e9tranger en polonais et son enregistrement dans les registres polonais constitue d\u00e9j\u00e0 une avanc\u00e9e significative\u00a0\u00bb, s&rsquo;est f\u00e9licit\u00e9 Przemyslaw Walas, un responsable de l&rsquo;ONG polonaise Campagne contre l&rsquo;homophobie (KPH). Les associations estiment \u00e0 environ 30.000 \u00e0 40.000 de tels mariages conclus par des citoyens polonais \u00e0 l&rsquo;\u00e9tranger.\u00a0<\/p>\n<p>N.K avec AFP<\/p>\n","protected":false},"excerpt":{"rendered":"Tout pays de l&rsquo;Union europ\u00e9enne est tenu de reconna\u00eetre un mariage gay conclu dans un autre \u00c9tat membre,&hellip;\n","protected":false},"author":2,"featured_media":558520,"comment_status":"","ping_status":"","sticky":false,"template":"","format":"standard","meta":{"footnotes":""},"categories":[1586],"tags":[1111,11,1921,1777,674,1779,1011,27,1922,303,67554,12,25,1778,364,133,5010],"class_list":{"0":"post-558519","1":"post","2":"type-post","3":"status-publish","4":"format-standard","5":"has-post-thumbnail","7":"category-europe","8":"tag-actu","9":"tag-actualites","10":"tag-article-video","11":"tag-eu","12":"tag-europe","13":"tag-european-union","14":"tag-fr","15":"tag-france","16":"tag-info","17":"tag-justice","18":"tag-mariage-homosexuel","19":"tag-news","20":"tag-republique-francaise","21":"tag-ue","22":"tag-union-europeenne","23":"tag-video","24":"tag-video-sujets-de-societe"},"share_on_mastodon":{"url":"https:\/\/pubeurope.com\/@fr\/115612559593593957","error":""},"_links":{"self":[{"href":"https:\/\/www.europesays.com\/fr\/wp-json\/wp\/v2\/posts\/558519","targetHints":{"allow":["GET"]}}],"collection":[{"href":"https:\/\/www.europesays.com\/fr\/wp-json\/wp\/v2\/posts"}],"about":[{"href":"https:\/\/www.europesays.com\/fr\/wp-json\/wp\/v2\/types\/post"}],"author":[{"embeddable":true,"href":"https:\/\/www.europesays.com\/fr\/wp-json\/wp\/v2\/users\/2"}],"replies":[{"embeddable":true,"href":"https:\/\/www.europesays.com\/fr\/wp-json\/wp\/v2\/comments?post=558519"}],"version-history":[{"count":0,"href":"https:\/\/www.europesays.com\/fr\/wp-json\/wp\/v2\/posts\/558519\/revisions"}],"wp:featuredmedia":[{"embeddable":true,"href":"https:\/\/www.europesays.com\/fr\/wp-json\/wp\/v2\/media\/558520"}],"wp:attachment":[{"href":"https:\/\/www.europesays.com\/fr\/wp-json\/wp\/v2\/media?parent=558519"}],"wp:term":[{"taxonomy":"category","embeddable":true,"href":"https:\/\/www.europesays.com\/fr\/wp-json\/wp\/v2\/categories?post=558519"},{"taxonomy":"post_tag","embeddable":true,"href":"https:\/\/www.europesays.com\/fr\/wp-json\/wp\/v2\/tags?post=558519"}],"curies":[{"name":"wp","href":"https:\/\/api.w.org\/{rel}","templated":true}]}}