{"id":558523,"date":"2025-11-25T21:54:13","date_gmt":"2025-11-25T21:54:13","guid":{"rendered":"https:\/\/www.europesays.com\/fr\/558523\/"},"modified":"2025-11-25T21:54:13","modified_gmt":"2025-11-25T21:54:13","slug":"les-bonnes-pratiques-de-lagence-gouvernementale-de-cybersecurite-pour-se-proteger-liberation","status":"publish","type":"post","link":"https:\/\/www.europesays.com\/fr\/558523\/","title":{"rendered":"les bonnes pratiques de l\u2019agence gouvernementale de cybers\u00e9curit\u00e9 pour se prot\u00e9ger \u2013 Lib\u00e9ration"},"content":{"rendered":"<p class=\"sc-cPiKLX AiZTS text-element\">Le constat est unanime, rappel\u00e9 encore il y a quinze jours <a href=\"https:\/\/www.youtube.com\/shorts\/qo-GJGGrT2c\" target=\"_blank\" rel=\"noopener\" title=\"https:\/\/www.youtube.com\/shorts\/qo-GJGGrT2c\">dans la matinale de France Inter<\/a> par Nicolas Lerner, le patron de la DGSE, le renseignement ext\u00e9rieur fran\u00e7ais : \u00abUn t\u00e9l\u00e9phone, c\u2019est un espion, c\u2019est un mouchard que vous avez dans votre poche.\u00bb La formule n\u2019a sans doute jamais \u00e9t\u00e9 aussi vraie : parce que les applications mobiles s\u2019invitent d\u00e9sormais dans tous les aspects de nos vies, ou peu s\u2019en faut, parce que nous leur confions toujours plus de donn\u00e9es, mais aussi parce que les capacit\u00e9s d\u2019intrusion informatique n\u2019ont jamais prolif\u00e9r\u00e9 entre autant de mains, \u00e0 la faveur du florissant commerce des logiciels espions.<\/p>\n<p class=\"sc-cPiKLX AiZTS text-element\">Le rapport que l\u2019Agence nationale de la s\u00e9curit\u00e9 des syst\u00e8mes d\u2019information (Anssi) consacre \u00e0 l\u2019\u00ab\u00e9tat de la menace depuis 2015\u00bb concernant les t\u00e9l\u00e9phones mobiles, \u00e0 para\u00eetre ce mercredi 26 novembre et que Lib\u00e9ration a lu en avant-premi\u00e8re, expose, en une synth\u00e8se dense d\u2019une quarantaine de pages, \u00e0 la fois l\u2019ampleur du probl\u00e8me et les \u00abbonnes pratiques\u00bb \u00e0 mettre en \u0153uvre pour s\u2019en prot\u00e9ger. En mettant les ph\u00e9nom\u00e8nes \u00e0 leur juste place : si les tentatives d\u2019hame\u00e7onnage des cybercriminels <a href=\"https:\/\/www.liberation.fr\/societe\/les-10-regles-a-respecter-pour-eviter-les-arnaques-aux-sms-20240129_WWCWPM7TQZENZBEV3PAWH575VQ\/\" target=\"_blank\" rel=\"noreferrer noopener\" title=\"https:\/\/www.liberation.fr\/societe\/les-10-&lt;\/p&gt;&lt;\/div&gt;&lt;\/article&gt;&lt;\/div&gt;&lt;div data-fusion-lazy-id=\" f0f8vgvlad832fw=\"\"><\/p>\n","protected":false},"excerpt":{"rendered":"Le constat est unanime, rappel\u00e9 encore il y a quinze jours dans la matinale de France Inter par&hellip;\n","protected":false},"author":2,"featured_media":558524,"comment_status":"","ping_status":"","sticky":false,"template":"","format":"standard","meta":{"footnotes":""},"categories":[2],"tags":[11,16968,1075,1011,27,12,25],"class_list":{"0":"post-558523","1":"post","2":"type-post","3":"status-publish","4":"format-standard","5":"has-post-thumbnail","7":"category-actualites","8":"tag-actualites","9":"tag-cybercriminalite","10":"tag-cybersecurite","11":"tag-fr","12":"tag-france","13":"tag-news","14":"tag-republique-francaise"},"share_on_mastodon":{"url":"https:\/\/pubeurope.com\/@fr\/115612566492032014","error":""},"_links":{"self":[{"href":"https:\/\/www.europesays.com\/fr\/wp-json\/wp\/v2\/posts\/558523","targetHints":{"allow":["GET"]}}],"collection":[{"href":"https:\/\/www.europesays.com\/fr\/wp-json\/wp\/v2\/posts"}],"about":[{"href":"https:\/\/www.europesays.com\/fr\/wp-json\/wp\/v2\/types\/post"}],"author":[{"embeddable":true,"href":"https:\/\/www.europesays.com\/fr\/wp-json\/wp\/v2\/users\/2"}],"replies":[{"embeddable":true,"href":"https:\/\/www.europesays.com\/fr\/wp-json\/wp\/v2\/comments?post=558523"}],"version-history":[{"count":0,"href":"https:\/\/www.europesays.com\/fr\/wp-json\/wp\/v2\/posts\/558523\/revisions"}],"wp:featuredmedia":[{"embeddable":true,"href":"https:\/\/www.europesays.com\/fr\/wp-json\/wp\/v2\/media\/558524"}],"wp:attachment":[{"href":"https:\/\/www.europesays.com\/fr\/wp-json\/wp\/v2\/media?parent=558523"}],"wp:term":[{"taxonomy":"category","embeddable":true,"href":"https:\/\/www.europesays.com\/fr\/wp-json\/wp\/v2\/categories?post=558523"},{"taxonomy":"post_tag","embeddable":true,"href":"https:\/\/www.europesays.com\/fr\/wp-json\/wp\/v2\/tags?post=558523"}],"curies":[{"name":"wp","href":"https:\/\/api.w.org\/{rel}","templated":true}]}}