{"id":558532,"date":"2025-11-25T22:03:17","date_gmt":"2025-11-25T22:03:17","guid":{"rendered":"https:\/\/www.europesays.com\/fr\/558532\/"},"modified":"2025-11-25T22:03:17","modified_gmt":"2025-11-25T22:03:17","slug":"comment-loic-a-survecu-aux-46c-du-bikingman-maroc","status":"publish","type":"post","link":"https:\/\/www.europesays.com\/fr\/558532\/","title":{"rendered":"Comment Lo\u00efc a surv\u00e9cu aux 46\u00b0C du Bikingman Maroc"},"content":{"rendered":"<p>Pour qu&rsquo;il nous \u00e9voque son Bikingman et son v\u00e9lo gravel, le Orbea Terra, on a retrouv\u00e9 Lo\u00efc Chetout au Roc d\u2019Azur. Le gaillard parle comme il roule\u202f: sans freins, sans filtre, sans pause. Entre deux relances et trois remarques sur la trace, il nous a racont\u00e9 son \u00e9preuve ultradistance au Maroc, son duo avec C\u00e9line Pari\u00e8s et les 1000 kilom\u00e8tres pass\u00e9s sur leurs v\u00e9los. Une discussion en mouvement, plus naturelle qu\u2019un entretien statique, \u00e0 d\u00e9couvrir dans la vid\u00e9o ci-dessous et l&rsquo;article juste apr\u00e8s.<\/p>\n<p><img decoding=\"async\" src=\"data:image\/gif;base64,R0lGODlhAQABAIAAAAAAAP\/\/\/yH5BAEAAAAALAAAAAABAAEAAAIBRAA7\" class=\"lazy lazy-hidden\" data-lazy-type=\"iframe\" data-lazy-src=\"&lt;iframe loading=&quot;lazy&quot; title=&quot;Comment Lo\u00efc a surv\u00e9cu aux 46\u00b0C du Bikingman Maroc ?!&quot; width=&quot;500&quot; height=&quot;281&quot; src=&quot;https:\/\/www.youtube.com\/embed\/Q1HcHHyzjUU?feature=oembed&quot; frameborder=&quot;0&quot; allow=&quot;accelerometer; autoplay; clipboard-write; encrypted-media; gyroscope; picture-in-picture; web-share&quot; referrerpolicy=&quot;strict-origin-when-cross-origin&quot; allowfullscreen&gt;&lt;\/iframe&gt;\" alt=\"\"\/><\/p>\n<p>Retour sur le Bikingman Maroc avec Lo\u00efc Chetout et son Orbea Terra : pourquoi rester immobile\u00a0quand on peut \u00eatre en mouvement<\/p>\n<p>Orbea nous proposait une interview classique. Assise, pos\u00e9e, cadr\u00e9e. Mais aller discuter avec Lo\u00efc Chetout de cette mani\u00e8re, c\u2019est un peu comme faire un Bikingman sur home-trainer : techniquement possible, mais un peu hors contexte en d\u00e9finitive.<\/p>\n<p><a href=\"https:\/\/weelz.ouest-france.fr\/wp-content\/uploads\/2025\/11\/weelz-x-orbea-terra-loic-chetout-sans-les-freins-bikingman-1000-maroc-interview-3-1-scaled.webp\" target=\"_blank\" rel=\"noopener\"><img loading=\"lazy\" decoding=\"async\" width=\"2048\" height=\"1152\" data-id=\"70358\" src=\"data:image\/gif;base64,R0lGODlhAQABAIAAAAAAAP\/\/\/yH5BAEAAAAALAAAAAABAAEAAAIBRAA7\" data-lazy-type=\"image\" data-lazy-src=\"https:\/\/www.europesays.com\/fr\/wp-content\/uploads\/2025\/11\/weelz-x-orbea-terra-loic-chetout-sans-les-freins-bikingman-1000-maroc-interview-3-1-2048x1152.webp.webp\" alt=\"\" class=\"lazy lazy-hidden wp-image-70358\" data-lazy- data-lazy-\/><\/a><br \/>\n<a href=\"https:\/\/weelz.ouest-france.fr\/wp-content\/uploads\/2025\/11\/weelz-x-orbea-terra-loic-chetout-sans-les-freins-bikingman-1000-maroc-interview-4-scaled.webp\" target=\"_blank\" rel=\"noopener\"><img loading=\"lazy\" decoding=\"async\" width=\"2048\" height=\"1152\" data-id=\"70359\" src=\"data:image\/gif;base64,R0lGODlhAQABAIAAAAAAAP\/\/\/yH5BAEAAAAALAAAAAABAAEAAAIBRAA7\" data-lazy-type=\"image\" data-lazy-src=\"https:\/\/www.europesays.com\/fr\/wp-content\/uploads\/2025\/11\/weelz-x-orbea-terra-loic-chetout-sans-les-freins-bikingman-1000-maroc-interview-4-2048x1152.webp.webp\" alt=\"\" class=\"lazy lazy-hidden wp-image-70359\" data-lazy- data-lazy-\/><\/a><br \/>\n<a href=\"https:\/\/weelz.ouest-france.fr\/wp-content\/uploads\/2025\/11\/weelz-x-orbea-terra-loic-chetout-sans-les-freins-bikingman-1000-maroc-interview-1-scaled.webp\" target=\"_blank\" rel=\"noopener\"><img loading=\"lazy\" decoding=\"async\" width=\"2048\" height=\"1152\" data-id=\"70353\" src=\"data:image\/gif;base64,R0lGODlhAQABAIAAAAAAAP\/\/\/yH5BAEAAAAALAAAAAABAAEAAAIBRAA7\" data-lazy-type=\"image\" data-lazy-src=\"https:\/\/www.europesays.com\/fr\/wp-content\/uploads\/2025\/11\/weelz-x-orbea-terra-loic-chetout-sans-les-freins-bikingman-1000-maroc-interview-1-2048x1152.webp.webp\" alt=\"Lo\u00efc Chetout, ex-cycliste pro, YouTubeur, ultracycliste, coach sportif, avec son Orbea Terra\" class=\"lazy lazy-hidden wp-image-70353\" data-lazy- data-lazy-\/><\/a><br \/>\nLo\u00efc Chetout, ex-cycliste pro, YouTubeur, ultracycliste, coach sportif et expert en trajectoires sans les freins<\/p>\n<p>Alors on l\u2019a retrouv\u00e9 sur la rando Roc Gravel, histoire de le laisser raconter son Bikingman marocain pendant qu\u2019on p\u00e9dalait avec lui (enfin plut\u00f4t, derri\u00e8re lui). Une discussion dynamique, entre quelques vannes et des singles descendants \u00e0 fond de train.<\/p>\n<p>Avec cet ancien cycliste pro et d\u00e9sormais coach sportif et YouTubeur, aussi bavard que taquin, ce format s\u2019est vite impos\u00e9. Il nous a expliqu\u00e9 comment il avait travers\u00e9 1000 kilom\u00e8tres de chaleur, de caillasse et d\u2019Atlas marocain, avec son Orbea Terra.<\/p>\n<p>Le Bikingman au Maroc racont\u00e9 depuis le terrain<\/p>\n<p>Lo\u00efc l\u2019a fait en duo avec C\u00e9line Pari\u00e8s, dirigeante de la <a href=\"https:\/\/www.paries.fr\/\" target=\"_blank\" rel=\"noopener\">Maison Pari\u00e8s<\/a>, un confiseur de renom au Pays Basque. Mille kilom\u00e8tres \u00e0 travers l\u2019Atlas et les zones d\u00e9sertiques. 91\u00a0heures d\u2019aventure, dont 57\u00a0heures de selle.<\/p>\n<p><a href=\"https:\/\/www.europesays.com\/fr\/wp-content\/uploads\/2025\/11\/weelz-x-orbea-terra-loic-chetout-sans-les-freins-bikingman-1000-maroc-interview-3.webp.webp\"><img loading=\"lazy\" decoding=\"async\" width=\"1599\" height=\"1066\" src=\"data:image\/gif;base64,R0lGODlhAQABAIAAAAAAAP\/\/\/yH5BAEAAAAALAAAAAABAAEAAAIBRAA7\" data-lazy-type=\"image\" data-lazy-src=\"https:\/\/www.europesays.com\/fr\/wp-content\/uploads\/2025\/11\/weelz-x-orbea-terra-loic-chetout-sans-les-freins-bikingman-1000-maroc-interview-3.webp.webp\" alt=\"\" class=\"lazy lazy-hidden wp-image-70357\" data-lazy- data-lazy-\/><\/a>Lo\u00efc Chetout et sa coll\u00e8gue de Bikingman 1000, C\u00e9line Pari\u00e8s \u00a9 Bikingman<\/p>\n<p>Une \u00e9preuve qui n\u2019a rien de la balade touristique\u00a0: 40\u00a0% d\u2019abandons, et des sections techniques qui flirtent franchement avec le VTT. Il faut dire que la chaleur \u00e9tait extr\u00eame ; jusqu&rsquo;\u00e0 46\u00b0C sur la premi\u00e8re journ\u00e9e. \u00ab J&rsquo;ai fait une grosse d\u00e9shydratation, sans m&rsquo;en rendre compte. J\u2019ai bu 8 litres et j\u2019avan\u00e7ais pas \u00bb, nous dit-il.<\/p>\n<p>La gestion du sommeil n\u2019a pas \u00e9t\u00e9 plus simple. L\u2019id\u00e9e de d\u00e9part\u00a0: faire 250\u00a0kilom\u00e8tres par jour, avec quatre ou cinq heures de repos sur chaque checkpoint. La r\u00e9alit\u00e9\u00a0: une heure de moins chaque nuit, jusqu\u2019\u00e0 n\u2019en garder qu\u2019une seule pour la derni\u00e8re partie.<\/p>\n<p>Le Orbea Terra, troisi\u00e8me membre du duo<\/p>\n<p>Lo\u00efc et C\u00e9line roulaient tous deux sur le nouveau Orbea Terra. Celui <a href=\"https:\/\/weelz.ouest-france.fr\/nouveau-orbea-terra-le-gravel-longue-distance-a-la-sauce-basque\/\" target=\"_blank\" rel=\"noopener\">que j&rsquo;avais d\u00e9couvert<\/a> et tester lors d&rsquo;un press camp en mai dernier. En bon routier\u00a0qui se respecte, le Youtubeur pr\u00e9f\u00e8re rouler\u00a0sur des machines ultralight de 6 kg. Il a n\u00e9anmoins \u00e9t\u00e9 tr\u00e8s surpris\u00a0du comportement du v\u00e9lo gravel basque.<\/p>\n<p><a href=\"https:\/\/www.europesays.com\/fr\/wp-content\/uploads\/2025\/11\/weelz-x-orbea-terra-loic-chetout-sans-les-freins-bikingman-1000-maroc-interview-5.webp.webp\"><img loading=\"lazy\" decoding=\"async\" width=\"1599\" height=\"1066\" src=\"data:image\/gif;base64,R0lGODlhAQABAIAAAAAAAP\/\/\/yH5BAEAAAAALAAAAAABAAEAAAIBRAA7\" data-lazy-type=\"image\" data-lazy-src=\"https:\/\/www.europesays.com\/fr\/wp-content\/uploads\/2025\/11\/weelz-x-orbea-terra-loic-chetout-sans-les-freins-bikingman-1000-maroc-interview-5.webp.webp\" alt=\"Lo\u00efc Chetout et sa coll\u00e8gue de Bikingman 1000, C\u00e9line Pari\u00e8s, avec son Orbea Terra\" class=\"lazy lazy-hidden wp-image-70355\" data-lazy- data-lazy-\/><\/a>Le Orbea Terra de C\u00e9line \u00a9 Bikingman<\/p>\n<p>\u00ab Dans ma t\u00eate, j&rsquo;allais partir avec une enclume ! \u00bb, nous confie-t-il en se marrant. Le v\u00e9lo gravel en carbone du fabricant de Mallabia reste pour autant l&rsquo;un des plus l\u00e9gers du march\u00e9 ; un peu plus de 8 kg seulement.<\/p>\n<p>Avec un chargement d&rsquo;environ 6 kg pour C\u00e9line comme pour Lo\u00efc, le Terra s&rsquo;est finalement av\u00e9r\u00e9 maniable, stable, assez confortable pour absorber la fatigue cumulative. Lo\u00efc insiste sur ce point\u00a0: il s\u2019est senti bien sur ce cadre pens\u00e9 pour la longue distance, \u00ab destin\u00e9 \u00e0 \u00eatre charg\u00e9 et \u00e0 rouler des heures et des heures \u00bb, dixit l&rsquo;int\u00e9ress\u00e9.<\/p>\n<p>Mental de finishers<\/p>\n<p>Dans ce genre d&rsquo;\u00e9preuve d&rsquo;ultradistance, le r\u00e9sultat importe presque moins que le fait de simplement franchir la ligne d&rsquo;arriv\u00e9e. 40% d&rsquo;abandon, rappelez-vous ! N\u00e9anmoins, C\u00e9line et Lo\u00efc terminent joliment leur aventure avec une tr\u00e8s belle seconde place sur le podium dans le classement duo. Ils arrivent 16\u1d49 et 17\u1d49 au g\u00e9n\u00e9ral, pour 90 participants. Pas mal, non ?<\/p>\n<p><a href=\"https:\/\/www.europesays.com\/fr\/wp-content\/uploads\/2025\/11\/weelz-x-orbea-terra-loic-chetout-sans-les-freins-bikingman-1000-maroc-interview-4-2.webp.webp\"><img loading=\"lazy\" decoding=\"async\" width=\"1599\" height=\"1066\" src=\"data:image\/gif;base64,R0lGODlhAQABAIAAAAAAAP\/\/\/yH5BAEAAAAALAAAAAABAAEAAAIBRAA7\" data-lazy-type=\"image\" data-lazy-src=\"https:\/\/www.europesays.com\/fr\/wp-content\/uploads\/2025\/11\/weelz-x-orbea-terra-loic-chetout-sans-les-freins-bikingman-1000-maroc-interview-4-2.webp.webp\" alt=\"\" class=\"lazy lazy-hidden wp-image-70360\" data-lazy- data-lazy-\/><\/a>\u00a9 Bikingman<\/p>\n<p>Si vous voulez avoir plus de d\u00e9tails sur cette aventure\u00a0marocaine de 1000 km, Lo\u00efc a fait <a href=\"https:\/\/www.youtube.com\/watch?v=dQ0AQqzAqG4\" target=\"_blank\" rel=\"noopener\">un r\u00e9cap complet<\/a>\u00a0de pr\u00e8s d&rsquo;une heure. Sinon, pour suivre tout simplement Lo\u00efc dans ses prochaines aventures, abonnez-vous \u00e0 sa chaine YouTube \u00ab\u00a0<a href=\"https:\/\/www.youtube.com\/@Sanslesfreins77\" target=\"_blank\" rel=\"noopener\">Sans les freins<\/a>\u00a0\u00bb ; il est aussi pr\u00e9sent <a href=\"https:\/\/www.instagram.com\/loicchetout\/\" target=\"_blank\" rel=\"noopener\">sur Instagram<\/a>.<\/p>\n<p>Pour en savoir plus\u00a0sur le Orbea Terra, vous pouvez aller <a href=\"https:\/\/weelz.ouest-france.fr\/nouveau-orbea-terra-le-gravel-longue-distance-a-la-sauce-basque\/\" target=\"_blank\" rel=\"noopener\">lire ma prise en main<\/a>\u00a0au Pays basque espagnol. Lors de notre interview avec Lo\u00efc dans le Sud, je roulais sur le <a href=\"https:\/\/weelz.ouest-france.fr\/orbea-terra-race-un-velo-gravel-qui-joue-dans-la-cour-des-tres-rapides\/\" target=\"_blank\" rel=\"noopener\">Terra Race<\/a>, la version\u00a0orient\u00e9e\u00a0performance.<\/p>\n<p><strong>Vous avez aim\u00e9 cet article ?<\/strong> N&rsquo;h\u00e9sitez-pas \u00e0 <a href=\"https:\/\/weelz.ouest-france.fr\/newsletter-velo\/\" target=\"_blank\" rel=\"noopener\">vous abonner \u00e0 notre newsletter<\/a>. Vous pouvez aussi nous ajouter en favoris directement dans <a href=\"https:\/\/news.google.com\/publications\/CAAqBwgKMJ3Eugswqt_RAw?hl=fr&amp;gl=FR&amp;ceid=FR%3Afr\" rel=\"external noopener\" target=\"_blank\">Google News<\/a> ou encore nous suivre via <a href=\"https:\/\/bit.ly\/weelz-whatsapp\" target=\"_blank\" rel=\"noopener\">notre chaine WhatsApp<\/a>. Une question, une remarque ? <a href=\"https:\/\/weelz.ouest-france.fr\/contacter-weelz\/\" target=\"_blank\" rel=\"noopener\">Contactez-nous<\/a>.<\/p>\n<p><script async src=\"\/\/www.instagram.com\/embed.js\"><\/script><\/p>\n","protected":false},"excerpt":{"rendered":"Pour qu&rsquo;il nous \u00e9voque son Bikingman et son v\u00e9lo gravel, le Orbea Terra, on a retrouv\u00e9 Lo\u00efc Chetout&hellip;\n","protected":false},"author":2,"featured_media":558533,"comment_status":"","ping_status":"","sticky":false,"template":"","format":"standard","meta":{"footnotes":""},"categories":[1411],"tags":[1154,207,1011,27,60],"class_list":{"0":"post-558532","1":"post","2":"type-post","3":"status-publish","4":"format-standard","5":"has-post-thumbnail","7":"category-cyclisme","8":"tag-cycling","9":"tag-cyclisme","10":"tag-fr","11":"tag-france","12":"tag-sports"},"share_on_mastodon":{"url":"https:\/\/pubeurope.com\/@fr\/115612601936830652","error":""},"_links":{"self":[{"href":"https:\/\/www.europesays.com\/fr\/wp-json\/wp\/v2\/posts\/558532","targetHints":{"allow":["GET"]}}],"collection":[{"href":"https:\/\/www.europesays.com\/fr\/wp-json\/wp\/v2\/posts"}],"about":[{"href":"https:\/\/www.europesays.com\/fr\/wp-json\/wp\/v2\/types\/post"}],"author":[{"embeddable":true,"href":"https:\/\/www.europesays.com\/fr\/wp-json\/wp\/v2\/users\/2"}],"replies":[{"embeddable":true,"href":"https:\/\/www.europesays.com\/fr\/wp-json\/wp\/v2\/comments?post=558532"}],"version-history":[{"count":0,"href":"https:\/\/www.europesays.com\/fr\/wp-json\/wp\/v2\/posts\/558532\/revisions"}],"wp:featuredmedia":[{"embeddable":true,"href":"https:\/\/www.europesays.com\/fr\/wp-json\/wp\/v2\/media\/558533"}],"wp:attachment":[{"href":"https:\/\/www.europesays.com\/fr\/wp-json\/wp\/v2\/media?parent=558532"}],"wp:term":[{"taxonomy":"category","embeddable":true,"href":"https:\/\/www.europesays.com\/fr\/wp-json\/wp\/v2\/categories?post=558532"},{"taxonomy":"post_tag","embeddable":true,"href":"https:\/\/www.europesays.com\/fr\/wp-json\/wp\/v2\/tags?post=558532"}],"curies":[{"name":"wp","href":"https:\/\/api.w.org\/{rel}","templated":true}]}}