{"id":558536,"date":"2025-11-25T22:05:12","date_gmt":"2025-11-25T22:05:12","guid":{"rendered":"https:\/\/www.europesays.com\/fr\/558536\/"},"modified":"2025-11-25T22:05:12","modified_gmt":"2025-11-25T22:05:12","slug":"geraldine-maillet-devoile-son-salaire-en-plein-direct-et-c","status":"publish","type":"post","link":"https:\/\/www.europesays.com\/fr\/558536\/","title":{"rendered":"G\u00e9raldine Maillet d\u00e9voile son salaire en plein direct et C &#8230;"},"content":{"rendered":"<p>EN BREF<\/p>\n<ul class=\"bloc_resume_post_list\">\n<li>Le 25 novembre, les chroniqueurs de TBT9 discutent de la<br \/>\nfortune de Cyril Hanouna, qui reste \u00e9vasif sur son<br \/>\nsalaire.<\/li>\n<li>Christine Bravo r\u00e9v\u00e8le un cachet de 4000 euros par<br \/>\n\u00e9mission, suscitant des r\u00e9actions incr\u00e9dules de ses<br \/>\ncoll\u00e8gues.<\/li>\n<li>Les d\u00e9clarations contradictoires de Christine Bravo<br \/>\nlaissent planer le doute sur la r\u00e9alit\u00e9 des salaires dans<br \/>\nl\u00a0\u00bb\u00e9mission.<\/li>\n<\/ul>\n<p>La vie priv\u00e9e des chroniqueurs est un sujet r\u00e9current dans TBT9.<br \/>\nQuand ils ne parlent pas de leur vie sexuelle, ces derniers<br \/>\n\u00e9voquent r\u00e9guli\u00e8rement un autre sujet tabou : l\u2019argent. Ce mardi 25<br \/>\nnovembre, <strong>la fortune suppos\u00e9e<\/strong> de <a href=\"https:\/\/www.telestar.fr\/actu_tv\/on-est-angoisse-tous-les-jours-cyril-hanouna-vire-du-plateau-son-chroniqueur-pour-avoir-ose-se-plaindre-1745986\" target=\"_blank\" rel=\"noopener\"><br \/>\nCyril Hanouna<\/a> a de nouveau piqu\u00e9 la curiosit\u00e9 du plateau, les<br \/>\nchroniqueurs sp\u00e9culant sur le salaire de leur patron. Comme \u00e0 son<br \/>\nhabitude, l\u2019animateur est rest\u00e9 tr\u00e8s \u00e9vasif sur le sujet, ne<br \/>\nfaisant qu\u2019embraser les rumeurs sur sa situation financi\u00e8re, qui<br \/>\nserait on-ne-peut-plus confortable.\u00a0<\/p>\n<p>TBT9 : Christine Bravo r\u00e9v\u00e8le un cachet par \u00e9mission<br \/>\nmirobolant<\/p>\n<p>Si Cyril Hanouna a choisi de ne piper mot, d\u2019autres membres de<br \/>\nl\u2019\u00e9quipe se sont montr\u00e9s plus bavards sur leur situation<br \/>\npersonnelle. <a href=\"https:\/\/www.telestar.fr\/actu_tv\/catastrophe-daudience-sur-rmc-life-lemission-de-christine-bravo-deprogrammee-illico-1744590\" target=\"_blank\" rel=\"noopener\"><br \/>\nChristine Bravo<\/a>, par exemple, s\u2019est confi\u00e9e sur le cachet<br \/>\nqu\u2019elle touchait par \u00e9mission dans TBT9, en pr\u00e9cisant qu\u2019il \u00e9tait<br \/>\nsimilaire \u00e0 celui qu\u2019elle percevait pour Les Grosses T\u00eates. Selon<br \/>\nses dires, l\u2019animatrice toucherait <strong>4000 euros par<br \/>\n\u00e9mission<\/strong>, de quoi laisser ses coll\u00e8gues bouche<br \/>\nb\u00e9e.\u00a0<\/p>\n<p>S\u2019agit-il d\u2019une farce de Christine Bravo ? \u201cIci, elle est pay\u00e9e<br \/>\ncomme tout le monde\u201d, assure Cyril Hanouna, en assurant qu\u2019elle<br \/>\nraconte des balivernes. \u201cChristine, dis la v\u00e9rit\u00e9\u201d, insiste-t-il<br \/>\navant d\u2019ajouter : <strong>\u201c Je vous jure que c\u2019est pas vrai<br \/>\n!<\/strong>\u201d. M\u00e9dus\u00e9s, les autres chroniqueurs ont remis en<br \/>\nquestion leur propre salaire.\u00a0<\/p>\n<p>TBT9 : \u201cBeaucoup moins que\u2026\u201d, G\u00e9raldine<br \/>\nMaillet cash sur son salaire<\/p>\n<p><a href=\"https:\/\/www.telestar.fr\/people\/geraldine-maillet-grassement-payee-a-tpmp-son-rapport-a-largent-vient-dune-blessure-denfance-1714485\" target=\"_blank\" rel=\"noopener\"><br \/>\nInterrog\u00e9e sur combien elle \u00e9tait pay\u00e9e, G\u00e9raldine Maillet<\/a> a<br \/>\nd\u2019embl\u00e9e r\u00e9pondu : \u201cAlors beaucoup moins que Christine Bravo du<br \/>\ncoup ! Je suis pay\u00e9e <strong>600 euros par \u00e9mission<\/strong>\u201d<br \/>\n. \u201cC\u2019est minable !\u201d, r\u00e9torque <a href=\"https:\/\/www.telestar.fr\/people\/frou-frou-christine-bravo-balance-sur-lattitude-cauchemardesque-de-cette-star-a-qui-elle-en-veut-encore-terriblement-1739009\" target=\"_blank\" rel=\"noopener\"><br \/>\nl\u2019ancienne animatrice de Frou-Frou<\/a>. \u201cArr\u00eates, tu me fous la<br \/>\nmerde\u201d, lui lance alors Cyril Hanouna, un sourire au coin des<br \/>\nl\u00e8vres. \u201cBien s\u00fbr que je plaisante !\u201d, avoue finalement<br \/>\nChristine Bravo. Sauf qu\u2019\u00e0 force de souffler le chaud et le froid,<br \/>\nl\u2019animatrice a fini par semer le doute aupr\u00e8s de ses coll\u00e8gues et<br \/>\ndu public, qui ne savent plus s\u2019ils doivent la croire ou<br \/>\nnon.\u00a0<\/p>\n","protected":false},"excerpt":{"rendered":"EN BREF Le 25 novembre, les chroniqueurs de TBT9 discutent de la fortune de Cyril Hanouna, qui reste&hellip;\n","protected":false},"author":2,"featured_media":558537,"comment_status":"","ping_status":"","sticky":false,"template":"","format":"standard","meta":{"footnotes":""},"categories":[1359],"tags":[548,58,59,1011,27,973,47264],"class_list":{"0":"post-558536","1":"post","2":"type-post","3":"status-publish","4":"format-standard","5":"has-post-thumbnail","7":"category-people","8":"tag-article-simple","9":"tag-divertissement","10":"tag-entertainment","11":"tag-fr","12":"tag-france","13":"tag-people","14":"tag-tbt9"},"share_on_mastodon":{"url":"https:\/\/pubeurope.com\/@fr\/115612609775317558","error":""},"_links":{"self":[{"href":"https:\/\/www.europesays.com\/fr\/wp-json\/wp\/v2\/posts\/558536","targetHints":{"allow":["GET"]}}],"collection":[{"href":"https:\/\/www.europesays.com\/fr\/wp-json\/wp\/v2\/posts"}],"about":[{"href":"https:\/\/www.europesays.com\/fr\/wp-json\/wp\/v2\/types\/post"}],"author":[{"embeddable":true,"href":"https:\/\/www.europesays.com\/fr\/wp-json\/wp\/v2\/users\/2"}],"replies":[{"embeddable":true,"href":"https:\/\/www.europesays.com\/fr\/wp-json\/wp\/v2\/comments?post=558536"}],"version-history":[{"count":0,"href":"https:\/\/www.europesays.com\/fr\/wp-json\/wp\/v2\/posts\/558536\/revisions"}],"wp:featuredmedia":[{"embeddable":true,"href":"https:\/\/www.europesays.com\/fr\/wp-json\/wp\/v2\/media\/558537"}],"wp:attachment":[{"href":"https:\/\/www.europesays.com\/fr\/wp-json\/wp\/v2\/media?parent=558536"}],"wp:term":[{"taxonomy":"category","embeddable":true,"href":"https:\/\/www.europesays.com\/fr\/wp-json\/wp\/v2\/categories?post=558536"},{"taxonomy":"post_tag","embeddable":true,"href":"https:\/\/www.europesays.com\/fr\/wp-json\/wp\/v2\/tags?post=558536"}],"curies":[{"name":"wp","href":"https:\/\/api.w.org\/{rel}","templated":true}]}}