{"id":558540,"date":"2025-11-25T22:08:26","date_gmt":"2025-11-25T22:08:26","guid":{"rendered":"https:\/\/www.europesays.com\/fr\/558540\/"},"modified":"2025-11-25T22:08:26","modified_gmt":"2025-11-25T22:08:26","slug":"georges-decouvre-que-melody-et-bastien-ont-menti-a-propos-de-lagression-de-marceau-le-resume-de-lepisode-2082-du-mercredi-26-novembre-2025","status":"publish","type":"post","link":"https:\/\/www.europesays.com\/fr\/558540\/","title":{"rendered":"Georges d\u00e9couvre que M\u00e9lody et Bastien ont menti \u00e0 propos de l&rsquo;agression de Marceau ! Le r\u00e9sum\u00e9 de l&rsquo;\u00e9pisode 2082 du mercredi 26 novembre 2025"},"content":{"rendered":"<p><b>Mercredi 26\u00a0novembre 2025\u00a0dans l&rsquo;\u00e9pisode 2082 de\u00a0<\/b><b>Demain nous appartient\u00a0<\/b><b>sur TF1<\/b>&#8230; En plein petit-d\u00e9jeuner, Georges re\u00e7oit un texto de Damien l&rsquo;informant que le bornage des t\u00e9l\u00e9phones de M\u00e9lody et Bastien confirment leur alibi pour le soir de <a href=\"https:\/\/www.programme-tv.net\/news\/series-tv\/392550-demain-nous-appartient-en-avance-karim-et-sara-sauvent-diane-esmee-et-emilie-bastien-attaque-violemment-marceau-le-resume-de-l-episode-2080-du-lundi-24-novembre-2025\/\" data-api-deeplink=\"teleloisirs:\/\/news\/392550\" target=\"_blank\" rel=\"noopener\">l&rsquo;agression de Marceau<\/a>. Bastien est donc hors de cause mais cela n&#8217;emp\u00eache pas Georges de lui poser de nouvelles questions. M\u00e9lody met fin \u00e0 cet \u00ab\u00a0interrogatoire\u00a0\u00bb de bon matin. Une fois Georges parti, Bastien panique. Il a peur d&rsquo;aller en taule. Mais sa m\u00e8re le rassure\u00a0: ils doivent s&rsquo;en tenir \u00e0 leur version.<\/p>\n<p>Demain nous appartient en avance : Georges d\u00e9couvre que M\u00e9lody et Bastien ont menti \u00e0 propos de l&rsquo;agression de Marceau<\/p>\n<p>\u00c0 l&rsquo;h\u00f4pital, Bart rend visite \u00e0 \u00c9rica, au chevet de Marceau. Il lui propose de rester aupr\u00e8s de son fils afin qu&rsquo;elle puisse rentrer chez elle, se laver, se reposer. Avant de partir, \u00c9rica craque. Elle ne supporte pas de voir son fils ainsi. Un peu plus tard, \u00c9rica est au commissariat pour notifier que la fen\u00eatre de son domicile a \u00e9t\u00e9 forc\u00e9e. Visiblement, des individus ont fouill\u00e9 chez elle, et plus particuli\u00e8rement la chambre de Marceau. Elle en profite pour prendre des nouvelles de l&rsquo;enqu\u00eate. Karim l&rsquo;informe que Bastien n&rsquo;est plus suspect. De retour de chez \u00c9rica, Karim et Damien confirment l&rsquo;effraction, qui aurait eu lieu avant l&rsquo;agression. Cela appuie la th\u00e9orie du r\u00e8glement de comptes. Peu apr\u00e8s, Georges informe Damien que seules les empreintes d&rsquo;\u00c9rica et Marceau ont \u00e9t\u00e9 retrouv\u00e9es dans l&rsquo;appartement. En fouillant dans les scell\u00e9s de l&rsquo;agression, Georges tombe sur un \u00e9l\u00e9ment troublant. Profitant de l&rsquo;absence de Damien, il subtilise le scell\u00e9. De retour chez lui, Georges fouille partout. Il finit par trouver le sac \u00e0 dos de Bastien.<\/p>\n<p>Quand M\u00e9lody revient \u00e0 la maison, Georges la confronte. Il lui demande si elle a bien pass\u00e9 la soir\u00e9e \u00e0 la maison avec Bastien le soir de l&rsquo;agression. Elle confirme. Il lui demande de le lui r\u00e9p\u00e9ter les yeux dans les yeux. Puis il l&rsquo;affirme : il sait qu&rsquo;elle a menti. Il lui montre alors le cordon retrouv\u00e9 sur les lieux. Le m\u00eame qui manque sur le sac de Bastien. Mais M\u00e9lody ne flanche pas\u00a0: elle r\u00e9p\u00e8te que Bastien \u00e9tait avec elle ce funeste soir.<\/p>\n<p>Demain nous appartient en avance\u00a0: Gabriel craque<\/p>\n<p>Alors que la journ\u00e9e commence \u00e0 peine, Gabriel est d\u00e9j\u00e0 \u00e0 fond. D&rsquo;abord <a href=\"https:\/\/www.programme-tv.net\/news\/series-tv\/392154-demain-nous-appartient-en-avance-diane-et-esmee-ont-disparu-judith-est-en-danger-le-resume-de-l-episode-2076-du-mardi-18-novembre-2025\/\" data-api-deeplink=\"teleloisirs:\/\/news\/392154\" target=\"_blank\" rel=\"noopener\">d\u00e9stabilis\u00e9 par les r\u00e9sultats de son spermogramme<\/a>, il met toutes les chances de son c\u00f4t\u00e9 : douche froide, alimentation saine, repos&#8230; Il a m\u00eame d\u00e9cid\u00e9 de ne plus porter de sous-v\u00eatements ! \u00c0 l&rsquo;h\u00f4pital, Soraya et Gabriel ont rendez-vous avec Victoire. Il \u00e9nonce alors tout ce qu&rsquo;il a mis en place pour booster ses spermatozo\u00efdes. Victoire temp\u00e8re\u00a0: il va falloir attendre, sans pression, le second spermogramme avant d&rsquo;arriver \u00e0 toute conclusion. Au Spoon, Nordine cuisine Gabriel \u00e0 propos de son d\u00e9jeuner particuli\u00e8rement sain. Ce dernier finit par lui avouer les raisons de sa di\u00e8te et lui fait promettre de ne le r\u00e9p\u00e9ter \u00e0 personne. Quand Soraya rentre \u00e0 la maison, elle d\u00e9couvre Gabriel aux petits soins. Il a pr\u00e9par\u00e9 le d\u00eener : des hu\u00eetres, du vin (pour elle), de l&rsquo;eau (pour lui), tout est optimis\u00e9 pour r\u00e9gler son probl\u00e8me. Mais, apr\u00e8s avoir essay\u00e9 d&rsquo;ouvrir la bouteille, le jeune homme craque. Soraya le prend dans ses bras et le rassure : elle n&rsquo;est pas inqui\u00e8te, tout va bien se passer.<\/p>\n<p>            Demain nous appartient en avance : Les Moreno loin de la r\u00e9conciliation<\/p>\n<p>Chez les Moreno, Christelle est remont\u00e9e contre l&rsquo;ingratitude de Sylvain. Il ne l&rsquo;a m\u00eame pas remerci\u00e9 pour le bouillon apport\u00e9 \u00e0 l&rsquo;h\u00f4tel. Elle ne fera plus aucune concession vis-\u00e0-vis de lui. Au m\u00eame moment, Alex fait le grand m\u00e9nage \u00e0 la maison. Il fait alors part de son id\u00e9e \u00e0 Chlo\u00e9 : inviter Christelle et Sylvain, s\u00e9par\u00e9ment et sans rien leur dire, pour les forcer \u00e0 se r\u00e9concilier. \u00c0 l&rsquo;h\u00f4pital, Chlo\u00e9 invite donc Christelle \u00e0 d\u00eener. Mais elle la grille tout de suite. Elle accepte malgr\u00e9 tout de venir, par curiosit\u00e9. Le soir venu, Christelle dit \u00e0 Alex qu&rsquo;elle sait pour Sylvain. Et justement ce dernier arrive et, surpris, s&rsquo;aper\u00e7oit que sa femme est l\u00e0. Christelle ne perd pas de temps en reprochant \u00e0 Sylvain de ne pas l&rsquo;avoir remerci\u00e9 pour le bouillon.<\/p>\n<p>Il est confus : il n&rsquo;a rien re\u00e7u ! Le malentendu se dissipe alors instantan\u00e9ment. La r\u00e9conciliation entre les Moreno semble scell\u00e9e. Mais Sylvain ne peut s&#8217;emp\u00eacher de poser une question qui f\u00e2che : Christelle a-t-elle revu <a href=\"https:\/\/www.programme-tv.net\/news\/series-tv\/392462-demain-nous-appartient-en-avance-karim-et-sara-tues-par-wilfried-jordan-au-plus-mal-le-resume-de-l-episode-2079-du-vendredi-21-novembre-2025\/\" data-api-deeplink=\"teleloisirs:\/\/news\/392462\" target=\"_blank\" rel=\"noopener\">son \u00ab\u00a0admirateur\u00a0\u00bb<\/a> ? Elle r\u00e9pond que oui. Il le prend mal, sugg\u00e9rant que sa femme appr\u00e9cie d&rsquo;\u00eatre ainsi courtis\u00e9e. Elle ne nie pas. D\u00e9go\u00fbt\u00e9, Sylvain s&rsquo;en va subitement.<\/p>\n","protected":false},"excerpt":{"rendered":"Mercredi 26\u00a0novembre 2025\u00a0dans l&rsquo;\u00e9pisode 2082 de\u00a0Demain nous appartient\u00a0sur TF1&#8230; En plein petit-d\u00e9jeuner, Georges re\u00e7oit un texto de Damien&hellip;\n","protected":false},"author":2,"featured_media":558541,"comment_status":"","ping_status":"","sticky":false,"template":"","format":"standard","meta":{"footnotes":""},"categories":[1356],"tags":[244,3598,5247,58,59,1011,27,5250,5249,5248,5246,5252,252,199,5251,1364],"class_list":{"0":"post-558540","1":"post","2":"type-post","3":"status-publish","4":"format-standard","5":"has-post-thumbnail","7":"category-television","8":"tag-commentaire","9":"tag-demain-nous-appartient","10":"tag-demain-nous-appartient-en-avance","11":"tag-divertissement","12":"tag-entertainment","13":"tag-fr","14":"tag-france","15":"tag-lorie","16":"tag-mytf1-max","17":"tag-ru00e9sumu00e9-demain-nous-appartient","18":"tag-ru00e9sumu00e9-en-avance-demain-nous-appartient","19":"tag-su00e9ries-mania","20":"tag-television","21":"tag-tf1","22":"tag-tu00e9lu00e9-loisirs","23":"tag-tv"},"share_on_mastodon":{"url":"https:\/\/pubeurope.com\/@fr\/115612621556461831","error":""},"_links":{"self":[{"href":"https:\/\/www.europesays.com\/fr\/wp-json\/wp\/v2\/posts\/558540","targetHints":{"allow":["GET"]}}],"collection":[{"href":"https:\/\/www.europesays.com\/fr\/wp-json\/wp\/v2\/posts"}],"about":[{"href":"https:\/\/www.europesays.com\/fr\/wp-json\/wp\/v2\/types\/post"}],"author":[{"embeddable":true,"href":"https:\/\/www.europesays.com\/fr\/wp-json\/wp\/v2\/users\/2"}],"replies":[{"embeddable":true,"href":"https:\/\/www.europesays.com\/fr\/wp-json\/wp\/v2\/comments?post=558540"}],"version-history":[{"count":0,"href":"https:\/\/www.europesays.com\/fr\/wp-json\/wp\/v2\/posts\/558540\/revisions"}],"wp:featuredmedia":[{"embeddable":true,"href":"https:\/\/www.europesays.com\/fr\/wp-json\/wp\/v2\/media\/558541"}],"wp:attachment":[{"href":"https:\/\/www.europesays.com\/fr\/wp-json\/wp\/v2\/media?parent=558540"}],"wp:term":[{"taxonomy":"category","embeddable":true,"href":"https:\/\/www.europesays.com\/fr\/wp-json\/wp\/v2\/categories?post=558540"},{"taxonomy":"post_tag","embeddable":true,"href":"https:\/\/www.europesays.com\/fr\/wp-json\/wp\/v2\/tags?post=558540"}],"curies":[{"name":"wp","href":"https:\/\/api.w.org\/{rel}","templated":true}]}}