{"id":558542,"date":"2025-11-25T22:09:11","date_gmt":"2025-11-25T22:09:11","guid":{"rendered":"https:\/\/www.europesays.com\/fr\/558542\/"},"modified":"2025-11-25T22:09:11","modified_gmt":"2025-11-25T22:09:11","slug":"le-chanteur-zaoui-sexcuse-apres-ses-propos-envers-leo-de-la-star-academy","status":"publish","type":"post","link":"https:\/\/www.europesays.com\/fr\/558542\/","title":{"rendered":"le chanteur Zaoui s\u2019excuse apr\u00e8s ses propos envers L\u00e9o de la \u00abStar Academy\u00bb"},"content":{"rendered":"<p>                             Par No\u00e9mie Dajon<\/p>\n<p>                Le 25 novembre 2025 \u00e0 18h25<\/p>\n<p>    Le chanteur Zaoui et L\u00e9o de la Star Academy, le vendredi 22 novembre 2025<br \/>\n                Capture d&rsquo;\u00e9cran\/TF1<\/p>\n<p>\n    Ce lundi, l\u2019ancien membre de Th\u00e9rapie Taxi s\u2019est exprim\u00e9 sur X apr\u00e8s sa prestation en direct sur la sc\u00e8ne du Studio 217, vendredi dernier, restransmis en direct sur TF1.<\/p>\n<p class=\"fig-paragraph\">La semaine des surprises \u00e0 la\u00a0<a href=\"http:\/\/tvmag.lefigaro.fr\/programme-tv\/actu-tele\/l-absence-de-lady-gaga-les-larmes-de-theo-p-l-oubli-de-camille-lellouche-les-temps-forts-du-prime-de-la-star-academy-20251122\" data-fig-type=\"Article\" data-gtm-custom-categorie=\"navigation\" data-gtm-custom-action=\"crossclick\" data-gtm-custom-label=\"Contextuel\" data-gtm-event=\"customEventSPE\" data-fig-domain=\"TVMAG\" target=\"_blank\" rel=\"noopener\">\u00abStar Academy\u00bb\u00a0<\/a>aura d\u00e9cid\u00e9ment fait parler d\u2019elle. Entre l\u2019absence de Lady Gaga, l\u2019\u00e9limination de L\u00e9ane ou encore l\u2019apparition insolite du journaliste Gilles Bouleau, cinq jours apr\u00e8s sa diffusion, le prime reste au c\u0153ur des discussions. Le dernier rebondissement en date\u00a0? La prestation de L\u00e9o au c\u00f4t\u00e9 du chanteur Zaoui. Ce n\u2019est une surprise pour personne, l\u2019acad\u00e9micien est un fan absolu du groupe de pop-rock fran\u00e7ais\u00a0<a href=\"http:\/\/www.lefigaro.fr\/musique\/rhum-coca-et-masque-sous-le-nez-les-adieux-de-therapie-taxi-au-zenith-de-paris-20211011\" data-fig-type=\"Article\" data-gtm-custom-categorie=\"navigation\" data-gtm-custom-action=\"crossclick\" data-gtm-custom-label=\"Contextuel\" data-gtm-event=\"customEventSPE\" data-fig-domain=\"LEFIGARO\" target=\"_blank\" rel=\"noopener\">Th\u00e9rapie Taxi<\/a>, s\u00e9par\u00e9 en 2021. Il avait d\u00e9j\u00e0 interpr\u00e9t\u00e9 un de leurs titres, \u00c9t\u00e9 90, la semaine pass\u00e9e pour se sauver des \u00e9liminations. Prime surprise, invit\u00e9 surprise\u00a0: pour l\u2019occasion l\u2019ex-leader du groupe, de son vrai nom Rapha\u00ebl Faget-Zaoui, est exceptionnellement venu partager la sc\u00e8ne avec l\u2019\u00e9l\u00e8ve, sur le titre Hit sale.<\/p>\n<p class=\"fig-paragraph\">Une prestation r\u00eav\u00e9e par le Lillois de 24 ans, mais rapidement critiqu\u00e9e par les internautes. Cette fois, ce n\u2019est pas la performance du jeune homme qui est vis\u00e9e mais celle de l\u2019artiste \u00e0 ses c\u00f4t\u00e9s. En effet, \u00e0 la fin des deux minutes de chanson, le chanteur s\u2019est amus\u00e9 \u00e0 reformuler les paroles de son titre. Il a remplac\u00e9 \u00abT\u2019es cent fois trop, cent fois trop bonne\u00bb par\u00a0: \u00abT\u2019es cent fois trop bon\u00bb \u00e0 deux reprises, avant de conclure: \u00abT\u2019es cent fois trop bon, du coup\u00a0! Tu es magnifique, L\u00e9o. Je ne t\u2019avais pas vu en vrai. Tu es tr\u00e8s, tr\u00e8s beau en vrai, wow (&#8230;) Quel beau visage.\u00bb<\/p>\n<p class=\"fig-body-link\">\n            \u00c0 lire aussi<br \/>\n        <a class=\"fig-body-link__link\" href=\"http:\/\/tvmag.lefigaro.fr\/programme-tv\/tele-realite\/certains-sont-deja-des-pros-les-critiques-de-jean-pascal-et-georges-alain-sur-la-nouvelle-star-academy-20251119\" target=\"_blank\" data-fig-type=\"Article\" rel=\"noopener\" data-gtm-custom-categorie=\"navigation\" data-gtm-custom-action=\"crossclick\" data-gtm-custom-label=\"Contextuel\" data-gtm-event=\"customEventSPE\" data-fig-domain=\"TVMAG\"><\/p>\n<p>        \u00abCertains sont d\u00e9j\u00e0 des pros\u00bb\u00a0: les critiques de Jean-Pascal et Georges-Alain sur la nouvelle \u00abStar Academy\u00bb<br \/>\n    <\/a>\n<\/p>\n<p>                                    <a class=\"fig-a11y-skip a11y-hidden\" href=\"#fig-a11y-skip-main-inarticle\"><br \/>\n        Passer la publicit\u00e9<br \/>\n    <\/a><\/p>\n<p class=\"fig-paragraph\">Si le principal int\u00e9ress\u00e9 a remerci\u00e9 l\u2019artiste et n\u2019a pas sembl\u00e9 \u00eatre d\u00e9stabilis\u00e9 par ces remarques, elles ne sont pour autant pas pass\u00e9es inaper\u00e7ues sur les r\u00e9seaux sociaux. \u00abL\u00e9o, tu es beau. L\u00e9o, tu as un beau visage. L\u00e9o, tu as un 06\u00a0? L\u00e9o, tu vas repartir avec moi.\u00bb, tourne en d\u00e9rision un t\u00e9l\u00e9spectateur sur X. \u00abTr\u00e8s g\u00eanant lui&#8230; Il fait limite peur\u00bb, ajoute un internaute.<\/p>\n<p>Le chanteur rattrap\u00e9 par la pol\u00e9mique<\/p>\n<p class=\"fig-paragraph\">Seulement 72 heures apr\u00e8s son passage \u00e0 la \u00abStar Academy\u00bb, l\u2019ancien leader de Th\u00e9rapie Taxi, s\u2019est finalement exprim\u00e9 dans une vid\u00e9o publi\u00e9e sur X. \u00abComme tout un chacun, je me perds sur les r\u00e9seaux, et je vois qu\u2019effectivement, il y a toujours un peu des trucs \u00e0 redire. Toi t\u2019es content, tu vis un moment sympa, et il y a toujours des gens pour t\u2019expliquer qu\u2019il faudrait faire les choses diff\u00e9remment\u00bb, a-t-il d\u00e9clar\u00e9.<\/p>\n<p class=\"fig-paragraph\">L\u2019artiste poursuit en expliquant \u00eatre l\u2019unique interpr\u00e8te du titre Hit sale, lui donnant les droits, selon lui, de reformuler les paroles \u00e0 sa guise\u00a0:\u00abJe consid\u00e8re que je peux la chanter o\u00f9 je veux, quand je veux, puisque tous les mots sont de moi.\u00bb Ce malaise sur sc\u00e8ne, l\u2019artiste l\u2019a justifi\u00e9 par son stress ressenti au moment du prime\u00a0: \u00abJ\u2019ai beaucoup d\u2019exp\u00e9rience dans la musique mais moi aussi, je suis stress\u00e9 sur ce genre d\u2019\u00e9v\u00e9nements et quand je suis stress\u00e9, j\u2019ai tendance \u00e0 dire ce qui me passe par la t\u00eate (&#8230;), \u00e7a m\u2019a \u00e9chapp\u00e9\u00bb, confie le chanteur.<\/p>\n<p class=\"fig-paragraph\">Pour les internautes, ce moment de t\u00e9l\u00e9vision pose d\u2019autant plus probl\u00e8me qu\u2019il serait encore moins bien pass\u00e9 si l\u2019acad\u00e9micien avait \u00e9t\u00e9 une femme\u00a0: \u00abD\u00e9sol\u00e9 les amis, effectivement je ne me serais peut-\u00eatre pas permis de dire \u00e7a si c\u2019\u00e9tait une meuf\u00bb, avoue Zaoui. \u00abC\u2019est le jeu des r\u00e9seaux, mais j\u2019ai envie de dire quelque chose \u00e0 ces gens\u00a0: d\u00e9tendez-vous\u00a0!\u00bb, conclut-il.<\/p>\n","protected":false},"excerpt":{"rendered":"Par No\u00e9mie Dajon Le 25 novembre 2025 \u00e0 18h25 Le chanteur Zaoui et L\u00e9o de la Star Academy,&hellip;\n","protected":false},"author":2,"featured_media":558543,"comment_status":"","ping_status":"","sticky":false,"template":"","format":"standard","meta":{"footnotes":""},"categories":[1355],"tags":[58,59,1011,27,1361,873,5095,199],"class_list":{"0":"post-558542","1":"post","2":"type-post","3":"status-publish","4":"format-standard","5":"has-post-thumbnail","7":"category-musique","8":"tag-divertissement","9":"tag-entertainment","10":"tag-fr","11":"tag-france","12":"tag-music","13":"tag-musique","14":"tag-star-academy","15":"tag-tf1"},"share_on_mastodon":{"url":"https:\/\/pubeurope.com\/@fr\/115612625525531282","error":""},"_links":{"self":[{"href":"https:\/\/www.europesays.com\/fr\/wp-json\/wp\/v2\/posts\/558542","targetHints":{"allow":["GET"]}}],"collection":[{"href":"https:\/\/www.europesays.com\/fr\/wp-json\/wp\/v2\/posts"}],"about":[{"href":"https:\/\/www.europesays.com\/fr\/wp-json\/wp\/v2\/types\/post"}],"author":[{"embeddable":true,"href":"https:\/\/www.europesays.com\/fr\/wp-json\/wp\/v2\/users\/2"}],"replies":[{"embeddable":true,"href":"https:\/\/www.europesays.com\/fr\/wp-json\/wp\/v2\/comments?post=558542"}],"version-history":[{"count":0,"href":"https:\/\/www.europesays.com\/fr\/wp-json\/wp\/v2\/posts\/558542\/revisions"}],"wp:featuredmedia":[{"embeddable":true,"href":"https:\/\/www.europesays.com\/fr\/wp-json\/wp\/v2\/media\/558543"}],"wp:attachment":[{"href":"https:\/\/www.europesays.com\/fr\/wp-json\/wp\/v2\/media?parent=558542"}],"wp:term":[{"taxonomy":"category","embeddable":true,"href":"https:\/\/www.europesays.com\/fr\/wp-json\/wp\/v2\/categories?post=558542"},{"taxonomy":"post_tag","embeddable":true,"href":"https:\/\/www.europesays.com\/fr\/wp-json\/wp\/v2\/tags?post=558542"}],"curies":[{"name":"wp","href":"https:\/\/api.w.org\/{rel}","templated":true}]}}