{"id":558580,"date":"2025-11-25T22:30:37","date_gmt":"2025-11-25T22:30:37","guid":{"rendered":"https:\/\/www.europesays.com\/fr\/558580\/"},"modified":"2025-11-25T22:30:37","modified_gmt":"2025-11-25T22:30:37","slug":"a-grenoble-la-clinique-mutualiste-espere-semanciper-du-groupe-avec","status":"publish","type":"post","link":"https:\/\/www.europesays.com\/fr\/558580\/","title":{"rendered":"\u00e0 Grenoble, la Clinique Mutualiste esp\u00e8re s&rsquo;\u00e9manciper du groupe Avec"},"content":{"rendered":"<p>Nouveau rebondissement dans le dossier du Groupe hospitalier mutualiste de Grenoble (GHM), en plein imbroglio judiciaire avec le groupe Avec, et son ancien dirigeant, Bernard Bensaid.<\/p>\n<p>Pour rappel, le groupe francilien Avec (ex Doctegestio), qui employait jusqu&rsquo;\u00e0 12.000 collaborateurs au sein de 390 \u00e9tablissements m\u00e9dico-sociaux en France pour un chiffre d&rsquo;affaires estim\u00e9 \u00e0 500 millions d&rsquo;euros, <a href=\"https:\/\/www.latribune.fr\/territoire\/hopitaux-cliniques\/2025-05-09\/sante-la-clinique-mutualiste-symbole-du-naufrage-du-groupe-avec-a-grenoble-1023568.html\" target=\"_blank\" rel=\"noopener\">s&rsquo;effondre finalement comme un ch\u00e2teau de cartes. Sa holding de t\u00eate a finalement \u00e9t\u00e9 plac\u00e9e en liquidation judiciaire<\/a> par tribunal de commerce de Bobigny (Seine-Saint-Denis) en octobre 2025. Avec, en cause, des difficult\u00e9s financi\u00e8res croissantes et des accusations de pr\u00e9l\u00e8vements abusifs sur les entit\u00e9s contr\u00f4l\u00e9es par la holding.<\/p>\n<p>En parall\u00e8le, se joue toujours l&rsquo;avenir de certains de ses \u00e9tablissements, dont le Groupe hospitalier mutualiste de Grenoble (GHM), que le groupe Avec avait rachet\u00e9 en 2020 \u00e0 ADREA Mutuelle Alpes Dauphin\u00e9. <a href=\"https:\/\/www.latribune.fr\/auvergne-rhone-alpes-75\/territoire\/2020-03-04\/clinique-mutualiste-de-grenoble-la-colere-des-salaries-et-usagers-apres-l-abandon-de-leur-projet-841124.html\" target=\"_blank\" rel=\"noopener\">Un rachat qui avait d\u00e9j\u00e0 \u00e0 l&rsquo;\u00e9poque fait grand bruit, en raison du statut d&rsquo;\u00e9tablissement de sant\u00e9 priv\u00e9 d\u2019int\u00e9r\u00eat collectif (ESPIC) \u00e0 but non lucratif <\/a>que poss\u00e8de toujours la clinique, qui assure 25% de l\u2019offre de soins de l\u2019agglom\u00e9ration grenobloise, avec pr\u00e8s de pr\u00e8s de 120.000 patients accueillis chaque ann\u00e9e.<\/p>\n<p class=\"rev-margin-0 rev-text-xs-bold !text-lt-neutral-30 mt-[32px]\"><a title=\"Voir tous les articles de Anne TAFFIN et Marie LYAN\" class=\"underline underline-offset-1 hover:text-neutral-60\" href=\"https:\/\/www.latribune.fr\/journalistes\/anne-taffin-920\" target=\"_blank\" rel=\"noopener\">Anne TAFFIN et Marie LYAN<\/a><\/p>\n","protected":false},"excerpt":{"rendered":"Nouveau rebondissement dans le dossier du Groupe hospitalier mutualiste de Grenoble (GHM), en plein imbroglio judiciaire avec le&hellip;\n","protected":false},"author":2,"featured_media":558581,"comment_status":"","ping_status":"","sticky":false,"template":"","format":"standard","meta":{"footnotes":""},"categories":[9566],"tags":[17,1111,11,2430,3396,3562,67573,1777,674,1011,27,2731,2705,67572,12,1306,25,58785,71],"class_list":{"0":"post-558580","1":"post","2":"type-post","3":"status-publish","4":"format-standard","5":"has-post-thumbnail","7":"category-grenoble","8":"tag-17","9":"tag-actu","10":"tag-actualites","11":"tag-auvergne-rhone-alpes","12":"tag-avec","13":"tag-clinique","14":"tag-espere","15":"tag-eu","16":"tag-europe","17":"tag-fr","18":"tag-france","19":"tag-grenoble","20":"tag-groupe","21":"tag-mutualiste","22":"tag-news","23":"tag-regions","24":"tag-republique-francaise","25":"tag-semanciper","26":"tag-sante"},"share_on_mastodon":{"url":"https:\/\/pubeurope.com\/@fr\/115612708040248271","error":""},"_links":{"self":[{"href":"https:\/\/www.europesays.com\/fr\/wp-json\/wp\/v2\/posts\/558580","targetHints":{"allow":["GET"]}}],"collection":[{"href":"https:\/\/www.europesays.com\/fr\/wp-json\/wp\/v2\/posts"}],"about":[{"href":"https:\/\/www.europesays.com\/fr\/wp-json\/wp\/v2\/types\/post"}],"author":[{"embeddable":true,"href":"https:\/\/www.europesays.com\/fr\/wp-json\/wp\/v2\/users\/2"}],"replies":[{"embeddable":true,"href":"https:\/\/www.europesays.com\/fr\/wp-json\/wp\/v2\/comments?post=558580"}],"version-history":[{"count":0,"href":"https:\/\/www.europesays.com\/fr\/wp-json\/wp\/v2\/posts\/558580\/revisions"}],"wp:featuredmedia":[{"embeddable":true,"href":"https:\/\/www.europesays.com\/fr\/wp-json\/wp\/v2\/media\/558581"}],"wp:attachment":[{"href":"https:\/\/www.europesays.com\/fr\/wp-json\/wp\/v2\/media?parent=558580"}],"wp:term":[{"taxonomy":"category","embeddable":true,"href":"https:\/\/www.europesays.com\/fr\/wp-json\/wp\/v2\/categories?post=558580"},{"taxonomy":"post_tag","embeddable":true,"href":"https:\/\/www.europesays.com\/fr\/wp-json\/wp\/v2\/tags?post=558580"}],"curies":[{"name":"wp","href":"https:\/\/api.w.org\/{rel}","templated":true}]}}