{"id":558582,"date":"2025-11-25T22:31:21","date_gmt":"2025-11-25T22:31:21","guid":{"rendered":"https:\/\/www.europesays.com\/fr\/558582\/"},"modified":"2025-11-25T22:31:21","modified_gmt":"2025-11-25T22:31:21","slug":"vous-avez-peur-vous-hesitez-on-na-quune-vie","status":"publish","type":"post","link":"https:\/\/www.europesays.com\/fr\/558582\/","title":{"rendered":"Vous avez peur, vous h\u00e9sitez ? On n&rsquo;a qu&rsquo;une vie !"},"content":{"rendered":"<p>                    Par<br \/>\n        <strong><br \/>\n            <a href=\"https:\/\/actu.fr\/auteur\/journaliste-pm\" title=\"Consulter tous les articles de R\u00e9daction Saint-Malo\" target=\"_blank\" rel=\"noopener\">R\u00e9daction Saint-Malo<\/a><br \/>\n                    <\/strong><\/p>\n<p>        Publi\u00e9 le<\/p>\n<p>            25 nov. 2025 \u00e0 17h40        <\/p>\n<p>Originaires de <a href=\"https:\/\/actu.fr\/bretagne\/dol-de-bretagne_35095\" target=\"_blank\" rel=\"noopener\">Dol-de-Bretagne<\/a> (Ille-et-Vilaine), Elea et Julien, \u00e2g\u00e9s de 23 ans (ou presque pour l\u2019un (e) des deux) et ayant fini leurs \u00e9tudes tout en travaillant r\u00e9guli\u00e8rement en parall\u00e8le, ont en effet entrepris, avant d\u2019entrer d\u00e9finitivement dans la vie active, de partir pour un an en Argentine.<\/p>\n<p class=\" wall-content\">Enthousiastes \u00e0 l\u2019approche de leur d\u00e9part, les vingtenaires nous ont confi\u00e9 leurs motivations et leurs plans pour cette exp\u00e9rience de vie qui les m\u00e8nera \u00e0 passer quatre saisons outre-Atlantique.<\/p>\n<p>\u00ab D\u00e9couvrir le monde \u00bb<\/p>\n<p class=\" wall-content\">Ce qui les guide est clair : la d\u00e9couverte d\u2019un pays, d\u2019autres cultures, d\u2019un mode de vie probablement diff\u00e9rent, de paysages inhabituels et mythiques.<\/p>\n<p class=\" wall-content\">Il faut dire qu\u2019ils n\u2019en sont pas \u00e0 leur coup d\u2019essai, puisqu\u2019Elea est partie en mission humanitaire 3\u00a0mois au Togo, et que Julien a fait le Trek Zone en plein Sahara. Ce sont d\u2019ailleurs ces premiers frissons qui leur ont donn\u00e9 envie de partir plus longtemps et de \u00ab d\u00e9couvrir le monde \u00bb.<\/p>\n<p class=\" wall-content\">Quant \u00e0 l\u2019Argentine, il s\u2019agit d\u2019un choix concert\u00e9 : chacun avait s\u00e9lectionn\u00e9 cinq pays et l\u2019Argentine est le premier sur lequel ils sont tomb\u00e9s d\u2019accord.<\/p>\n<p>Vid\u00e9os : en ce moment sur Actu<\/p>\n<p class=\" wall-content\">Pr\u00e9par\u00e9s par des mois d\u2019organisation, les voici donc partis, et bien arriv\u00e9s sur place le vendredi 14\u00a0novembre, apr\u00e8s avoir fait escale \u00e0 Casablanca et Sao Paulo.<\/p>\n<p class=\" wall-content\">Si les dix premiers jours sont pr\u00e9vus et organis\u00e9s dans la capitale Buenos Aires et ses environs, avec pour les fans de ballon rond un match dans la mythique Bombonera, place sera faite ensuite \u00e0 la d\u00e9couverte et l\u2019aventure, dans une contr\u00e9e c\u00e9l\u00e8bre pour ses pampas, la Patagonie et la Terre de Feu. Les chutes d\u2019Iguaz\u00f9 et Ushua\u00efa sont notamment au programme, tout comme des escales dans les pays voisins.<\/p>\n<p>Votre r\u00e9gion, votre actu !<\/p>\n<p>Recevez chaque jour les infos qui comptent pour vous.<\/p>\n<p>\t<a href=\"https:\/\/actu.fr\/newsletter\" class=\"ac-btn ac-btn--corner ac-btn--medium ac-btn--blue800\" target=\"_blank\" rel=\"noopener\">S&rsquo;incrire<\/a><br \/>\nDes vacances mais aussi du travail<\/p>\n<p class=\" wall-content\">Y a-t-il de leur c\u00f4t\u00e9 z\u00e9ro anticipation ? Pas du tout ! Forts de l\u2019insouciance de leur jeunesse, les deux aventuriers n\u2019en ont pas moins la t\u00eate sur les \u00e9paules. C\u2019est dans le cadre d\u2019un PVT (programme vacances travail) qu\u2019ils sont partis, souhaitant financer leur s\u00e9jour tout en tissant des liens avec des communaut\u00e9s locales et en b\u00e2tissant une exp\u00e9rience professionnelle internationale.<\/p>\n<p class=\" wall-content\">Ils chercheront donc rapidement du travail l\u00e0-bas, les opportunit\u00e9s ne manquant pas en agriculture, tourisme, h\u00f4tellerie et services saisonniers, ou encore cours de langue et animation culturelle ou jeunesse, secteur o\u00f9 ils ont d\u00e9j\u00e0 une solide expertise. Ils envisagent \u00e9galement d\u2019avoir recours au\u00a0<\/p>\n<p class=\" wall-content\">: souvent appel\u00e9 WWOOF (World Wide Opportunities on Organic Farms), c\u2019est une forme d\u2019\u00e9change culturel et de volontariat en ferme biologique ou paysanne, o\u00f9 le voyageur aide aux t\u00e2ches quotidiennes en \u00e9change du g\u00eete voire du couvert.<\/p>\n<p>\u00ab\u00a0Nous n\u2019avons qu\u2019une vie\u00a0\u00bb<\/p>\n<p class=\" wall-content\">Julien le fonceur r\u00e9sume leur aventure par ces mots : \u00ab Vous avez peur, vous h\u00e9sitez ? Il ne faut pas avoir peur, il faut foncer sans se trouver d\u2019excuse, nous n\u2019avons qu\u2019une vie \u00bb.<\/p>\n<p class=\" wall-content\">Elea, tout aussi aventuri\u00e8re, est plus pragmatique, expliquant que \u00ab ce n\u2019est pas quand il sera trop tard et que nous serons retenus par des contraintes que nous pourrons le faire, c\u2019est maintenant ! \u00bb<\/p>\n<p class=\" wall-content\">Tous deux font leur la c\u00e9l\u00e8bre citation de l\u2019aventurier Mike Horn : \u00ab Pour se mettre en marche, il suffit d\u2019avoir 5 % de r\u00e9ponses \u00e0 ses questions ! Les 95 % restants viennent le long du chemin. Ceux qui veulent 100 % de r\u00e9ponses avant de partir restent sur place \u00bb.<\/p>\n<p class=\" wall-content\">Personnalisez votre actualit\u00e9 en ajoutant vos villes et m\u00e9dias en favori avec <a href=\"https:\/\/moncompte.actu.fr\" title=\"D\u00e9couvez Mon Actu\" rel=\"nofollow noopener\" data-trk=\"{&quot;cta&quot;:{&quot;action&quot;:&quot;https:\\\/\\\/moncompte.actu.fr&quot;,&quot;category&quot;:&quot;mon compte&quot;,&quot;from&quot;:&quot;article footer&quot;,&quot;name&quot;:&quot;Mon actu&quot;,&quot;type&quot;:&quot;cta&quot;}}\" target=\"_blank\">Mon Actu<\/a>.<\/p>\n","protected":false},"excerpt":{"rendered":"Par R\u00e9daction Saint-Malo Publi\u00e9 le 25 nov. 2025 \u00e0 17h40 Originaires de Dol-de-Bretagne (Ille-et-Vilaine), Elea et Julien, \u00e2g\u00e9s&hellip;\n","protected":false},"author":2,"featured_media":558583,"comment_status":"","ping_status":"","sticky":false,"template":"","format":"standard","meta":{"footnotes":""},"categories":[2821],"tags":[1111,11,829,1777,674,1011,27,12,584,25,104,586],"class_list":{"0":"post-558582","1":"post","2":"type-post","3":"status-publish","4":"format-standard","5":"has-post-thumbnail","7":"category-rennes","8":"tag-actu","9":"tag-actualites","10":"tag-bretagne","11":"tag-eu","12":"tag-europe","13":"tag-fr","14":"tag-france","15":"tag-news","16":"tag-rennes","17":"tag-republique-francaise","18":"tag-societe","19":"tag-voyage"},"share_on_mastodon":{"url":"https:\/\/pubeurope.com\/@fr\/115612712049911482","error":""},"_links":{"self":[{"href":"https:\/\/www.europesays.com\/fr\/wp-json\/wp\/v2\/posts\/558582","targetHints":{"allow":["GET"]}}],"collection":[{"href":"https:\/\/www.europesays.com\/fr\/wp-json\/wp\/v2\/posts"}],"about":[{"href":"https:\/\/www.europesays.com\/fr\/wp-json\/wp\/v2\/types\/post"}],"author":[{"embeddable":true,"href":"https:\/\/www.europesays.com\/fr\/wp-json\/wp\/v2\/users\/2"}],"replies":[{"embeddable":true,"href":"https:\/\/www.europesays.com\/fr\/wp-json\/wp\/v2\/comments?post=558582"}],"version-history":[{"count":0,"href":"https:\/\/www.europesays.com\/fr\/wp-json\/wp\/v2\/posts\/558582\/revisions"}],"wp:featuredmedia":[{"embeddable":true,"href":"https:\/\/www.europesays.com\/fr\/wp-json\/wp\/v2\/media\/558583"}],"wp:attachment":[{"href":"https:\/\/www.europesays.com\/fr\/wp-json\/wp\/v2\/media?parent=558582"}],"wp:term":[{"taxonomy":"category","embeddable":true,"href":"https:\/\/www.europesays.com\/fr\/wp-json\/wp\/v2\/categories?post=558582"},{"taxonomy":"post_tag","embeddable":true,"href":"https:\/\/www.europesays.com\/fr\/wp-json\/wp\/v2\/tags?post=558582"}],"curies":[{"name":"wp","href":"https:\/\/api.w.org\/{rel}","templated":true}]}}