{"id":558590,"date":"2025-11-25T22:35:11","date_gmt":"2025-11-25T22:35:11","guid":{"rendered":"https:\/\/www.europesays.com\/fr\/558590\/"},"modified":"2025-11-25T22:35:11","modified_gmt":"2025-11-25T22:35:11","slug":"le-temoignage-de-la-conductrice-qui-conteste-avoir-moleste-la-principale-du-college-henri-matisse-a-nice","status":"publish","type":"post","link":"https:\/\/www.europesays.com\/fr\/558590\/","title":{"rendered":"le t\u00e9moignage de la conductrice qui conteste avoir molest\u00e9 la principale du coll\u00e8ge Henri-Matisse \u00e0 Nice"},"content":{"rendered":"<p class=\"fs-5 \">En lisant ce qui s\u2019\u00e9crit sur elle, Dominique se dit d\u00e9sempar\u00e9e. Elle est la personne <a href=\"https:\/\/www.nicematin.com\/faits-divers\/un-climat-de-violence-intolerable-la-principale-d-un-college-nicois-giflee-par-un-parent-d-eleve-10658005\" target=\"_blank\" rel=\"noopener\">qu\u2019on accuse d\u2019avoir port\u00e9 une gifle \u00e0 la principale du coll\u00e8ge Henri-Matisse<\/a>, \u00e0 Nice.<\/p>\n<p class=\"fs-5 \">En d\u00e9saccord avec cette premi\u00e8re version, elle dit vouloir \u00ab r\u00e9tablir la v\u00e9rit\u00e9 \u00bb.<\/p>\n<p class=\"fs-5 \">Jeudi 16 octobre 2025, aux alentours de 17 heures, elle est de passage au volant de sa voiture devant le coll\u00e8ge, dans lequel aucun de ses enfants n\u2019est scolaris\u00e9. Elle se retrouve derri\u00e8re une file d\u2019autos \u00e0 l\u2019arr\u00eat.<\/p>\n<p class=\"fs-5 \">\u00ab J\u2019ai attendu dix minutes, puis je suis descendue de ma voiture pour voir ce qu\u2019il se passait \u00bb, affirme Dominique.<\/p>\n<p class=\"fs-5 \">En r\u00e9alit\u00e9, c\u2019\u00e9tait la sortie des cours et les parents attendaient leurs enfants, gar\u00e9s en double file. \u00ab J\u2019ai crois\u00e9 des policiers qui m\u2019ont dit de d\u00e9passer sur la voie de gauche \u00bb, poursuit-elle.<\/p>\n<p>                                                                                \u00ab Elle criait tellement fort que j\u2019ai voulu remonter ma vitre \u00bb<\/p>\n<p class=\"fs-5 \">Ce qu\u2019elle commence \u00e0 faire, avant d\u2019\u00eatre interpell\u00e9e par la cheffe d\u2019\u00e9tablissement.<\/p>\n<p class=\"fs-5 \">\u00ab Je roulais au ralenti, prudemment. La principale est arriv\u00e9e en hurlant, m\u2019a dit que je n\u2019avais pas le droit de me d\u00e9porter, que je devais attendre \u00bb, se souvient l\u2019automobiliste.<\/p>\n<p class=\"fs-5 \">Elle r\u00e9torque avoir d\u00e9pass\u00e9 sur autorisation de la police. \u00ab Elle m\u2019a r\u00e9pondu que c\u2019\u00e9tait elle la principale, que c\u2019\u00e9tait elle qui d\u00e9cidait. Elle semblait tr\u00e8s f\u00e2ch\u00e9e. Elle criait tellement fort que j\u2019ai voulu remonter ma vitre \u00bb, raconte Dominique.<\/p>\n<p>                                                                                \u00ab Je l\u2019ai repouss\u00e9e \u00bb<\/p>\n<p class=\"fs-5 \">Vient l\u2019altercation. \u00ab La principale a commenc\u00e9 \u00e0 mettre sa main dans ma voiture, je ne sais pas ce qu\u2019elle voulait faire. Elle \u00e9tait compl\u00e8tement hyst\u00e9rique, elle m\u2019a fait peur, et \u00e0 ma fille aussi, alors je l\u2019ai repouss\u00e9e \u00bb, se rem\u00e9more la m\u00e8re de famille, la voix tremblante.<\/p>\n<p class=\"fs-5 \">Selon elle, il y avait de nombreux t\u00e9moins devant l\u2019\u00e9tablissement, ainsi que les policiers qui lui avaient conseill\u00e9 de d\u00e9passer.<\/p>\n<p class=\"fs-5 \">\u00ab Ils m\u2019ont demand\u00e9 de me mettre sur le c\u00f4t\u00e9, je leur ai expliqu\u00e9 ma version et ils sont all\u00e9s parler \u00e0 la principale. \u00bb Dominique est ensuite repartie, avant d\u2019aller faire une d\u00e9position au commissariat Foch de Nice.<\/p>\n<p class=\"fs-5 \">Alors, qui des deux dit vrai ? <a href=\"https:\/\/www.nicematin.com\/faits-divers\/agression-de-la-principale-du-college-henri-matisse-a-nice-la-conductrice-nie-toute-violence-10658103\" target=\"_blank\" rel=\"noopener\">L\u2019enqu\u00eate<\/a> vise \u00e0 le d\u00e9terminer. Contact\u00e9, le rectorat n\u2019a pas r\u00e9pondu \u00e0 notre sollicitation pour donner sa version.<\/p>\n","protected":false},"excerpt":{"rendered":"En lisant ce qui s\u2019\u00e9crit sur elle, Dominique se dit d\u00e9sempar\u00e9e. Elle est la personne qu\u2019on accuse d\u2019avoir&hellip;\n","protected":false},"author":2,"featured_media":558591,"comment_status":"","ping_status":"","sticky":false,"template":"","format":"standard","meta":{"footnotes":""},"categories":[2819],"tags":[1111,11,1777,674,1011,27,12,2401,882,25],"class_list":{"0":"post-558590","1":"post","2":"type-post","3":"status-publish","4":"format-standard","5":"has-post-thumbnail","7":"category-nice","8":"tag-actu","9":"tag-actualites","10":"tag-eu","11":"tag-europe","12":"tag-fr","13":"tag-france","14":"tag-news","15":"tag-nice","16":"tag-provence-alpes-cote-dazur","17":"tag-republique-francaise"},"share_on_mastodon":{"url":"https:\/\/pubeurope.com\/@fr\/115612727706360180","error":""},"_links":{"self":[{"href":"https:\/\/www.europesays.com\/fr\/wp-json\/wp\/v2\/posts\/558590","targetHints":{"allow":["GET"]}}],"collection":[{"href":"https:\/\/www.europesays.com\/fr\/wp-json\/wp\/v2\/posts"}],"about":[{"href":"https:\/\/www.europesays.com\/fr\/wp-json\/wp\/v2\/types\/post"}],"author":[{"embeddable":true,"href":"https:\/\/www.europesays.com\/fr\/wp-json\/wp\/v2\/users\/2"}],"replies":[{"embeddable":true,"href":"https:\/\/www.europesays.com\/fr\/wp-json\/wp\/v2\/comments?post=558590"}],"version-history":[{"count":0,"href":"https:\/\/www.europesays.com\/fr\/wp-json\/wp\/v2\/posts\/558590\/revisions"}],"wp:featuredmedia":[{"embeddable":true,"href":"https:\/\/www.europesays.com\/fr\/wp-json\/wp\/v2\/media\/558591"}],"wp:attachment":[{"href":"https:\/\/www.europesays.com\/fr\/wp-json\/wp\/v2\/media?parent=558590"}],"wp:term":[{"taxonomy":"category","embeddable":true,"href":"https:\/\/www.europesays.com\/fr\/wp-json\/wp\/v2\/categories?post=558590"},{"taxonomy":"post_tag","embeddable":true,"href":"https:\/\/www.europesays.com\/fr\/wp-json\/wp\/v2\/tags?post=558590"}],"curies":[{"name":"wp","href":"https:\/\/api.w.org\/{rel}","templated":true}]}}