{"id":558594,"date":"2025-11-25T22:37:18","date_gmt":"2025-11-25T22:37:18","guid":{"rendered":"https:\/\/www.europesays.com\/fr\/558594\/"},"modified":"2025-11-25T22:37:18","modified_gmt":"2025-11-25T22:37:18","slug":"a-nantes-comme-dans-une-vingtaine-de-villes-dex-salaries-attaquent-camaieu-aux-prudhommes","status":"publish","type":"post","link":"https:\/\/www.europesays.com\/fr\/558594\/","title":{"rendered":"\u00c0 Nantes, comme dans une vingtaine de villes, d\u2019ex-salari\u00e9s attaquent Cama\u00efeu aux Prud\u2019hommes"},"content":{"rendered":"<p>La fermeture fracassante des 508\u00a0magasins de Cama\u00efeu et la suppression de 2\u00a0600\u00a0emplois en septembre\u00a02022 n\u2019ont pas sold\u00e9 l\u2019histoire du groupe auquel appartenaient aussi Go Sport ou Gap. La temp\u00eate judiciaire va souffler encore quelques ann\u00e9es.<a href=\"https:\/\/rennes.maville.com\/actu\/actudet_-go-sport-gap-magasins-galeries-lafayette...-que-se-passe-t-il-au-sein-de-la-galaxie-michel-ohayon-_54135-5669337_actu.Htm?utm_source=troove&amp;utm_medium=site\" target=\"_self\" rel=\"noopener\"> Devant 22\u00a0conseils de prud\u2019hommes en France, 343\u00a0anciens salari\u00e9s de l\u2019enseigne de pr\u00eat \u00e0 porter, contestent leur licenciement.<\/a> Une ancienne employ\u00e9e a port\u00e9 aussi l\u2019affaire \u00e0 Nantes (Loire-Atlantique).<\/p>\n<p>Ce mardi 25\u00a0novembre, le contentieux \u00e9tait appel\u00e9 devant la juridiction nantaise. Afin d\u2019examiner le fond de l\u2019affaire, Me Michelin au nom de l\u2019ex vendeuse, exige la communication de certaines pi\u00e8ces\u00a0: des contrats de transfert de salari\u00e9s entre les diff\u00e9rentes entit\u00e9s du groupe, des organigrammes.<\/p>\n<p>20\u00a0millions d\u2019euros<\/p>\n<p>Un contentieux similaire occupe les autres tribunaux. \u00a0On a d\u00e9j\u00e0 transmis des documents. C\u2019est un puits sans fond\u00a0, regrette l\u2019avocate de la holding, la FIB et des autres filiales. Pour l\u2019avocat des salari\u00e9s, le compte n\u2019y est pas.<\/p>\n<p>Sur le fond\u00a0? \u00ab\u00a0Nous contestons les licenciements sur trois points\u00a0, r\u00e9sume Me Michelin. Primo, les autres filiales du groupe \u00e9taient-elles coemployeuses\u00a0? Si c\u2019est le cas, elles auraient d\u00fb int\u00e9grer le plan social. \u00a0Et les salari\u00e9s licenci\u00e9s auraient b\u00e9n\u00e9fici\u00e9 d\u2019indemnit\u00e9s plus g\u00e9n\u00e9reuses.\u00a0<\/p>\n<p>Ensuite, l\u2019avocat conteste le p\u00e9rim\u00e8tre ouvert pour le reclassement des salari\u00e9s. Et enfin, il estime que le groupe a commis des fautes de gestion qui ont abouti \u00e0 la liquidation. Il exige donc des indemnit\u00e9s pour licenciement sans cause r\u00e9elle et s\u00e9rieuse. C\u2019est ce qui sera plaid\u00e9 devant l\u2019ensemble des conseils prud\u2019homaux. \u00a0Les demandes atteignent 20\u00a0millions d\u2019euros\u00a0, souligne l\u2019avocate de la holding.<\/p>\n<p>Mais la faillite de Cama\u00efeu int\u00e9resse aussi d\u00e9sormais la justice p\u00e9nale.<a href=\"https:\/\/rennes.maville.com\/actu\/actudet_-camaieu-go-sport-gap-france...-l-homme-d-affaires-michel-ohayon-est-mis-en-examen-pour-banqueroute-_54135-6752236_actu.Htm\" target=\"_self\" rel=\"noopener\"> En effet, son ancien propri\u00e9taire, l\u2019homme d\u2019affaires, Michel Ohayon a \u00e9t\u00e9 mis en examen, le 4\u00a0avril 2025, pour banqueroute, abus de biens sociaux, escroqueries en bande organis\u00e9e, abus de confiance et blanchiment aggrav\u00e9.<\/a> Le Bordelais est soup\u00e7onn\u00e9 d\u2019avoir d\u00e9tourn\u00e9 de l\u2019argent des soci\u00e9t\u00e9s Go sport, Gap France et Cama\u00efeu.<\/p>\n<p>\u00a0<\/p>\n","protected":false},"excerpt":{"rendered":"La fermeture fracassante des 508\u00a0magasins de Cama\u00efeu et la suppression de 2\u00a0600\u00a0emplois en septembre\u00a02022 n\u2019ont pas sold\u00e9 l\u2019histoire&hellip;\n","protected":false},"author":2,"featured_media":558595,"comment_status":"","ping_status":"","sticky":false,"template":"","format":"standard","meta":{"footnotes":""},"categories":[2818],"tags":[1111,11,11913,10047,1777,674,67492,1011,27,1101,766,12,2636,30705,25,6689,6316,5014,9693],"class_list":{"0":"post-558594","1":"post","2":"type-post","3":"status-publish","4":"format-standard","5":"has-post-thumbnail","7":"category-nantes","8":"tag-actu","9":"tag-actualites","10":"tag-attaquent","11":"tag-camaieu","12":"tag-eu","13":"tag-europe","14":"tag-ex-salaries","15":"tag-fr","16":"tag-france","17":"tag-hommes","18":"tag-nantes","19":"tag-news","20":"tag-pays-de-la-loire","21":"tag-prud","22":"tag-republique-francaise","23":"tag-roche","24":"tag-villes","25":"tag-vingtaine","26":"tag-yon"},"share_on_mastodon":{"url":"https:\/\/pubeurope.com\/@fr\/115612735589367738","error":""},"_links":{"self":[{"href":"https:\/\/www.europesays.com\/fr\/wp-json\/wp\/v2\/posts\/558594","targetHints":{"allow":["GET"]}}],"collection":[{"href":"https:\/\/www.europesays.com\/fr\/wp-json\/wp\/v2\/posts"}],"about":[{"href":"https:\/\/www.europesays.com\/fr\/wp-json\/wp\/v2\/types\/post"}],"author":[{"embeddable":true,"href":"https:\/\/www.europesays.com\/fr\/wp-json\/wp\/v2\/users\/2"}],"replies":[{"embeddable":true,"href":"https:\/\/www.europesays.com\/fr\/wp-json\/wp\/v2\/comments?post=558594"}],"version-history":[{"count":0,"href":"https:\/\/www.europesays.com\/fr\/wp-json\/wp\/v2\/posts\/558594\/revisions"}],"wp:featuredmedia":[{"embeddable":true,"href":"https:\/\/www.europesays.com\/fr\/wp-json\/wp\/v2\/media\/558595"}],"wp:attachment":[{"href":"https:\/\/www.europesays.com\/fr\/wp-json\/wp\/v2\/media?parent=558594"}],"wp:term":[{"taxonomy":"category","embeddable":true,"href":"https:\/\/www.europesays.com\/fr\/wp-json\/wp\/v2\/categories?post=558594"},{"taxonomy":"post_tag","embeddable":true,"href":"https:\/\/www.europesays.com\/fr\/wp-json\/wp\/v2\/tags?post=558594"}],"curies":[{"name":"wp","href":"https:\/\/api.w.org\/{rel}","templated":true}]}}