{"id":558600,"date":"2025-11-25T22:40:15","date_gmt":"2025-11-25T22:40:15","guid":{"rendered":"https:\/\/www.europesays.com\/fr\/558600\/"},"modified":"2025-11-25T22:40:15","modified_gmt":"2025-11-25T22:40:15","slug":"a-bordeaux-le-cinema-africain-comme-boussole-politique-et-poetique","status":"publish","type":"post","link":"https:\/\/www.europesays.com\/fr\/558600\/","title":{"rendered":"\u00e0 Bordeaux, le cin\u00e9ma africain comme boussole politique et po\u00e9tique"},"content":{"rendered":"<p>            Les temps forts<\/p>\n<p>Ouverture jeudi 27\u00a0novembre par une soir\u00e9e culte \u00e0 l\u2019Utopia avec la version restaur\u00e9e de \u00ab\u00a0Bal poussi\u00e8re\u00a0\u00bb d\u2019Henri Duparc, com\u00e9die mordante sur la polygamie, suivie d\u2019un DJ set Okinka x Le\u00a0Type Soundsystem \u00e0 l\u2019Apollo Bar.<\/p>\n<p>C\u00f4t\u00e9 documentaires et fictions, le festival explore les luttes intimes et collectives. \u00ab\u00a0Amakki\u00a0\u00bb (C\u00e9lia Boussebaa) plonge dans le quotidien de femmes \u00e9thiopiennes, tandis que \u00ab\u00a0Rising Up at Night\u00a0\u00bb (Nelson Makengo) capture la r\u00e9silience \u00e9lectrique de Kinshasa. \u00c0 voir aussi \u00ab\u00a0Camionneuse\u00a0\u00bb (Meryem-Bahia Arfaoui), portrait d\u2019une femme au volant, ou \u00ab\u00a0My Father\u2019s Shadow\u00a0\u00bb (Akinola Davies Jr.), premier film nig\u00e9rian prim\u00e9 \u00e0 Cannes. \u00ab\u00a0How to Build a Library\u00a0\u00bb documente un combat d\u00e9colonial pour le savoir au Kenya.<\/p>\n<p>Cette \u00e9dition rend \u00e9galement hommage au ma\u00eetre du cin\u00e9ma malien Souleymane Ciss\u00e9, disparu en 2025, avec la projection du mythique \u00ab\u00a0Yeelen\u00a0\u00bb (prix du Jury Cannes 1987). Le patrimoine est aussi \u00e0 l\u2019honneur avec \u00ab\u00a0Reou Takh\u00a0\u00bb (S\u00e9n\u00e9gal, 1972), \u00ab\u00a0Le Franc\u00a0\u00bb de Djibril Diop Mamb\u00e9ty (au Rocher de Palmer) et la soir\u00e9e de cl\u00f4ture le 1er\u00a0d\u00e9cembre avec le film manifeste \u00ab\u00a0Nationalit\u00e9 immigr\u00e9\u00a0\u00bb de Sidney Sokhona.<\/p>\n<p>V\u00e9ritable agora, Afriques en vision prolonge les films par des \u00e9changes engag\u00e9s avec les cin\u00e9astes invit\u00e9s (N.\u00a0Makengo, C.\u00a0Boussebaa\u2026) et des sp\u00e9cialistes.<\/p>\n<p>Billetterie et infos\u00a0: <a href=\"https:\/\/institutdesafriques.org\/\" target=\"_blank\" rel=\"nofollow noopener\">institutdesafriques.org<\/a><\/p>\n","protected":false},"excerpt":{"rendered":"Les temps forts Ouverture jeudi 27\u00a0novembre par une soir\u00e9e culte \u00e0 l\u2019Utopia avec la version restaur\u00e9e de \u00ab\u00a0Bal&hellip;\n","protected":false},"author":2,"featured_media":558601,"comment_status":"","ping_status":"","sticky":false,"template":"","format":"standard","meta":{"footnotes":""},"categories":[2817],"tags":[1111,11,1997,1777,674,1011,27,12,2219,25],"class_list":{"0":"post-558600","1":"post","2":"type-post","3":"status-publish","4":"format-standard","5":"has-post-thumbnail","7":"category-bordeaux","8":"tag-actu","9":"tag-actualites","10":"tag-bordeaux","11":"tag-eu","12":"tag-europe","13":"tag-fr","14":"tag-france","15":"tag-news","16":"tag-nouvelle-aquitaine","17":"tag-republique-francaise"},"share_on_mastodon":{"url":"https:\/\/pubeurope.com\/@fr\/115612747380571049","error":""},"_links":{"self":[{"href":"https:\/\/www.europesays.com\/fr\/wp-json\/wp\/v2\/posts\/558600","targetHints":{"allow":["GET"]}}],"collection":[{"href":"https:\/\/www.europesays.com\/fr\/wp-json\/wp\/v2\/posts"}],"about":[{"href":"https:\/\/www.europesays.com\/fr\/wp-json\/wp\/v2\/types\/post"}],"author":[{"embeddable":true,"href":"https:\/\/www.europesays.com\/fr\/wp-json\/wp\/v2\/users\/2"}],"replies":[{"embeddable":true,"href":"https:\/\/www.europesays.com\/fr\/wp-json\/wp\/v2\/comments?post=558600"}],"version-history":[{"count":0,"href":"https:\/\/www.europesays.com\/fr\/wp-json\/wp\/v2\/posts\/558600\/revisions"}],"wp:featuredmedia":[{"embeddable":true,"href":"https:\/\/www.europesays.com\/fr\/wp-json\/wp\/v2\/media\/558601"}],"wp:attachment":[{"href":"https:\/\/www.europesays.com\/fr\/wp-json\/wp\/v2\/media?parent=558600"}],"wp:term":[{"taxonomy":"category","embeddable":true,"href":"https:\/\/www.europesays.com\/fr\/wp-json\/wp\/v2\/categories?post=558600"},{"taxonomy":"post_tag","embeddable":true,"href":"https:\/\/www.europesays.com\/fr\/wp-json\/wp\/v2\/tags?post=558600"}],"curies":[{"name":"wp","href":"https:\/\/api.w.org\/{rel}","templated":true}]}}