{"id":558613,"date":"2025-11-25T22:48:22","date_gmt":"2025-11-25T22:48:22","guid":{"rendered":"https:\/\/www.europesays.com\/fr\/558613\/"},"modified":"2025-11-25T22:48:22","modified_gmt":"2025-11-25T22:48:22","slug":"lyon-aulas-et-lr-avec-veronique-sarselli-font-alliance-pour-les-elections-a-la-metropole","status":"publish","type":"post","link":"https:\/\/www.europesays.com\/fr\/558613\/","title":{"rendered":"Lyon. Aulas et LR avec V\u00e9ronique Sarselli font alliance pour les \u00e9lections \u00e0 la M\u00e9tropole"},"content":{"rendered":"<p>                    Par<br \/>\n        <strong><br \/>\n            <a href=\"https:\/\/actu.fr\/auteur\/nicolas-zaugra\" title=\"Consulter tous les articles de Nicolas Zaugra\" target=\"_blank\" rel=\"noopener\">Nicolas Zaugra<\/a><br \/>\n                    <\/strong><\/p>\n<p>        Publi\u00e9 le<\/p>\n<p>            25 nov. 2025 \u00e0 21h32        <\/p>\n<p>L\u2019information avait <a href=\"https:\/\/actu.fr\/auvergne-rhone-alpes\/lyon_69123\/lyon-elections-metropolitaines-2026-veronique-sarselli-lr-va-rejoindre-jean-michel-aulas_63485357.html\" target=\"_blank\" rel=\"noopener\">fuit\u00e9 quelques heures avant l\u2019annonce officielle<\/a>. L\u2019ancien patron de l\u2019OL et candidat \u00e0 la mairie de Lyon <a href=\"https:\/\/actu.fr\/auvergne-rhone-alpes\/lyon_69123\/securite-tcl-eclairage-des-rues-jean-michel-aulas-devoile-des-propositions-pour-les-femmes_63486372.html\" target=\"_blank\" rel=\"noopener\">Jean-Michel Aulas<\/a> et la cheffe de file LR aux \u00e9lections m\u00e9tropolitaines ont annonc\u00e9 mardi 25 novembre 2025 faire alliance pour tenter de reprendre aux \u00e9cologistes la puissante collectivit\u00e9.<\/p>\n<p class=\" wall-content\">En cas de victoire en mars, <a href=\"https:\/\/actu.fr\/auvergne-rhone-alpes\/lyon_69123\/lyon-je-ferai-sauter-la-ztl-et-les-bouchons-la-promesse-choc-de-veronique-sarselli_63313584.html\" target=\"_blank\" rel=\"noopener\">V\u00e9ronique Sarselli<\/a>, maire LR de Sainte-Foy-l\u00e8s-Lyon, deviendra pr\u00e9sidente du Grand Lyon, la deuxi\u00e8me m\u00e9tropole de France avec 1,4 million d\u2019habitants, et \u00ab\u00a0elle a accept\u00e9 que je si\u00e8ge \u00e0 ses c\u00f4t\u00e9s dans l\u2019ex\u00e9cutif m\u00e9tropolitain\u00a0\u00bb, a d\u00e9clar\u00e9 l\u2019ancien pr\u00e9sident de l\u2019Olympique lyonnais.<\/p>\n<blockquote class=\"ac-article-quote wall-content\">\n<p>C&rsquo;est not\u00e9 noir sur blanc dans l&rsquo;accord que V\u00e9ronique Sarselli soit pr\u00e9sidente en cas de victoire et Jean-Michel Aulas vice-pr\u00e9sident s&rsquo;il est \u00e9lu maire de Lyon<\/p>\n<p>    <strong>Un proche de V\u00e9ronique Sarselli \u00e0 actu Lyon<\/strong>\n            <\/p><\/blockquote>\n<p>\u00ab\u00a0Il n\u2019y aura pas d\u2019accord avec les extr\u00eames\u00a0\u00bb<\/p>\n<p class=\" wall-content\">L\u2019accord repose sur un principe de \u00ab\u00a0clart\u00e9 d\u00e9mocratique\u00a0\u00bb, a-t-il ajout\u00e9 pendant l\u2019inauguration de leur local de campagne: \u00ab\u00a0il n\u2019y aura aucune alliance ni de pr\u00e8s, ni de loin avec les extr\u00eames, ni au premier, ni au second tour\u00a0\u00bb.\u00a0<\/p>\n<p class=\" wall-content\">Les deux parties se sont \u00e9galement mises d\u2019accord pour la parit\u00e9 des t\u00eates de liste dans les 14 circonscriptions, a-t-il soulign\u00e9.<\/p>\n<p class=\" wall-content\">\u00ab\u00a0Je vous remercie de faire cette union avec les maires en premi\u00e8re ligne\u00a0\u00bb, a poursuivi V\u00e9ronique Sarselli, d\u00e9sign\u00e9e au printemps par son parti pour mener la campagne du Grand Lyon, la seule communaut\u00e9 d\u2019agglom\u00e9ration de France dont l\u2019assembl\u00e9e est \u00e9lue au suffrage universel direct.<\/p>\n<p class=\" wall-content\">\n<p class=\" wall-content\">\n<p class=\" wall-content\">De son c\u00f4t\u00e9, Jean-Michel Aulas est parti en campagne pour la mairie de Lyon en septembre, sans \u00e9tiquette mais avec le soutien d\u2019une large coalition du centre et de la droite. Donn\u00e9 <a href=\"https:\/\/actu.fr\/auvergne-rhone-alpes\/lyon_69123\/sondage-municipales-2026-a-lyon-la-vague-jean-michel-aulas-submerge-gregory-doucet_63465741.html\" target=\"_blank\" rel=\"noopener\">grand favori des sondages<\/a> face au maire \u00e9cologiste sortant <a href=\"https:\/\/actu.fr\/auvergne-rhone-alpes\/lyon_69123\/municipales-2026-a-lyon-gregory-doucet-se-lance-et-promet-une-campagne-joyeuse_63395167.html\" target=\"_blank\" rel=\"noopener\">Gr\u00e9gory Doucet<\/a>, il a vite d\u00e9clar\u00e9 vouloir utiliser cette dynamique au niveau m\u00e9tropolitain avec des listes baptis\u00e9es \u00ab\u00a0Grand coeur lyonnais\u00a0\u00bb.<\/p>\n<p>Votre r\u00e9gion, votre actu !<\/p>\n<p>Recevez chaque jour les infos qui comptent pour vous.<\/p>\n<p>\t<a href=\"https:\/\/actu.fr\/newsletter\" class=\"ac-btn ac-btn--corner ac-btn--medium ac-btn--blue800\" target=\"_blank\" rel=\"noopener\">S&rsquo;incrire<\/a><br \/>\nUne banni\u00e8re Aulas \u00ab\u00a0qui rassemble\u00a0\u00bb et \u00ab\u00a0tr\u00e8s attendue\u00a0\u00bb<\/p>\n<p class=\" wall-content\">Ces derni\u00e8res semaines, il avait obtenu le ralliement des \u00e9lus Renaissance ou Modem mais V\u00e9ronique Sarselli, forte du soutien des nombreux maires LR de l\u2019agglom\u00e9ration, tardait \u00e0 faire de m\u00eame.<\/p>\n<p class=\" wall-content\">Mardi, elle a expliqu\u00e9 se ranger derri\u00e8re la banni\u00e8re Grand c\u0153ur lyonnais parce qu\u2019elle \u00ab\u00a0rassemble\u00a0\u00bb et qu\u2019elle est \u00ab\u00a0tr\u00e8s attendue\u00a0\u00bb par les habitants qui d\u00e9sirent l\u2019alternance.<br \/>L\u2019\u00e9cologiste <a href=\"https:\/\/actu.fr\/auvergne-rhone-alpes\/lyon_69123\/beaucoup-a-ete-fait-100-citoyens-appellent-bruno-bernard-a-la-tete-de-la-metropole-de-lyon-a-continuer_63467041.html\" target=\"_blank\" rel=\"noopener\">Bruno Bernard<\/a>, 54 ans, qui pr\u00e9side le Grand Lyon depuis 2020, n\u2019a pas encore officialis\u00e9 son entr\u00e9e en lice.<\/p>\n<p class=\" wall-content\">La m\u00e9tropole de Lyon, cr\u00e9\u00e9e en 2015, a repris les comp\u00e9tences du d\u00e9partement sur les 58 communes qui la composent. Dot\u00e9e d\u2019un budget de pr\u00e8s de 4 milliards d\u2019euros (contre moins de 1,2 milliard pour la ville de Lyon), elle dispose de larges comp\u00e9tences: d\u00e9veloppement \u00e9conomique, voirie, coll\u00e8ges, action sociale\u2026<\/p>\n<p>Le RN attaque d\u00e9j\u00e0 et d\u00e9nonce \u00ab\u00a0l\u2019alliance LR\/Macron derri\u00e8re Aulas\u00a0\u00bb<\/p>\n<p class=\" wall-content\">Dans un communiqu\u00e9, le RN avec qui \u00ab\u00a0aucune alliance ne sera possible\u00a0\u00bb selon le duo Aulas-Sarselli attaque d\u00e9j\u00e0 l\u2019annonce de ralliement de LR \u00e0 Jean-Michel Aulas \u00e0 la M\u00e9tropole.<\/p>\n<p class=\" wall-content\">\u00ab\u00a0Un cap politique a \u00e9t\u00e9 franchi. Les R\u00e9publicains ont d\u00e9finitivement choisi de se fondre dans le macronisme. L\u2019annonce publique du ralliement de V\u00e9ronique Sarcelli, t\u00eate de liste LR aux \u00e9lections m\u00e9tropolitaines, \u00e0 Jean-Michel Aulas, et donc de fait au bloc Renaissance et Modem, acte une soumission politique d\u00e9sormais assum\u00e9e\u00a0\u00bb, d\u00e9nonce la candidate RN \u00e0 la M\u00e9tropole <a href=\"https:\/\/actu.fr\/auvergne-rhone-alpes\/lyon_69123\/lyon-le-rn-a-l-assaut-de-la-metropole-pour-les-elections-de-2026-on-va-creer-la-surprise_63346719.html\" target=\"_blank\" rel=\"noopener\">Tiffany Joncour<\/a> dans un communiqu\u00e9.<\/p>\n<p class=\" wall-content\">\u00ab\u00a0Madame Sarcelli se moque des \u00e9lecteurs et que l\u2019ensemble de l\u2019appareil LR participe \u00e0 ce reniement. Il ne s\u2019agit plus de convictions mais de pr\u00e9servation individuelle, ce qui constitue une trahison politique\u00a0\u00bb, attaque la d\u00e9put\u00e9e qui vise aussi la M\u00e9tropole et dont le parti est donn\u00e9 \u00e0 plus de 20% d\u2019intentions de vote aux m\u00e9tropolitaines.<\/p>\n<p class=\" wall-content\"><strong>Avec AFP et Anthony Soudani<\/strong><\/p>\n<p class=\" wall-content\">Personnalisez votre actualit\u00e9 en ajoutant vos villes et m\u00e9dias en favori avec <a href=\"https:\/\/moncompte.actu.fr\" title=\"D\u00e9couvez Mon Actu\" rel=\"nofollow noopener\" data-trk=\"{&quot;cta&quot;:{&quot;action&quot;:&quot;https:\\\/\\\/moncompte.actu.fr&quot;,&quot;category&quot;:&quot;mon compte&quot;,&quot;from&quot;:&quot;article footer&quot;,&quot;name&quot;:&quot;Mon actu&quot;,&quot;type&quot;:&quot;cta&quot;}}\" target=\"_blank\">Mon Actu<\/a>.<\/p>\n","protected":false},"excerpt":{"rendered":"Par Nicolas Zaugra Publi\u00e9 le 25 nov. 2025 \u00e0 21h32 L\u2019information avait fuit\u00e9 quelques heures avant l\u2019annonce officielle.&hellip;\n","protected":false},"author":2,"featured_media":558614,"comment_status":"","ping_status":"","sticky":false,"template":"","format":"standard","meta":{"footnotes":""},"categories":[1889],"tags":[1111,11,2430,4188,1777,674,1011,27,2808,5227,8335,2428,12,316,25],"class_list":{"0":"post-558613","1":"post","2":"type-post","3":"status-publish","4":"format-standard","5":"has-post-thumbnail","7":"category-lyon","8":"tag-actu","9":"tag-actualites","10":"tag-auvergne-rhone-alpes","11":"tag-elections-municipales","12":"tag-eu","13":"tag-europe","14":"tag-fr","15":"tag-france","16":"tag-grand-lyon","17":"tag-jean-michel-aulas","18":"tag-les-republicains-lr","19":"tag-lyon","20":"tag-news","21":"tag-politique","22":"tag-republique-francaise"},"share_on_mastodon":{"url":"https:\/\/pubeurope.com\/@fr\/115612778714009573","error":""},"_links":{"self":[{"href":"https:\/\/www.europesays.com\/fr\/wp-json\/wp\/v2\/posts\/558613","targetHints":{"allow":["GET"]}}],"collection":[{"href":"https:\/\/www.europesays.com\/fr\/wp-json\/wp\/v2\/posts"}],"about":[{"href":"https:\/\/www.europesays.com\/fr\/wp-json\/wp\/v2\/types\/post"}],"author":[{"embeddable":true,"href":"https:\/\/www.europesays.com\/fr\/wp-json\/wp\/v2\/users\/2"}],"replies":[{"embeddable":true,"href":"https:\/\/www.europesays.com\/fr\/wp-json\/wp\/v2\/comments?post=558613"}],"version-history":[{"count":0,"href":"https:\/\/www.europesays.com\/fr\/wp-json\/wp\/v2\/posts\/558613\/revisions"}],"wp:featuredmedia":[{"embeddable":true,"href":"https:\/\/www.europesays.com\/fr\/wp-json\/wp\/v2\/media\/558614"}],"wp:attachment":[{"href":"https:\/\/www.europesays.com\/fr\/wp-json\/wp\/v2\/media?parent=558613"}],"wp:term":[{"taxonomy":"category","embeddable":true,"href":"https:\/\/www.europesays.com\/fr\/wp-json\/wp\/v2\/categories?post=558613"},{"taxonomy":"post_tag","embeddable":true,"href":"https:\/\/www.europesays.com\/fr\/wp-json\/wp\/v2\/tags?post=558613"}],"curies":[{"name":"wp","href":"https:\/\/api.w.org\/{rel}","templated":true}]}}