{"id":558617,"date":"2025-11-25T22:51:16","date_gmt":"2025-11-25T22:51:16","guid":{"rendered":"https:\/\/www.europesays.com\/fr\/558617\/"},"modified":"2025-11-25T22:51:16","modified_gmt":"2025-11-25T22:51:16","slug":"un-cas-de-tuberculose-detecte-a-luniversite-de-rouen-plus-de-150-cas-contacts-identifies","status":"publish","type":"post","link":"https:\/\/www.europesays.com\/fr\/558617\/","title":{"rendered":"Un cas de tuberculose d\u00e9tect\u00e9 \u00e0 l&rsquo;universit\u00e9 de Rouen, plus de 150 cas contacts identifi\u00e9s"},"content":{"rendered":"\n<p class=\"c-chapo \">\n  L\u2019ARS a lanc\u00e9 une enqu\u00eate et un d\u00e9pistage cibl\u00e9 apr\u00e8s la d\u00e9couverte d\u2019un \u00e9tudiant malade, tout en indiquant qu\u2019aucune mesure particuli\u00e8re n\u2019est n\u00e9cessaire sans sympt\u00f4mes.\n<\/p>\n<p>      lire plus tard<\/p>\n<p id=\"dialog__title\" class=\"dialog__title\">Pour sauvegarder cet article, connectez-vous ou cr\u00e9ez un compte franceinfo<\/p>\n<p class=\"dialog__description\">Sans paiement. Sans abonnement.<\/p>\n<p>        Fermer la fen\u00eatre d\u2019activation des notifications France Info<\/p>\n<p>      cr\u00e9er votre compte<\/p>\n<p>      se connecter<\/p>\n<p>        Fermer la fen\u00eatre de pr\u00e9sentation<\/p>\n<p>    <img loading=\"lazy\" decoding=\"async\" class=\"signature__image lazyload\" width=\"100\" height=\"100\" data- alt=\"\" src=\"https:\/\/www.europesays.com\/fr\/wp-content\/uploads\/2025\/05\/64a7df4c5fe71_placeholder-36b69ec8.png\"\/><\/p>\n<p>    Publi\u00e9 le 25\/11\/2025 22:30<\/p>\n<p>        Temps de lecture : 1min<\/p>\n<p>    <img decoding=\"async\"  alt=\"L'entr\u00e9e de la facult\u00e9 de m\u00e9decine et de pharmacie rattach\u00e9 \u00e0 l'universit\u00e9 de Rouen; en septembre 2019. (LUC NOBOUT \/ MAXPPP)\" width=\"432\" height=\"243\" src=\"https:\/\/www.europesays.com\/fr\/wp-content\/uploads\/2025\/11\/maxnewsfrfour306281-69261f20ad31c880744717.jpg\" fetchpriority=\"high\"\/><\/p>\n<p>      L&rsquo;entr\u00e9e de la facult\u00e9 de m\u00e9decine et de pharmacie rattach\u00e9 \u00e0 l&rsquo;universit\u00e9 de Rouen; en septembre 2019. (LUC NOBOUT \/ MAXPPP)<\/p>\n<p>Un cas de tuberculose a \u00e9t\u00e9 d\u00e9tect\u00e9 \u00e0 l&rsquo;universit\u00e9 de Rouen (Seine-Maritime) sur un campus situ\u00e9 dans le centre-ville, et plus de 150 cas contacts ont \u00e9t\u00e9 identifi\u00e9s, <a href=\"https:\/\/www.francebleu.fr\/infos\/sante-sciences\/un-cas-de-tuberculose-detecte-a-la-faculte-pasteur-a-rouen-plus-de-150-cas-contacts-identifies-1781136\" target=\"_blank\" rel=\"noopener\">a appris mardi ICI Normandie (ex-France Bleu)<\/a> aupr\u00e8s de l&rsquo;Agence r\u00e9gionale de Sant\u00e9 (ARS), confirmant une information de <a href=\"https:\/\/actu.fr\/normandie\/rouen_76540\/un-cas-de-tuberculose-decouvert-a-la-faculte-de-rouen-environ-150-cas-contacts-potentiels_63487154.html\" target=\"_blank\" rel=\"noopener\">76 Actu<\/a>.<\/p>\n<p>Selon les informations d&rsquo;ICI Normandie, environ 150 cas contacts parmi les \u00e9l\u00e8ves et une quinzaine parmi les professeurs ont \u00e9t\u00e9 identifi\u00e9s apr\u00e8s une enqu\u00eate men\u00e9e par le Centre de lutte antituberculeuse (CLAT) de Seine-Maritime. \u00ab\u00a0Les personnes en contact avec le cas n\u2019ont pas \u00e0 mettre en place de mesures barri\u00e8res sp\u00e9cifiques en dehors des mesures recommand\u00e9es en cas de sympt\u00f4mes respiratoires\u00a0\u00bb, indique l&rsquo;ARS.<\/p>\n<p>La tuberculose est une maladie infectieuse due \u00e0 une bact\u00e9rie, Mycobacterium tuberculosis, aussi nomm\u00e9e bacille de Koch, qui atteint le plus souvent les poumons. Elle se transmet de personne \u00e0 personne par voie a\u00e9rienne, \u00e0 partir des formes respiratoires de la maladie, mais est moins contagieuse que des maladies comme la grippe ou la rougeole.<\/p>\n<p>L&rsquo;ARS rappelle que \u00ab\u00a0tout cas de tuberculose\u00a0\u00bb doit lui \u00eatre signal\u00e9. En Normandie, 154 cas ont \u00e9t\u00e9 d\u00e9clar\u00e9s en 2023, selon Sant\u00e9 publique France. Chaque ann\u00e9e, entre 4 000 et 5 000 cas de tuberculose sont d\u00e9clar\u00e9s en France.<\/p>\n","protected":false},"excerpt":{"rendered":"L\u2019ARS a lanc\u00e9 une enqu\u00eate et un d\u00e9pistage cibl\u00e9 apr\u00e8s la d\u00e9couverte d\u2019un \u00e9tudiant malade, tout en indiquant&hellip;\n","protected":false},"author":2,"featured_media":558618,"comment_status":"","ping_status":"","sticky":false,"template":"","format":"standard","meta":{"footnotes":""},"categories":[1888],"tags":[1111,1928,11,1927,1777,674,1011,27,12,1926,626,1925,25],"class_list":{"0":"post-558617","1":"post","2":"type-post","3":"status-publish","4":"format-standard","5":"has-post-thumbnail","7":"category-paris","8":"tag-actu","9":"tag-actu-paris","10":"tag-actualites","11":"tag-actualites-paris","12":"tag-eu","13":"tag-europe","14":"tag-fr","15":"tag-france","16":"tag-news","17":"tag-news-paris","18":"tag-paris","19":"tag-paris-news","20":"tag-republique-francaise"},"share_on_mastodon":{"url":"https:\/\/pubeurope.com\/@fr\/115612790871369711","error":""},"_links":{"self":[{"href":"https:\/\/www.europesays.com\/fr\/wp-json\/wp\/v2\/posts\/558617","targetHints":{"allow":["GET"]}}],"collection":[{"href":"https:\/\/www.europesays.com\/fr\/wp-json\/wp\/v2\/posts"}],"about":[{"href":"https:\/\/www.europesays.com\/fr\/wp-json\/wp\/v2\/types\/post"}],"author":[{"embeddable":true,"href":"https:\/\/www.europesays.com\/fr\/wp-json\/wp\/v2\/users\/2"}],"replies":[{"embeddable":true,"href":"https:\/\/www.europesays.com\/fr\/wp-json\/wp\/v2\/comments?post=558617"}],"version-history":[{"count":0,"href":"https:\/\/www.europesays.com\/fr\/wp-json\/wp\/v2\/posts\/558617\/revisions"}],"wp:featuredmedia":[{"embeddable":true,"href":"https:\/\/www.europesays.com\/fr\/wp-json\/wp\/v2\/media\/558618"}],"wp:attachment":[{"href":"https:\/\/www.europesays.com\/fr\/wp-json\/wp\/v2\/media?parent=558617"}],"wp:term":[{"taxonomy":"category","embeddable":true,"href":"https:\/\/www.europesays.com\/fr\/wp-json\/wp\/v2\/categories?post=558617"},{"taxonomy":"post_tag","embeddable":true,"href":"https:\/\/www.europesays.com\/fr\/wp-json\/wp\/v2\/tags?post=558617"}],"curies":[{"name":"wp","href":"https:\/\/api.w.org\/{rel}","templated":true}]}}