{"id":558619,"date":"2025-11-25T22:52:12","date_gmt":"2025-11-25T22:52:12","guid":{"rendered":"https:\/\/www.europesays.com\/fr\/558619\/"},"modified":"2025-11-25T22:52:12","modified_gmt":"2025-11-25T22:52:12","slug":"espionnage-et-ingerence-au-profit-de-la-russie-trois-personnes-ecrouees-a-paris","status":"publish","type":"post","link":"https:\/\/www.europesays.com\/fr\/558619\/","title":{"rendered":"Espionnage et ing\u00e9rence au profit de la Russie : trois personnes \u00e9crou\u00e9es \u00e0 Paris"},"content":{"rendered":"<p class=\"mb-4 text-lg md:leading-8 break-words\">Trois personnes ont \u00e9t\u00e9 mises en examen et \u00e9crou\u00e9es \u00e0 Paris dans le cadre d&rsquo;une double affaire\u00a0:\u00a0espionnage \u00e9conomique au profit de Moscou et ing\u00e9rence apr\u00e8s la d\u00e9couverte d&rsquo;affiches prorusses sur l&rsquo;Arc de Triomphe.<\/p>\n<p class=\"mb-4 text-lg md:leading-8 break-words\">L&rsquo;un des mis en examen, Vyacheslav P., un Russe de 40\u00a0ans, a \u00e9t\u00e9 identifi\u00e9 par vid\u00e9osurveillance alors qu&rsquo;il collait des affiches \u00e0 la gloire de la <a class=\"link \" href=\"https:\/\/www.france24.com\/fr\/tag\/russie\/\" rel=\"nofollow noopener\" target=\"_blank\" data-ylk=\"slk:Russie;elm:context_link;itc:0;sec:content-canvas\">Russie<\/a> sur le monument parisien d\u00e9but septembre, a pr\u00e9cis\u00e9 le parquet, interrog\u00e9 sur des informations d\u00e9voil\u00e9es par Le Parisien et Intelligence Online.<\/p>\n<p class=\"mb-4 text-lg md:leading-8 break-words\">Il en aurait ensuite rendu compte au t\u00e9l\u00e9phone \u00e0 la fondatrice d&rsquo;une association \u2013\u00a0SOS Donbass\u00a0\u2013, une Franco-Russe de 40\u00a0ans soup\u00e7onn\u00e9e d&rsquo;avoir approch\u00e9 des cadres d&rsquo;entreprises fran\u00e7aises pour obtenir des renseignements \u00e9conomiques.<\/p>\n<p class=\"mb-4 text-lg md:leading-8 break-words\">Cette derni\u00e8re, Anna M., n\u00e9e en Russie, \u00e9tait depuis au moins le d\u00e9but de l&rsquo;ann\u00e9e dans le radar de la Direction g\u00e9n\u00e9rale de la s\u00e9curit\u00e9 int\u00e9rieure (DGSI), qui avait d\u00e9tect\u00e9 \u00ab\u00a0des agissements susceptibles de porter atteinte aux int\u00e9r\u00eats fondamentaux de la Nation\u00a0\u00bb, ce qui avait conduit \u00e0 l&rsquo;ouverture d&rsquo;une enqu\u00eate pr\u00e9liminaire.<\/p>\n<p class=\"mb-4 text-lg md:leading-8 break-words\">Un juge d&rsquo;instruction a ensuite \u00e9t\u00e9 d\u00e9sign\u00e9, en mars, enqu\u00eatant notamment pour \u00ab\u00a0intelligence avec une puissance \u00e9trang\u00e8re\u00a0\u00bb, un d\u00e9lit puni de dix\u00a0ans d&#8217;emprisonnement.<\/p>\n<p class=\"mb-4 text-lg md:leading-8 break-words\">\u00c0 lire aussi<a class=\"link  yahoo-link\" href=\"https:\/\/fr.news.yahoo.com\/op%C3%A9rations-hybrides-russes-false-flags-052301739.html\" data-ylk=\"slk:Op\u00e9rations hybrides russes : des &quot;false flags&quot; avant la vraie guerre ?;elm:context_link;itc:0;sec:content-canvas;outcm:mb_qualified_link;_E:mb_qualified_link;ct:story;\" target=\"_blank\" rel=\"noopener\">Op\u00e9rations hybrides russes : des \u00ab\u00a0false flags\u00a0\u00bb avant la vraie guerre ?<\/a><\/p>\n<p class=\"mb-4 text-lg md:leading-8 break-words\">La troisi\u00e8me personne \u00e9crou\u00e9e est un homme de 63\u00a0ans n\u00e9 en Seine-Saint-Denis, Vincent P. Un quatri\u00e8me mis en examen, Bernard F., 58\u00a0ans, n\u00e9 \u00e0 Paris, a pour sa part \u00e9chapp\u00e9 \u00e0 la d\u00e9tention provisoire, mais a \u00e9t\u00e9 plac\u00e9 sous un strict contr\u00f4le judiciaire, qui l&rsquo;oblige \u00e0 pointer une fois par semaine au commissariat et remettre ses papiers d&rsquo;identit\u00e9, et lui interdit toute activit\u00e9 associative en lien avec \u00ab\u00a0la politique internationale de la France, la politique de la Russie ou l&rsquo;aide aux personnes en raison du conflit arm\u00e9 russo-ukrainien\u00a0\u00bb.<\/p>\n<p class=\"mb-4 text-lg md:leading-8 break-words\">L&rsquo;association, qui servait selon les soup\u00e7ons de la DGSI de couverture \u00e0 ces activit\u00e9s d&rsquo;espionnage et de d\u00e9stabilisation, baptis\u00e9e SOS Donbass pour \u00ab\u00a0Sud-Ouest solidarit\u00e9 Donbass\u00a0\u00bb, avait \u00e9t\u00e9 d\u00e9clar\u00e9e en septembre 2022 aupr\u00e8s de la pr\u00e9fecture des Pyr\u00e9n\u00e9es-Atlantiques. Elle se pr\u00e9sente comme une organisation d&rsquo;aide humanitaire aux civils de cette r\u00e9gion d&rsquo;<a class=\"link \" href=\"https:\/\/www.france24.com\/fr\/tag\/ukraine\/\" rel=\"nofollow noopener\" target=\"_blank\" data-ylk=\"slk:Ukraine;elm:context_link;itc:0;sec:content-canvas\">Ukraine<\/a> d\u00e9chir\u00e9e par la guerre.<\/p>\n<p class=\"mb-4 text-lg md:leading-8 break-words\">Avec AFP<\/p>\n","protected":false},"excerpt":{"rendered":"Trois personnes ont \u00e9t\u00e9 mises en examen et \u00e9crou\u00e9es \u00e0 Paris dans le cadre d&rsquo;une double affaire\u00a0:\u00a0espionnage \u00e9conomique&hellip;\n","protected":false},"author":2,"featured_media":558620,"comment_status":"","ping_status":"","sticky":false,"template":"","format":"standard","meta":{"footnotes":""},"categories":[1888],"tags":[1111,1928,11,1927,67576,1777,674,1011,27,67577,38986,12,1926,626,1925,25],"class_list":{"0":"post-558619","1":"post","2":"type-post","3":"status-publish","4":"format-standard","5":"has-post-thumbnail","7":"category-paris","8":"tag-actu","9":"tag-actu-paris","10":"tag-actualites","11":"tag-actualites-paris","12":"tag-espionnage-economique","13":"tag-eu","14":"tag-europe","15":"tag-fr","16":"tag-france","17":"tag-intelligence-online","18":"tag-larc-de-triomphe","19":"tag-news","20":"tag-news-paris","21":"tag-paris","22":"tag-paris-news","23":"tag-republique-francaise"},"share_on_mastodon":{"url":"https:\/\/pubeurope.com\/@fr\/115612794531804095","error":""},"_links":{"self":[{"href":"https:\/\/www.europesays.com\/fr\/wp-json\/wp\/v2\/posts\/558619","targetHints":{"allow":["GET"]}}],"collection":[{"href":"https:\/\/www.europesays.com\/fr\/wp-json\/wp\/v2\/posts"}],"about":[{"href":"https:\/\/www.europesays.com\/fr\/wp-json\/wp\/v2\/types\/post"}],"author":[{"embeddable":true,"href":"https:\/\/www.europesays.com\/fr\/wp-json\/wp\/v2\/users\/2"}],"replies":[{"embeddable":true,"href":"https:\/\/www.europesays.com\/fr\/wp-json\/wp\/v2\/comments?post=558619"}],"version-history":[{"count":0,"href":"https:\/\/www.europesays.com\/fr\/wp-json\/wp\/v2\/posts\/558619\/revisions"}],"wp:featuredmedia":[{"embeddable":true,"href":"https:\/\/www.europesays.com\/fr\/wp-json\/wp\/v2\/media\/558620"}],"wp:attachment":[{"href":"https:\/\/www.europesays.com\/fr\/wp-json\/wp\/v2\/media?parent=558619"}],"wp:term":[{"taxonomy":"category","embeddable":true,"href":"https:\/\/www.europesays.com\/fr\/wp-json\/wp\/v2\/categories?post=558619"},{"taxonomy":"post_tag","embeddable":true,"href":"https:\/\/www.europesays.com\/fr\/wp-json\/wp\/v2\/tags?post=558619"}],"curies":[{"name":"wp","href":"https:\/\/api.w.org\/{rel}","templated":true}]}}