{"id":558625,"date":"2025-11-25T22:55:13","date_gmt":"2025-11-25T22:55:13","guid":{"rendered":"https:\/\/www.europesays.com\/fr\/558625\/"},"modified":"2025-11-25T22:55:13","modified_gmt":"2025-11-25T22:55:13","slug":"quatre-personnes-mises-en-examen-dont-deux-francais-et-une-franco-russe","status":"publish","type":"post","link":"https:\/\/www.europesays.com\/fr\/558625\/","title":{"rendered":"quatre personnes mises en examen, dont deux Fran\u00e7ais et une Franco-Russe"},"content":{"rendered":"<p>Trois personnes ont \u00e9t\u00e9 \u00e9crou\u00e9es et une quatri\u00e8me plac\u00e9e sous contr\u00f4le judiciaire dans une double affaire d&rsquo;espionnage \u00e9conomique et d&rsquo;ing\u00e9rence au profit de la Russie. Une association qui se pr\u00e9sente comme une organisation d&rsquo;aide humanitaire semble avoir servi de couverture \u00e0 ces activit\u00e9s.<\/p>\n<p>Quatre personnes ont \u00e9t\u00e9 mises en examen dans le cadre d&rsquo;une double affaire d&rsquo;espionnage \u00e9conomique et d&rsquo;<a href=\"https:\/\/www.bfmtv.com\/tech\/cybersecurite\/des-acteurs-malveillants-25-tentatives-d-ingerences-numeriques-etrangeres-detectees-en-france-en-2024_AD-202511050587.html\" title=\"&quot;Des acteurs malveillants&quot; qui veulent &quot;saper la coh\u00e9sion et discr\u00e9diter les institutions&quot;: 25 tentatives d&#039;ing\u00e9rences num\u00e9riques \u00e9trang\u00e8res d\u00e9tect\u00e9es en France en 2024\" class=\"internal_link\" target=\"_blank\" rel=\"noopener\">ing\u00e9rence<\/a> au profit de la Russie, a appris BFMTV aupr\u00e8s du parquet de Paris, confirmant des informations du <a href=\"https:\/\/www.leparisien.fr\/faits-divers\/sous-couvert-dactivites-humanitaires-une-russe-et-un-militant-francais-soupconnes-despionnage-pour-la-russie-25-11-2025-3RUFOKQOLVDBFNNXZALXOMTFRU.php\" target=\"_blank\" class=\"external_link\" rel=\"noopener\">Parisien<\/a>.<\/p>\n<p>C&rsquo;est d&rsquo;abord Anna N., une Franco-Russe fondatrice et membre de l&rsquo;association SOS Donbass, qui a attir\u00e9 l&rsquo;attention de la DGSI. Le service de renseignement a d\u00e9tect\u00e9 des \u00ab\u00a0agissements susceptibles de porter atteinte aux int\u00e9r\u00eats fondamentaux de la Nation\u00a0\u00bb, soup\u00e7onnant cette femme de 40 ans d&rsquo;avoir approch\u00e9 les cadres de plusieurs soci\u00e9t\u00e9s fran\u00e7ases pour obtenir des informations relatives aux int\u00e9r\u00eats \u00e9conomiques fran\u00e7ais.<\/p>\n<p>Ces agissements ont donn\u00e9 lieu \u00e0 l&rsquo;ouverture d&rsquo;une enqu\u00eate judiciaire le 13 mars 2025. Les investigations men\u00e9es dans le cadre de cette affaire ont alors permis de la rapprocher d&rsquo;une autre: <a href=\"https:\/\/www.bfmtv.com\/police-justice\/quatre-affiches-pro-russes-collees-sur-l-arc-de-triomphe-une-ingerence-etrangere-suspectee_AN-202509040698.html\" title=\"Quatre affiches pro-russes coll\u00e9es sur l\u2019Arc de Triomphe, une ing\u00e9rence \u00e9trang\u00e8re suspect\u00e9e\" class=\"internal_link\" target=\"_blank\" rel=\"noopener\">des affiches \u00e0 la gloire de la Russie<\/a> ont \u00e9t\u00e9 coll\u00e9es sur l&rsquo;Arc de Triomphe d\u00e9but septembre par Vyacheslav P., un homme de nationalit\u00e9 russe, reconnu par vid\u00e9osurveillance. Les investigations t\u00e9l\u00e9phoniques ont \u00e9tabli que l&rsquo;homme en avait rendu compte \u00e0 Anna N.<\/p>\n<p>Trois personnes \u00e9crou\u00e9es, une quatri\u00e8me sous contr\u00f4le judiciaire<\/p>\n<p>Cette derni\u00e8re, n\u00e9e en Russie, a finalement \u00e9t\u00e9 mise en examen le 21 novembre des chefs de \u00ab\u00a0complicit\u00e9 de d\u00e9gradation de bien class\u00e9 ou inscrit en r\u00e9union pour servir les int\u00e9r\u00eats d\u2019une puissance \u00e9trang\u00e8re\u00a0\u00bb, \u00ab\u00a0participation \u00e0 une association de malfaiteurs en vue de la pr\u00e9paration d\u2019un crime\u00a0\u00bb, \u00ab\u00a0exercice d\u2019activit\u00e9 pour s\u2019informer sur les int\u00e9r\u00eats de la Nation pour une puissance \u00e9trang\u00e8re, et \u00ab\u00a0intelligence avec une puissance \u00e9trang\u00e8re\u00a0\u00bb. Elle a \u00e9t\u00e9 plac\u00e9e en d\u00e9tention provisoire.<\/p>\n<p>Vyacheslav P., n\u00e9 la m\u00eame ann\u00e9e en Russie, a lui aussi \u00e9t\u00e9 mis en examen le 20 novembre et plac\u00e9 en d\u00e9tention provisoire des chefs de \u00ab\u00a0d\u00e9gradation de bien class\u00e9 ou inscrit en r\u00e9union pour servir les int\u00e9r\u00eats d\u2019une puissance \u00e9trang\u00e8re\u00a0\u00bb et \u00ab\u00a0participation \u00e0 une association de malfaiteurs en vue de la pr\u00e9paration d\u2019un crime\u00a0\u00bb.<\/p>\n<p>Le troisi\u00e8me homme mis en examen et \u00e9crou\u00e9 est Vincent P., n\u00e9 en 1962 en Seine-Saint-Denis, soup\u00e7onn\u00e9 de \u00ab\u00a0participation \u00e0 une association de malfaiteurs en vue de la pr\u00e9paration de crimes\u00a0\u00bb, \u00ab\u00a0exercice d\u2019activit\u00e9 pour s\u2019informer sur les int\u00e9r\u00eats de la Nation pour une puissance \u00e9trang\u00e8re\u00a0\u00bb et \u00ab\u00a0intelligence avec une puissance \u00e9trang\u00e8re\u00a0\u00bb.<\/p>\n<p>Enfin, Bernard F, n\u00e9 en f\u00e9vrier 1967 \u00e0 Paris, a \u00e9t\u00e9 mis en examen des chefs \u00ab\u00a0d&rsquo;intelligence avec une puissance \u00e9trang\u00e8re\u00a0\u00bb et \u00ab\u00a0participation \u00e0 une association de malfaiteurs en vue de la pr\u00e9paration de d\u00e9lits punis de 10 ans d\u2019emprisonnement\u00a0\u00bb. Il a \u00e9t\u00e9 plac\u00e9 sous contr\u00f4le judiciaire avec notamment une obligation de pointage une fois par semaine, une interdiction de sortir du territoire national, ou encore une interdiction de se livrer \u00e0 toute forme associative en lien direct ou indirect avec la politique internationale de la France, de la Russie ou l\u2019aide aux personnes en raison du conflit arm\u00e9 russo-ukrainien.<\/p>\n<p>Les possibles ing\u00e9rences \u00e9trang\u00e8res se multiplient<\/p>\n<p>L&rsquo;association SOS Donbass pour \u00ab\u00a0Sud Ouest Solidarit\u00e9 Donbass\u00a0\u00bb, qui servait selon les soup\u00e7ons de la DGSI de couverture \u00e0 ces activit\u00e9s d&rsquo;espionnage et de d\u00e9stabilisation, avait \u00e9t\u00e9 d\u00e9clar\u00e9e en septembre 2022 aupr\u00e8s de la pr\u00e9fecture des Pyr\u00e9n\u00e9es-Atlantiques.<\/p>\n<p>Elle se pr\u00e9sente comme une organisation d&rsquo;aide humanitaire, qui organise des collectes de fonds pour des convois d&rsquo;aide aux civils de cette r\u00e9gion de l&rsquo;Est de l&rsquo;Ukraine d\u00e9chir\u00e9e par la guerre. Son site internet fournit \u00e9galement des affiches pr\u00eates \u00e0 imprimer avec le slogan \u00ab\u00a0La Russie n&rsquo;est pas mon ennemie\u00a0\u00bb.<\/p>\n<p>Les affaires de possible ing\u00e9rence \u00e9trang\u00e8re se sont multipli\u00e9es ces derniers mois en France, depuis <a href=\"https:\/\/www.bfmtv.com\/police-justice\/mains-rouges-sur-le-memorial-de-la-shoah-quatre-bulgares-condamnes-a-des-peines-de-deux-a-quatre-ans-de-prison_AD-202510310794.html\" title=\"&quot;Mains rouges&quot; sur le M\u00e9morial de la Shoah: quatre Bulgares condamn\u00e9s \u00e0 des peines de deux \u00e0 quatre ans de prison\" class=\"internal_link\" target=\"_blank\" rel=\"noopener\">les mains rouges sur le Mur des Justes<\/a> au M\u00e9morial de la Shoah et des cercueils au pied de la tour Eiffel en 2024. Fin avril, le M\u00e9morial de la Shoah avait \u00e9t\u00e9 vis\u00e9, ainsi que trois synagogues, par des jets de peinture. Trois Serbes avaient \u00e9t\u00e9 mis en examen et \u00e9crou\u00e9s \u00e0 Paris, suspect\u00e9s d&rsquo;avoir d\u00e9grad\u00e9 ces lieux \u00ab\u00a0dans le but de servir les int\u00e9r\u00eats d&rsquo;une puissance \u00e9trang\u00e8re\u00a0\u00bb, possiblement la Russie.<\/p>\n<p>En septembre, des <a href=\"https:\/\/www.bfmtv.com\/police-justice\/tetes-de-porc-decapitees-devant-des-mosquees-les-suspects-sont-de-nationalite-etrangere-et-ont-aussitot-quitte-le-territoire_AD-202509100836.html\" title=\"T\u00eates de porc d\u00e9capit\u00e9es devant des mosqu\u00e9es: les suspects sont &quot;de nationalit\u00e9 \u00e9trang\u00e8re&quot; et ont &quot;aussit\u00f4t quitt\u00e9 le territoire&quot;\" class=\"internal_link\" target=\"_blank\" rel=\"noopener\">t\u00eates de porc, animal consid\u00e9r\u00e9 comme impur par l&rsquo;islam, avaient \u00e9t\u00e9 d\u00e9pos\u00e9es<\/a> devant des mosqu\u00e9es, \u00e0 Paris et en r\u00e9gion parisienne, \u00ab\u00a0par des personnes de nationalit\u00e9 \u00e9trang\u00e8re qui ont aussit\u00f4t quitt\u00e9 le territoire\u00a0\u00bb, selon le parquet. Le minist\u00e8re public avait d\u00e9nonc\u00e9 \u00ab\u00a0une volont\u00e9 manifeste de provoquer le trouble au sein de la nation\u00a0\u00bb.<\/p>\n<p>En octobre, quatre hommes avaient par ailleurs \u00e9t\u00e9 \u00e9crou\u00e9s, soup\u00e7onn\u00e9s d&rsquo;\u00eatre impliqu\u00e9s dans un projet d&rsquo;action \u00e0 l&rsquo;encontre d&rsquo;un opposant russe r\u00e9fugi\u00e9 politique en France.<\/p>\n<p>Partager <\/p>\n","protected":false},"excerpt":{"rendered":"Trois personnes ont \u00e9t\u00e9 \u00e9crou\u00e9es et une quatri\u00e8me plac\u00e9e sous contr\u00f4le judiciaire dans une double affaire d&rsquo;espionnage \u00e9conomique&hellip;\n","protected":false},"author":2,"featured_media":197455,"comment_status":"","ping_status":"","sticky":false,"template":"","format":"standard","meta":{"footnotes":""},"categories":[1591],"tags":[11,1887,12,1885,1886,132],"class_list":{"0":"post-558625","1":"post","2":"type-post","3":"status-publish","4":"format-standard","5":"has-post-thumbnail","7":"category-russie","8":"tag-actualites","9":"tag-federation-de-russie","10":"tag-news","11":"tag-russia","12":"tag-russian-federation","13":"tag-russie"},"share_on_mastodon":{"url":"https:\/\/pubeurope.com\/@fr\/115612806221078796","error":""},"_links":{"self":[{"href":"https:\/\/www.europesays.com\/fr\/wp-json\/wp\/v2\/posts\/558625","targetHints":{"allow":["GET"]}}],"collection":[{"href":"https:\/\/www.europesays.com\/fr\/wp-json\/wp\/v2\/posts"}],"about":[{"href":"https:\/\/www.europesays.com\/fr\/wp-json\/wp\/v2\/types\/post"}],"author":[{"embeddable":true,"href":"https:\/\/www.europesays.com\/fr\/wp-json\/wp\/v2\/users\/2"}],"replies":[{"embeddable":true,"href":"https:\/\/www.europesays.com\/fr\/wp-json\/wp\/v2\/comments?post=558625"}],"version-history":[{"count":0,"href":"https:\/\/www.europesays.com\/fr\/wp-json\/wp\/v2\/posts\/558625\/revisions"}],"wp:featuredmedia":[{"embeddable":true,"href":"https:\/\/www.europesays.com\/fr\/wp-json\/wp\/v2\/media\/197455"}],"wp:attachment":[{"href":"https:\/\/www.europesays.com\/fr\/wp-json\/wp\/v2\/media?parent=558625"}],"wp:term":[{"taxonomy":"category","embeddable":true,"href":"https:\/\/www.europesays.com\/fr\/wp-json\/wp\/v2\/categories?post=558625"},{"taxonomy":"post_tag","embeddable":true,"href":"https:\/\/www.europesays.com\/fr\/wp-json\/wp\/v2\/tags?post=558625"}],"curies":[{"name":"wp","href":"https:\/\/api.w.org\/{rel}","templated":true}]}}