{"id":558626,"date":"2025-11-25T22:56:15","date_gmt":"2025-11-25T22:56:15","guid":{"rendered":"https:\/\/www.europesays.com\/fr\/558626\/"},"modified":"2025-11-25T22:56:15","modified_gmt":"2025-11-25T22:56:15","slug":"ukraine-trump-envoie-witkoff-a-moscou-dans-lespoir-de-finaliser-un-accord-de-paix","status":"publish","type":"post","link":"https:\/\/www.europesays.com\/fr\/558626\/","title":{"rendered":"Ukraine : Trump envoie Witkoff \u00e0 Moscou \u00ab\u00a0dans l&rsquo;espoir de finaliser\u00a0\u00bb un accord de paix"},"content":{"rendered":"<p>\n  Par&amp;nbsp<b>Euronews<\/b>\n<\/p>\n<p>\n         Publi\u00e9 le<br \/>\n            25\/11\/2025 &#8211; 22:41 UTC+1\n            <\/p>\n<p>\u00ab\u00a0Au cours de la semaine \u00e9coul\u00e9e, mon \u00e9quipe a fait d&rsquo;\u00e9normes progr\u00e8s pour mettre fin \u00e0 la guerre entre la Russie et l&rsquo;Ukraine\u00a0\u00bb, a d\u00e9clar\u00e9 le pr\u00e9sident am\u00e9ricain Donald Trump dans un message publi\u00e9 sur Truth Social.<\/p>\n<p>Ajoutant, comme \u00e0 son habitude, que la guerre \u00ab\u00a0n&rsquo;aurait jamais commenc\u00e9 si j&rsquo;\u00e9tais pr\u00e9sident\u00a0\u00bb, le chef de la Maison Blanche a \u00e9galement affirm\u00e9 que 25 000 soldats \u00e9taient morts \u00e0 cause de la guerre au cours de la semaine derni\u00e8re.<\/p>\n<p>\u00ab\u00a0Le plan de paix original en 28 points, qui a \u00e9t\u00e9 r\u00e9dig\u00e9 par les \u00c9tats-Unis, a \u00e9t\u00e9 affin\u00e9, avec des contributions suppl\u00e9mentaires des deux parties, et il ne reste que quelques points de d\u00e9saccord\u00a0\u00bb, s&rsquo;est f\u00e9licit\u00e9 Trump, pr\u00e9cisant qu&rsquo;il avait charg\u00e9 son envoy\u00e9 sp\u00e9cial Steve Witkoff de rencontrer le pr\u00e9sident russe Vladimir Poutine \u00e0 Moscou et que le secr\u00e9taire am\u00e9ricain \u00e0 l&rsquo;arm\u00e9e, Dan Driscoll, rencontrerait une d\u00e9l\u00e9gation ukrainienne.<\/p>\n<p>\u00ab\u00a0Le vice-pr\u00e9sident JD Vance, le secr\u00e9taire d&rsquo;\u00c9tat Marco Rubio, le secr\u00e9taire \u00e0 la guerre Pete Hegseth et le chef de cabinet de la Maison Blanche Susie Wiles me tiendront au courant de tous les progr\u00e8s r\u00e9alis\u00e9s\u00a0\u00bb, a \u00e9galement d\u00e9clar\u00e9 Trump, ajoutant : \u00ab\u00a0J&rsquo;esp\u00e8re rencontrer bient\u00f4t le pr\u00e9sident Zelensky et le pr\u00e9sident Poutine, mais uniquement lorsque l&rsquo;accord visant \u00e0 mettre fin \u00e0 cette guerre sera d\u00e9finitif ou dans sa phase finale.\u00a0\u00bb<\/p>\n<p>De l&rsquo;inqui\u00e9tude initiale \u00e0 un optimisme prudent<\/p>\n<p>Le plan en 28 points \u00e9labor\u00e9 par les \u00c9tats-Unis pour mettre fin \u00e0 l&rsquo;invasion russe de l&rsquo;Ukraine, qui dure depuis pr\u00e8s de quatre ans, a d&rsquo;abord suscit\u00e9 l&rsquo;inqui\u00e9tude \u00e0 Kyiv et dans les capitales europ\u00e9ennes. <\/p>\n<p>Des alli\u00e9s de l&rsquo;Ukraine ont critiqu\u00e9 un texte faisant, selon eux, la part belle aux desiderata du Kremlin, Emmanuel Macron ayant notamment mis en garde contre \u00ab\u00a0une paix qui soit une capitulation\u00a0\u00bb pour les Ukrainiens. <\/p>\n<p>Mardi, \u00e0 quelques heures de la r\u00e9union de la \u00ab\u00a0coalition des volontaires\u00a0\u00bb, l&rsquo;Ukraine a annonc\u00e9 que de r\u00e9centes discussions bilat\u00e9rales avec les Am\u00e9ricains, notamment \u00e0 <a href=\"https:\/\/fr.euronews.com\/2025\/11\/24\/rubio-les-pourparlers-de-paix-a-geneve-une-reunion-la-plus-productive-et-la-plus-significa\" target=\"_blank\" rel=\"noopener\"><strong>Gen\u00e8ve,<\/strong><\/a> dimanche, avaient abouti \u00e0 une \u00ab\u00a0compr\u00e9hension commune des termes essentiels de l&rsquo;accord\u00a0\u00bb.<\/p>\n<p>Plus tard, Volodymyr Zelensky a fait savoir \u00e0 ses alli\u00e9s qu&rsquo;il \u00e9tait \u00ab\u00a0pr\u00eat \u00e0 aller de l&rsquo;avant\u00a0\u00bb avec la proposition am\u00e9ricaine pour mettre fin \u00e0 la guerre.<\/p>\n<p>\u00ab\u00a0L&rsquo;Ukraine a un cadre qui a \u00e9t\u00e9 \u00e9labor\u00e9 par les \u00e9quipes [\u00e0 Gen\u00e8ve] et est pr\u00eate \u00e0 aller de l&rsquo;avant avec les \u00c9tats-Unis, avec la participation personnelle du pr\u00e9sident Trump, avec l&rsquo;Europe, avec les dirigeants et tous les partenaires qui ont la force et la capacit\u00e9 de contribuer\u00a0\u00bb, a notamment d\u00e9clar\u00e9 le leader ukrainien. <\/p>\n","protected":false},"excerpt":{"rendered":"Par&amp;nbspEuronews Publi\u00e9 le 25\/11\/2025 &#8211; 22:41 UTC+1 \u00ab\u00a0Au cours de la semaine \u00e9coul\u00e9e, mon \u00e9quipe a fait d&rsquo;\u00e9normes&hellip;\n","protected":false},"author":2,"featured_media":558627,"comment_status":"","ping_status":"","sticky":false,"template":"","format":"standard","meta":{"footnotes":""},"categories":[1590],"tags":[11,75,1777,674,2025,12,220,135,134],"class_list":{"0":"post-558626","1":"post","2":"type-post","3":"status-publish","4":"format-standard","5":"has-post-thumbnail","7":"category-ukraine","8":"tag-actualites","9":"tag-donald-trump","10":"tag-eu","11":"tag-europe","12":"tag-invasion-de-la-russie-en-ukraine","13":"tag-news","14":"tag-ukraine","15":"tag-vladimir-poutine","16":"tag-volodymyr-zelensky"},"share_on_mastodon":{"url":"","error":""},"_links":{"self":[{"href":"https:\/\/www.europesays.com\/fr\/wp-json\/wp\/v2\/posts\/558626","targetHints":{"allow":["GET"]}}],"collection":[{"href":"https:\/\/www.europesays.com\/fr\/wp-json\/wp\/v2\/posts"}],"about":[{"href":"https:\/\/www.europesays.com\/fr\/wp-json\/wp\/v2\/types\/post"}],"author":[{"embeddable":true,"href":"https:\/\/www.europesays.com\/fr\/wp-json\/wp\/v2\/users\/2"}],"replies":[{"embeddable":true,"href":"https:\/\/www.europesays.com\/fr\/wp-json\/wp\/v2\/comments?post=558626"}],"version-history":[{"count":0,"href":"https:\/\/www.europesays.com\/fr\/wp-json\/wp\/v2\/posts\/558626\/revisions"}],"wp:featuredmedia":[{"embeddable":true,"href":"https:\/\/www.europesays.com\/fr\/wp-json\/wp\/v2\/media\/558627"}],"wp:attachment":[{"href":"https:\/\/www.europesays.com\/fr\/wp-json\/wp\/v2\/media?parent=558626"}],"wp:term":[{"taxonomy":"category","embeddable":true,"href":"https:\/\/www.europesays.com\/fr\/wp-json\/wp\/v2\/categories?post=558626"},{"taxonomy":"post_tag","embeddable":true,"href":"https:\/\/www.europesays.com\/fr\/wp-json\/wp\/v2\/tags?post=558626"}],"curies":[{"name":"wp","href":"https:\/\/api.w.org\/{rel}","templated":true}]}}