{"id":558628,"date":"2025-11-25T22:57:23","date_gmt":"2025-11-25T22:57:23","guid":{"rendered":"https:\/\/www.europesays.com\/fr\/558628\/"},"modified":"2025-11-25T22:57:23","modified_gmt":"2025-11-25T22:57:23","slug":"vous-devrez-payer-plus-cher-pour-visiter-ces-celebres-parcs","status":"publish","type":"post","link":"https:\/\/www.europesays.com\/fr\/558628\/","title":{"rendered":"Vous devrez payer plus cher pour visiter ces c\u00e9l\u00e8bres parcs"},"content":{"rendered":"<p><img decoding=\"async\" class=\"watson-snippet__image bg-grey-10 block h-auto w-full \" src=\"https:\/\/www.europesays.com\/fr\/wp-content\/uploads\/2025\/11\/7948551366541052.webp\" loading=\"lazy\" width=\"1280\" height=\"768\" alt=\"Les touristes \u00e9trangers souhaitant visiter les parcs nationaux am\u00e9ricains, tels que le Grand Canyon, Yosemite ou Yellowstone, devront s'acquitter \u00e0 partir de 2026 d'un important suppl\u00e9ment.  ...\" data-image-id=\"7948551366541052\"\/><\/p>\n<p>Vous r\u00eavez de d\u00e9couvrir les parcs nationaux de Yellowstone (\u00e0 gauche) ou de Yosemite (\u00e0 droite) l&rsquo;an prochain? Vous devrez d\u00e9sormais payer plus cher que les Am\u00e9ricains.image: GETTY\/WATSON<\/p>\n<p>A compter de 2026, les touristes \u00e9trangers devront payer beaucoup plus cher pour acc\u00e9der aux parcs nationaux am\u00e9ricains: l\u2019administration Trump triple le prix du pass annuel pour les non-r\u00e9sidents et impose une surtaxe sur les sites les plus visit\u00e9s, au nom d\u2019une priorit\u00e9 donn\u00e9e aux visiteurs am\u00e9ricains.<\/p>\n<p>25.11.2025, 22:1625.11.2025, 22:16<\/p>\n<p>Plus de \u00abInternational\u00bb<\/p>\n<p class=\"watson-snippet__text my-6 text-[16px] lg:text-[18px] leading-normal md:w-3\/5\">Les touristes \u00e9trangers souhaitant visiter les parcs nationaux am\u00e9ricains, tels que le Grand Canyon ou Yellowstone, devront s&rsquo;acquitter \u00e0 partir de 2026 d&rsquo;un important suppl\u00e9ment. L&rsquo;administration Trump a expliqu\u00e9 vouloir donner la \u00abpriorit\u00e9 aux Am\u00e9ricains\u00bb.<\/p>\n<p class=\"watson-snippet__text my-6 text-[16px] lg:text-[18px] leading-normal md:w-3\/5\">A compter du 1er janvier, l&rsquo;abonnement annuel donnant acc\u00e8s \u00e0 l&rsquo;ensemble de ces parcs passera de 80 dollars \u00e0 250 dollars, soit plus du triple pour les non-r\u00e9sidents am\u00e9ricains, a d\u00e9taill\u00e9 mardi le minist\u00e8re am\u00e9ricain charg\u00e9 de ces parcs.<\/p>\n<p class=\"watson-snippet__text my-6 text-[16px] lg:text-[18px] leading-normal md:w-3\/5\">Et pour les non-d\u00e9tenteurs de cet abonnement, un suppl\u00e9ment de 100 dollars sera appliqu\u00e9 aux tickets d&rsquo;entr\u00e9e des parcs les plus visit\u00e9s, dont Grand Canyon, Yosemite ou encore Yellowstone.<\/p>\n<p class=\"watson-snippet__text my-6 text-[16px] lg:text-[18px] leading-normal md:w-3\/5\">V\u00e9ritables joyaux touristiques, les 63 parcs nationaux des Etats-Unis attirent chaque ann\u00e9e des centaines de millions de visiteurs par an. En 2024, pr\u00e8s de 332 millions de touristes les ont visit\u00e9s, selon les derniers chiffres des autorit\u00e9s am\u00e9ricaines.<\/p>\n<p>Journ\u00e9es patriotiques<\/p>\n<p class=\"watson-snippet__text my-6 text-[16px] lg:text-[18px] leading-normal md:w-3\/5\">Ces nouveaux tarifs donneront \u00abla priorit\u00e9 aux Am\u00e9ricains\u00bb \u00e0 ces sites, dont plusieurs sont inscrits au patrimoine de l&rsquo;Unesco, a justifi\u00e9 l&rsquo;administration Trump.<\/p>\n<p>\u00abLes r\u00e9sidents am\u00e9ricains continueront \u00e0 b\u00e9n\u00e9ficier de tarifs abordables, tandis que les non-r\u00e9sidents paieront un tarif plus \u00e9lev\u00e9 afin de contribuer \u00e0 l&rsquo;entretien et \u00e0 la maintenance des parcs am\u00e9ricains\u00bb<\/p>\n<p>L&rsquo;administration Trump<\/p>\n<p class=\"watson-snippet__text my-6 text-[16px] lg:text-[18px] leading-normal md:w-3\/5\">Jusqu&rsquo;\u00e0 pr\u00e9sent, les tarifs pour les r\u00e9sidents et \u00e9trangers \u00e9taient identiques. Toujours dans cette volont\u00e9 de favoriser le tourisme national, le minist\u00e8re a annonc\u00e9 la cr\u00e9ation de \u00abjourn\u00e9es patriotiques\u00bb, aux cours desquelles l&rsquo;acc\u00e8s aux parcs sera gratuit pour les r\u00e9sidents am\u00e9ricains. (mbr\/ats)<\/p>\n<p>Plus d&rsquo;articles concernant les Etats-Unis<\/p>\n","protected":false},"excerpt":{"rendered":"Vous r\u00eavez de d\u00e9couvrir les parcs nationaux de Yellowstone (\u00e0 gauche) ou de Yosemite (\u00e0 droite) l&rsquo;an prochain?&hellip;\n","protected":false},"author":2,"featured_media":558629,"comment_status":"","ping_status":"","sticky":false,"template":"","format":"standard","meta":{"footnotes":""},"categories":[1589],"tags":[11,73,1866,12,1864,1865,1863,308],"class_list":{"0":"post-558628","1":"post","2":"type-post","3":"status-publish","4":"format-standard","5":"has-post-thumbnail","7":"category-etats-unis","8":"tag-actualites","9":"tag-etats-unis","10":"tag-etats-unis-damerique","11":"tag-news","12":"tag-united-states","13":"tag-united-states-of-america","14":"tag-us","15":"tag-usa"},"share_on_mastodon":{"url":"https:\/\/pubeurope.com\/@fr\/115612815028372607","error":""},"_links":{"self":[{"href":"https:\/\/www.europesays.com\/fr\/wp-json\/wp\/v2\/posts\/558628","targetHints":{"allow":["GET"]}}],"collection":[{"href":"https:\/\/www.europesays.com\/fr\/wp-json\/wp\/v2\/posts"}],"about":[{"href":"https:\/\/www.europesays.com\/fr\/wp-json\/wp\/v2\/types\/post"}],"author":[{"embeddable":true,"href":"https:\/\/www.europesays.com\/fr\/wp-json\/wp\/v2\/users\/2"}],"replies":[{"embeddable":true,"href":"https:\/\/www.europesays.com\/fr\/wp-json\/wp\/v2\/comments?post=558628"}],"version-history":[{"count":0,"href":"https:\/\/www.europesays.com\/fr\/wp-json\/wp\/v2\/posts\/558628\/revisions"}],"wp:featuredmedia":[{"embeddable":true,"href":"https:\/\/www.europesays.com\/fr\/wp-json\/wp\/v2\/media\/558629"}],"wp:attachment":[{"href":"https:\/\/www.europesays.com\/fr\/wp-json\/wp\/v2\/media?parent=558628"}],"wp:term":[{"taxonomy":"category","embeddable":true,"href":"https:\/\/www.europesays.com\/fr\/wp-json\/wp\/v2\/categories?post=558628"},{"taxonomy":"post_tag","embeddable":true,"href":"https:\/\/www.europesays.com\/fr\/wp-json\/wp\/v2\/tags?post=558628"}],"curies":[{"name":"wp","href":"https:\/\/api.w.org\/{rel}","templated":true}]}}