{"id":558632,"date":"2025-11-25T22:59:22","date_gmt":"2025-11-25T22:59:22","guid":{"rendered":"https:\/\/www.europesays.com\/fr\/558632\/"},"modified":"2025-11-25T22:59:22","modified_gmt":"2025-11-25T22:59:22","slug":"en-allemagne-la-fin-du-cordon-sanitaire-entre-patronat-et-extreme-droite","status":"publish","type":"post","link":"https:\/\/www.europesays.com\/fr\/558632\/","title":{"rendered":"En Allemagne, la fin du \u00ab cordon sanitaire \u00bb entre patronat et extr\u00eame droite"},"content":{"rendered":"<p>        <a class=\"Link \" href=\"https:\/\/www.lopinion.fr\/international\/a-madrid-des-partisans-de-franco-apres-lanniversaire-de-sa-mort\" data-cms-ai=\"0\" target=\"_blank\" rel=\"noopener\">A Madrid, des partisans de Franco manifestent apr\u00e8s l&rsquo;anniversaire de sa mort<\/a><\/p>\n<p>l&rsquo;Opinion (avec AFP)<\/p>\n<p>Madrid &#8211; Des centaines de nostalgiques du r\u00e9gime franquiste ont d\u00e9fil\u00e9 vendredi \u00e0 Madrid, au lendemain du 50e anniversaire de la mort de l\u2019ancien dictateur Francisco Franco, dont l\u2019h\u00e9ritage divise toujours l\u2019Espagne. La Phalange, parti fasciste qui se r\u00e9clame de l\u2019h\u00e9ritage de la Phalange espagnole fond\u00e9e en 1933 et pilier du r\u00e9gime franquiste (1939-1975), a manifest\u00e9 contre ce qu\u2019elle appelle le \u00abr\u00e9gime\u00bb constitutionnel d\u00e9mocratique espagnol de 1978. Faisant le salut fasciste et brandissant des drapeaux nationaux de l&rsquo;\u00e9poque franquiste, la Phalange a rendu hommage au fondateur du mouvement, Jos\u00e9 Antonio Primo de Rivera, dont l\u2019anniversaire de la mort, le 20 novembre, co\u00efncide avec celui du g\u00e9n\u00e9ral Franco. Les manifestants ont ensuite d\u00e9fil\u00e9 du si\u00e8ge du principal parti conservateur, le Parti populaire, \u00e0 celui des socialistes au pouvoir, o\u00f9 une importante pr\u00e9sence polici\u00e8re les attendait, ont constat\u00e9 des journalistes de l\u2019AFP. \u00abUnit\u00e9 nationale\u00bb, \u00abPSOE, PP, c\u2019est la m\u00eame guerre\u202f!\u00bb, ont-ils scand\u00e9, selon des images publi\u00e9es sur les r\u00e9seaux sociaux, en r\u00e9f\u00e9rence aux sigles du Parti socialiste et du Parti populaire. Une banderole anti-migrants \u00e9tait \u00e9galement visible. Parmi les personnes pr\u00e9sentes se trouvait Orsola Mussolini, arri\u00e8re-petite-fille du dictateur fasciste italien Benito Mussolini, qui avait apport\u00e9 un soutien militaire crucial \u00e0 Franco pendant la guerre civile (1936-1939) aux c\u00f4t\u00e9s de l\u2019Allemagne nazie d\u2019Adolf Hitler. La repr\u00e9sentation du gouvernement central de la r\u00e9gion de Madrid a d\u00e9clar\u00e9 que 700 personnes avaient particip\u00e9 \u00e0 la manifestation. L\u2019anniversaire de la disparition de Franco s\u2019est inscrit dans un contexte marqu\u00e9 en Espagne par la progression du parti d\u2019extr\u00eame droite Vox, devenu la troisi\u00e8me force politique du pays, et par les manifestations de nostalgie autour d\u2019une \u00e9poque id\u00e9alis\u00e9e, en particulier chez certains jeunes influenc\u00e9s par les r\u00e9seaux sociaux. Une contre-manifestation antifasciste est pr\u00e9vue samedi \u00e0 Madrid. \u00a9 Agence France-Presse<\/p>\n","protected":false},"excerpt":{"rendered":"A Madrid, des partisans de Franco manifestent apr\u00e8s l&rsquo;anniversaire de sa mort l&rsquo;Opinion (avec AFP) Madrid &#8211; Des&hellip;\n","protected":false},"author":2,"featured_media":558633,"comment_status":"","ping_status":"","sticky":false,"template":"","format":"standard","meta":{"footnotes":""},"categories":[1587],"tags":[11,672,1804,1805,1803,1777,674,1801,12,1802],"class_list":{"0":"post-558632","1":"post","2":"type-post","3":"status-publish","4":"format-standard","5":"has-post-thumbnail","7":"category-allemagne","8":"tag-actualites","9":"tag-allemagne","10":"tag-bundesrepublik-deutschland","11":"tag-de","12":"tag-deutschland","13":"tag-eu","14":"tag-europe","15":"tag-germany","16":"tag-news","17":"tag-republique-federale-dallemagne"},"share_on_mastodon":{"url":"https:\/\/pubeurope.com\/@fr\/115612822078516575","error":""},"_links":{"self":[{"href":"https:\/\/www.europesays.com\/fr\/wp-json\/wp\/v2\/posts\/558632","targetHints":{"allow":["GET"]}}],"collection":[{"href":"https:\/\/www.europesays.com\/fr\/wp-json\/wp\/v2\/posts"}],"about":[{"href":"https:\/\/www.europesays.com\/fr\/wp-json\/wp\/v2\/types\/post"}],"author":[{"embeddable":true,"href":"https:\/\/www.europesays.com\/fr\/wp-json\/wp\/v2\/users\/2"}],"replies":[{"embeddable":true,"href":"https:\/\/www.europesays.com\/fr\/wp-json\/wp\/v2\/comments?post=558632"}],"version-history":[{"count":0,"href":"https:\/\/www.europesays.com\/fr\/wp-json\/wp\/v2\/posts\/558632\/revisions"}],"wp:featuredmedia":[{"embeddable":true,"href":"https:\/\/www.europesays.com\/fr\/wp-json\/wp\/v2\/media\/558633"}],"wp:attachment":[{"href":"https:\/\/www.europesays.com\/fr\/wp-json\/wp\/v2\/media?parent=558632"}],"wp:term":[{"taxonomy":"category","embeddable":true,"href":"https:\/\/www.europesays.com\/fr\/wp-json\/wp\/v2\/categories?post=558632"},{"taxonomy":"post_tag","embeddable":true,"href":"https:\/\/www.europesays.com\/fr\/wp-json\/wp\/v2\/tags?post=558632"}],"curies":[{"name":"wp","href":"https:\/\/api.w.org\/{rel}","templated":true}]}}