{"id":558636,"date":"2025-11-25T23:01:22","date_gmt":"2025-11-25T23:01:22","guid":{"rendered":"https:\/\/www.europesays.com\/fr\/558636\/"},"modified":"2025-11-25T23:01:22","modified_gmt":"2025-11-25T23:01:22","slug":"leane-eliminee-de-star-academy-jai-eu-une-accroche-particuliere-avec-jonathan-jenvrin","status":"publish","type":"post","link":"https:\/\/www.europesays.com\/fr\/558636\/","title":{"rendered":"L\u00e9ane \u00e9limin\u00e9e de Star Academy : \u201cJ\u2019ai eu une accroche particuli\u00e8re avec Jonathan Jenvrin\u201d"},"content":{"rendered":"<p class=\"fig-paragraph\">Un d\u00e9part riche en \u00e9motions. Nomm\u00e9e face \u00e0 Victor et Th\u00e9o P., L\u00e9ane a d\u00fb dire au revoir \u00e0 ses camarades \u00e0 l\u2019issue du\u00a0<a href=\"http:\/\/www.gala.fr\/l_actu\/news_de_stars\/lily-star-academy-son-cheri-arnaud-a-participe-a-une-celebre-emission-de-tf1-en-2023-20251124\" data-fig-type=\"Article\" data-gtm-custom-categorie=\"navigation\" data-gtm-custom-action=\"crossclick\" data-gtm-custom-label=\"Contextuel\" data-gtm-event=\"customEventSPE\" data-fig-domain=\"GALA\" target=\"_blank\" rel=\"noopener\">sixi\u00e8me prime de Star Academy<\/a> \u00a0diffus\u00e9 ce vendredi 21 novembre sur TF1. Bien que d\u00e9\u00e7ue et boulevers\u00e9e \u00e0 l\u2019id\u00e9e de quitter le programme et ses camarades, la Montpelli\u00e9raine ne compte pas s\u2019arr\u00eater en si bon chemin. Chanteuse et danseuse talentueuse, la jeune femme de 19 ans compte bien poursuivre ses r\u00eaves d\u2019artiste. Aupr\u00e8s de Gala.fr, elle s\u2019est confi\u00e9e sur son aventure, sa complicit\u00e9 avec Th\u00e9o L. et ses projets musicaux. Rencontre.\u00a0<\/p>\n<p><strong>Gala.fr\u00a0: Vous \u00e9tiez boulevers\u00e9e lors de votre \u00e9limination. Comment vous sentez-vous\u00a0?<\/strong><br \/><strong>L\u00e9ane<\/strong>\u00a0: C\u2019\u00e9tait tr\u00e8s compliqu\u00e9 de retenir mes larmes. J\u2019\u00e9tais tr\u00e8s triste de savoir que je ne pourrais pas faire la tourn\u00e9e. Et surtout, \u00e7a me faisait tr\u00e8s mal au c\u0153ur de quitter mes camarades qui sont devenus de vrais amis. Aujourd\u2019hui, je vais tr\u00e8s bien. J\u2019ai vu qu\u2019il y avait beaucoup d\u2019amour autour de moi et je suis tr\u00e8s bien entour\u00e9e par ma famille et mes amis. Ils m\u2019ont dit tout ce que je voulais entendre depuis un mois, \u00e0 savoir qu\u2019ils \u00e9taient tr\u00e8s fiers de moi.<\/p>\n<p class=\"fig-paragraph\"><strong>Vous \u00e9tiez-vous pr\u00e9par\u00e9e \u00e0 l\u2019\u00e9ventualit\u00e9 de quitter le ch\u00e2teau\u00a0?\u00a0<\/strong><br \/>Oui et non. Quand j\u2019ai su que j\u2019\u00e9tais nomm\u00e9e, je ne sais pas pourquoi, mais j\u2019ai eu un pressentiment. Je savais que c\u2019\u00e9tait maintenant.<\/p>\n<p><strong>Une semaine plus t\u00f4t, vous \u00e9tiez face \u00e0 Ema.\u00a0<\/strong><a href=\"http:\/\/www.gala.fr\/culture\/television\/coup-de-theatre-a-la-star-academy-ema-jette-l-eponge-avait-elle-anticipe-son-depart-20251118\" data-fig-type=\"Article\" data-gtm-custom-categorie=\"navigation\" data-gtm-custom-action=\"crossclick\" data-gtm-custom-label=\"Contextuel\" data-gtm-event=\"customEventSPE\" data-fig-domain=\"GALA\" target=\"_blank\" rel=\"noopener\"><strong>Elle avait fait le choix d\u2019abandonner pour que vous puissiez rester<\/strong><\/a> <strong>. Qu\u2019avez-vous ressenti\u00a0?<\/strong><br \/>Franchement\u00a0? J\u2019\u00e9tais choqu\u00e9e\u00a0! De base, je ne savais pas qu\u2019elle pouvait prendre une telle d\u00e9cision. En tout cas, je trouve \u00e7a tr\u00e8s courageux de sa part. Ce qu\u2019elle a fait est incroyable\u00a0! Je la remercie \u00e9norm\u00e9ment et je la remercierai encore de m\u2019avoir permis de vivre encore une semaine au ch\u00e2teau.<\/p>\n<p>                                    <a class=\"fig-a11y-skip a11y-hidden\" href=\"#fig-a11y-skip-main-inarticle\"><br \/>\n        Passer la publicit\u00e9<br \/>\n    <\/a><\/p>\n<p><strong>Pourquoi avez-vous tent\u00e9 votre chance \u00e0 Star Academy\u00a0?\u00a0<\/strong><br \/>C\u2019\u00e9tait un r\u00eave\u00a0! Depuis toute petite, j\u2019ai un amour pour la musique, le chant et la danse. Comme la Star Academy est une \u00e9cole o\u00f9 nous apprenons plein de choses, j\u2019avais tr\u00e8s envie de faire cette aventure.<\/p>\n<p><strong>Si votre amie Camille ne vous avait pas pouss\u00e9 \u00e0 vous inscrire, l\u2019auriez-vous fait\u00a0?<\/strong><br \/>Honn\u00eatement, je ne pense pas (rires)\u00a0! Face aux gens qui postulent, je me disais souvent que c\u2019\u00e9tait impossible. Heureusement qu\u2019elle \u00e9tait l\u00e0 pour me dire d\u2019essayer et que je n\u2019avais rien \u00e0 perdre. Sans elle, je ne l\u2019aurais pas fait. En tout cas, pas cette ann\u00e9e.<\/p>\n<p><strong>Quel est le professeur qui vous a le plus marqu\u00e9\u00a0?\u00a0<\/strong><br \/>C\u2019est Jonathan Jenvrin. Il est incroyable\u00a0! J\u2019avais toujours envie d\u2019aller \u00e0 ses cours. J\u2019ai vraiment eu une accroche particuli\u00e8re avec lui. J\u2019adore ce qu\u2019il fait et il est toujours de bons conseils.<\/p>\n<p class=\"fig-paragraph\"><strong>Il vous a d\u2019ailleurs fait un joli cadeau en vous offrant le premier tableau chant\u00e9-dans\u00e9 sur Rihanna. \u00c9tait-ce le plus gros d\u00e9fi \u00e0 relever durant votre aventure\u00a0?\u00a0<\/strong><br \/>C\u2019\u00e9tait quand m\u00eame l\u2019un des plus gros d\u00e9fis \u00e0 relever\u00a0! Je savais que j\u2019allais avoir ce probl\u00e8me de souffle. Pendant les r\u00e9p\u00e9titions, je n\u2019arr\u00eatais pas de me demander si j\u2019allais r\u00e9ussir \u00e0 ne pas faire un malaise sur sc\u00e8ne (rires). J\u2019avais l\u2019impression que je n\u2019allais pas survivre jusqu\u2019\u00e0 la fin de la prestation. Pour moi, c\u2019\u00e9tait insurmontable. Finalement, je l\u2019ai r\u00e9ussi. Aujourd\u2019hui, je suis trop contente d\u2019avoir fait ce magnifique tableau. J\u2019ai vraiment kiff\u00e9 le faire\u00a0!<\/p>\n<p>    <a href=\"#slideshow-header\"><\/p>\n<p class=\"fig-slideshow__title\">\n                    Star Academy 2025 &#8211; D\u00e9couvrez les portraits officiels des 17 nouveaux \u00e9l\u00e8ves\n                <\/p>\n<p>    <\/a><\/p>\n<p>\u00abTh\u00e9o a \u00e9t\u00e9 mon rep\u00e8re dans le ch\u00e2teau\u00bb<\/p>\n<p class=\"fig-paragraph\"><strong>Quel est votre meilleur souvenir\u00a0?\u00a0<\/strong><br \/>Mon meilleur souvenir reste le premier jour. Quand nous sommes arriv\u00e9s et que nous avons vu le ch\u00e2teau, nous nous sommes rendu compte que notre r\u00eave \u00e9tait en train de se r\u00e9aliser. Vivre \u00e7a tous ensemble, c\u2019est une aventure de dingue. Rien que d\u2019y penser, \u00e7a me donne les larmes aux yeux.\u00a0<\/p>\n<p><strong>Avez-vous des regrets\u00a0?<\/strong><br \/>Mon plus gros regret est de ne pas faire la tourn\u00e9e. C\u2019\u00e9tait mon r\u00eave de pouvoir partir sur les routes avec mes camarades. J\u2019esp\u00e8re qu\u2019il y aura un prime pour rep\u00eacher quelqu\u2019un pour la tourn\u00e9e. Apr\u00e8s, j\u2019essaye de ne pas me faire trop d\u2019espoir car je n\u2019ai pas envie d\u2019\u00eatre d\u00e9\u00e7ue. En tout cas, \u00e7a serait trop cool.\u00a0<\/p>\n<p><strong>Y a-t-il des choses que vous auriez aim\u00e9 faire diff\u00e9remment\u00a0?\u00a0<\/strong><br \/>Quand j\u2019\u00e9tais au ch\u00e2teau, avec les seize autres artistes, je me suis parfois compar\u00e9e. On arrive bien souvent \u00e0 faire des compliments aux autres alors qu\u2019on gal\u00e8re \u00e0 se complimenter soi-m\u00eame. Donc, si j\u2019avais une baguette magique, j\u2019aurais fait en sorte de me trouver des points positifs et d\u2019arr\u00eater d\u2019\u00eatre n\u00e9gative.<\/p>\n<p><strong>Qu\u2019avez-vous appris sur vous-m\u00eame\u00a0? Avez-vous le sentiment d\u2019avoir progress\u00e9\u00a0?\u00a0<\/strong><br \/>Il y a encore du boulot \u00e0 faire mais j\u2019ai quand m\u00eame progress\u00e9 sur pas mal de choses. D\u2019un point de vue artistique, je me suis vraiment d\u00e9couverte. Gr\u00e2ce aux professeurs, j\u2019ai pu apprendre plein de choses en peu de temps. J\u2019ai trouv\u00e9 ce que je voulais faire et toutes les choses \u00e0 am\u00e9liorer, notamment au niveau de ma voix. C\u00f4t\u00e9 personnel, j\u2019ai pris conscience qu\u2019il \u00e9tait important de se concentrer sur soi-m\u00eame et de se valoriser. Il ne faut pas se d\u00e9nigrer.\u00a0<\/p>\n<p><strong>Durant cette aventure,\u00a0<\/strong><a href=\"https:\/\/www.gala.fr\/culture\/television\/leane-star-academy-en-couple-avec-theo-l-sa-reponse-risque-de-surprendre-20251124\" target=\"_blank\" data-fig-type=\"Article\" rel=\"sponsored noopener\" data-gtm-custom-categorie=\"navigation\" data-gtm-custom-action=\"crossclick\" data-gtm-custom-label=\"Contextuel\" data-gtm-event=\"customEventSPE\" data-fig-domain=\"GALA\"><strong>vous avez nou\u00e9 un lien particulier avec Th\u00e9o.L<\/strong><\/a> <strong>. Comment d\u00e9finissez-vous votre relation\u00a0?\u00a0<\/strong><br \/>D\u00e8s le d\u00e9but, nous nous sommes tr\u00e8s bien entendus. On ne peut pas nier notre complicit\u00e9. Th\u00e9o a \u00e9t\u00e9 mon rep\u00e8re dans le ch\u00e2teau. Durant cette aventure, \u00e7a me faisait vraiment du bien d\u2019avoir une \u00e9paule sur laquelle je pouvais me reposer. Apr\u00e8s, ce qu\u2019on vit reste un peu entre nous. En tout cas, j\u2019esp\u00e8re qu\u2019il va aller jusqu\u2019au bout et je vais le soutenir.\u00a0<\/p>\n<p><strong>Dans votre lettre, vous lui avez lanc\u00e9 <\/strong><strong>\u201cSi tu oses me tromper, je vais te faire subir une souffrance\u201d<\/strong> <strong>. Que vouliez-vous dire \u00e0 travers ce message\u00a0?<\/strong><br \/>C\u2019\u00e9tait vraiment en mode\u00a0: \u201cNe m\u2019oublie pas, je suis toujours l\u00e0\u201d (rires). Ce n\u2019\u00e9tait pas \u201ctromper\u201d dans le vrai sens du terme.<\/p>\n<p>\u201cJe voudrais me tourner vers un d\u00e9lire RnB-Afro\u201d<\/p>\n<p class=\"fig-paragraph\"><strong>Selon vous, qui m\u00e9rite de gagner\u00a0?<\/strong><br \/>J\u2019aimerais beaucoup que ce soit Victor, c\u2019est une personne unique. J\u2019adore son flow et il a une voix de dingue. Pour moi, il est d\u00e9j\u00e0 un vrai artiste. Il m\u00e9rite vraiment de gagner.<\/p>\n<p><strong>Vous avez confi\u00e9 \u00e0 nos confr\u00e8res de <\/strong><strong>TV Mag &#8211; Le Figaro<\/strong> <strong>que vous ne voulez pas regarder les quotidiennes. Avez-vous chang\u00e9 d\u2019avis\u00a0?\u00a0<\/strong><br \/>Pour le moment, non. C\u2019est un peu t\u00f4t. C\u2019est tr\u00e8s dur de les voir tous \u00e0 l\u2019int\u00e9rieur du ch\u00e2teau. L\u00e0, je vais prendre un petit peu de temps pour moi afin de r\u00e9aliser tout ce qui s\u2019est pass\u00e9. Mais au final, j\u2019ouvre mon t\u00e9l\u00e9phone et je vois un peu ce qui se passe. Apr\u00e8s, je sais que j\u2019aurai l\u2019envie de regarder les quotidiennes.<\/p>\n<p><strong>Comment se passe votre retour \u00e0 la vraie vie apr\u00e8s plus d\u2019un mois enferm\u00e9e dans un ch\u00e2teau\u00a0?<\/strong><br \/>C\u2019est incroyable. Maintenant, je marche dans la rue et les gens me demandent des photos (rires). Il y a un peu plus d\u2019un mois, j\u2019\u00e9tais \u00e0 Montpellier, je sortais et personne ne me reconnaissait. C\u2019est vraiment trop bizarre. En tout cas, les gens sont adorables donc \u00e7a se passe tr\u00e8s bien.\u00a0<\/p>\n<p><strong>Quels sont vos projets\u00a0?\u00a0<\/strong><br \/>J\u2019aimerais sortir un EP et peut-\u00eatre \u00e9crire mes chansons. Bon, il faut que je prenne le temps de le faire car je ne sais absolument pas comment commencer (rires). Je voudrais me tourner vers un d\u00e9lire RnB-Afro. \u00c0 c\u00f4t\u00e9 de \u00e7a, ce serait bien d\u2019allier le chant et la danse car c\u2019est vraiment \u00e7a qui me repr\u00e9sente.\u00a0<\/p>\n<p><strong>Vous \u00eates une vraie danseuse. Faire partie d\u2019une troupe ou int\u00e9grer une com\u00e9die musicale, cela pourrait vous plaire\u00a0?<\/strong><br \/>Pourquoi pas\u2026 En fait, par le pass\u00e9, je faisais partie d\u2019un orchestre. M\u00eame si c\u2019\u00e9tait une belle exp\u00e9rience de pouvoir partager la musique avec un groupe, j\u2019aimerais me consacrer un peu \u00e0 moi-m\u00eame.<\/p>\n","protected":false},"excerpt":{"rendered":"Un d\u00e9part riche en \u00e9motions. Nomm\u00e9e face \u00e0 Victor et Th\u00e9o P., L\u00e9ane a d\u00fb dire au revoir&hellip;\n","protected":false},"author":2,"featured_media":558637,"comment_status":"","ping_status":"","sticky":false,"template":"","format":"standard","meta":{"footnotes":""},"categories":[1586],"tags":[11,9260,2889,1777,674,1779,1011,27,2173,67578,12,25,5095,1778,364],"class_list":{"0":"post-558636","1":"post","2":"type-post","3":"status-publish","4":"format-standard","5":"has-post-thumbnail","7":"category-europe","8":"tag-actualites","9":"tag-confidences","10":"tag-emission","11":"tag-eu","12":"tag-europe","13":"tag-european-union","14":"tag-fr","15":"tag-france","16":"tag-interview","17":"tag-leane-star-academy-2025","18":"tag-news","19":"tag-republique-francaise","20":"tag-star-academy","21":"tag-ue","22":"tag-union-europeenne"},"share_on_mastodon":{"url":"https:\/\/pubeurope.com\/@fr\/115612829930320621","error":""},"_links":{"self":[{"href":"https:\/\/www.europesays.com\/fr\/wp-json\/wp\/v2\/posts\/558636","targetHints":{"allow":["GET"]}}],"collection":[{"href":"https:\/\/www.europesays.com\/fr\/wp-json\/wp\/v2\/posts"}],"about":[{"href":"https:\/\/www.europesays.com\/fr\/wp-json\/wp\/v2\/types\/post"}],"author":[{"embeddable":true,"href":"https:\/\/www.europesays.com\/fr\/wp-json\/wp\/v2\/users\/2"}],"replies":[{"embeddable":true,"href":"https:\/\/www.europesays.com\/fr\/wp-json\/wp\/v2\/comments?post=558636"}],"version-history":[{"count":0,"href":"https:\/\/www.europesays.com\/fr\/wp-json\/wp\/v2\/posts\/558636\/revisions"}],"wp:featuredmedia":[{"embeddable":true,"href":"https:\/\/www.europesays.com\/fr\/wp-json\/wp\/v2\/media\/558637"}],"wp:attachment":[{"href":"https:\/\/www.europesays.com\/fr\/wp-json\/wp\/v2\/media?parent=558636"}],"wp:term":[{"taxonomy":"category","embeddable":true,"href":"https:\/\/www.europesays.com\/fr\/wp-json\/wp\/v2\/categories?post=558636"},{"taxonomy":"post_tag","embeddable":true,"href":"https:\/\/www.europesays.com\/fr\/wp-json\/wp\/v2\/tags?post=558636"}],"curies":[{"name":"wp","href":"https:\/\/api.w.org\/{rel}","templated":true}]}}