{"id":558641,"date":"2025-11-25T23:04:16","date_gmt":"2025-11-25T23:04:16","guid":{"rendered":"https:\/\/www.europesays.com\/fr\/558641\/"},"modified":"2025-11-25T23:04:16","modified_gmt":"2025-11-25T23:04:16","slug":"le-tvb-sanctionne-encore-tourcoing-et-elimine-le-tenant-du-titre","status":"publish","type":"post","link":"https:\/\/www.europesays.com\/fr\/558641\/","title":{"rendered":"le TVB sanctionne encore Tourcoing et \u00e9limine le tenant du titre"},"content":{"rendered":"<p><strong>Tours\u00a0&#8211; Tourcoing\u00a0: 3-0<\/strong><\/p>\n<p>M\u00eame lieu. M\u00eame rival. M\u00eame sanction\u2026 en plus sal\u00e9e. Ce mardi 25\u00a0novembre 2025, et pour la seconde fois en deux semaines, le Tours Volley-Ball a triomph\u00e9 devant Tourcoing, dans son antre de Grenon. Exit <a target=\"_self\" href=\"https:\/\/www.lanouvellerepublique.fr\/tours\/apres-un-match-un-peu-etrange-le-tvb-remporte-la-supercoupe-au-bout-du-suspense-1762904419\" rel=\"noopener\">la Supercoupe<\/a> et son sc\u00e9nario \u00e0 suspense (3-2), cette fois, les Tourangeaux ont domin\u00e9 les d\u00e9bats (3-0) pour sortir le tenant du titre d\u00e8s son entr\u00e9e en lice, en huiti\u00e8me de finale de la Coupe de France. Le TLM avait, selon toute vraisemblance, laiss\u00e9 son esprit de revanche dans le Nord.<\/p>\n<p>En tout cas, les hommes de Dorian Rougeyron n\u2019auront clairement pas montr\u00e9 leur plus beau volley ce mardi. Et le TVB a su en profiter, fort d\u2019une \u00e9vidente \u00ab\u00a0discipline\u00a0\u00bb salvatrice et salu\u00e9e par les acteurs du soir apr\u00e8s coup. Fort, aussi, d\u2019une capacit\u00e9 \u00e0 faire la diff\u00e9rence dans les moments cl\u00e9s, en s\u2019appuyant sur l\u2019homog\u00e9n\u00e9it\u00e9 de son collectif.<\/p>\n<p>Landry Kavogo en propulseur<\/p>\n<p>S\u2019attendant s\u00fbrement \u00e0 affronter un Tourcoing remont\u00e9 comme un coucou, les Tourangeaux se sont ainsi appliqu\u00e9s \u00e0 \u00e9viter tout retard \u00e0 l\u2019allumage. Ils sont entr\u00e9s tambour battant dans leur match, port\u00e9s par un Kavogo r\u00e9ussissant alors \u00e0 peu pr\u00e8s tout ce qu\u2019il entreprenait&#8230;. <\/p>\n<p>    Cet article a \u00e9t\u00e9 tronqu\u00e9. Abonnez-vous pour lire l&rsquo;article complet sur notre site.<\/p>\n<p style=\"margin: 0 !important; padding: 0 !important; font-size: 12px !important;\">Cet article a \u00e9t\u00e9 tronqu\u00e9. Abonnez-vous pour lire l&rsquo;article complet.<\/p>\n<p>    <a href=\"https:\/\/www.lanouvellerepublique.fr\/abonnements\" style=\"display: inline-block; margin-top: 5px !important; padding: 6px 12px !important; background: #cb1c27; color: white; text-decoration: none; border-radius: 4px; font-size: 12px !important;\" target=\"_blank\" rel=\"noopener\"><br \/>\n      S&rsquo;abonner<br \/>\n    <\/a><\/p>\n","protected":false},"excerpt":{"rendered":"Tours\u00a0&#8211; Tourcoing\u00a0: 3-0 M\u00eame lieu. M\u00eame rival. M\u00eame sanction\u2026 en plus sal\u00e9e. Ce mardi 25\u00a0novembre 2025, et pour&hellip;\n","protected":false},"author":2,"featured_media":558642,"comment_status":"","ping_status":"","sticky":false,"template":"","format":"standard","meta":{"footnotes":""},"categories":[4],"tags":[1392,11,19740,1011,27,1387,12,25,60,1390,1471,2767,1470],"class_list":{"0":"post-558641","1":"post","2":"type-post","3":"status-publish","4":"format-standard","5":"has-post-thumbnail","7":"category-france","8":"tag-a-la-une-local","9":"tag-actualites","10":"tag-coupe-de-france-volley","11":"tag-fr","12":"tag-france","13":"tag-indre-et-loire","14":"tag-news","15":"tag-republique-francaise","16":"tag-sports","17":"tag-tours","18":"tag-tours-volley-ball","19":"tag-tvb-37","20":"tag-volley"},"share_on_mastodon":{"url":"https:\/\/pubeurope.com\/@fr\/115612841980782252","error":""},"_links":{"self":[{"href":"https:\/\/www.europesays.com\/fr\/wp-json\/wp\/v2\/posts\/558641","targetHints":{"allow":["GET"]}}],"collection":[{"href":"https:\/\/www.europesays.com\/fr\/wp-json\/wp\/v2\/posts"}],"about":[{"href":"https:\/\/www.europesays.com\/fr\/wp-json\/wp\/v2\/types\/post"}],"author":[{"embeddable":true,"href":"https:\/\/www.europesays.com\/fr\/wp-json\/wp\/v2\/users\/2"}],"replies":[{"embeddable":true,"href":"https:\/\/www.europesays.com\/fr\/wp-json\/wp\/v2\/comments?post=558641"}],"version-history":[{"count":0,"href":"https:\/\/www.europesays.com\/fr\/wp-json\/wp\/v2\/posts\/558641\/revisions"}],"wp:featuredmedia":[{"embeddable":true,"href":"https:\/\/www.europesays.com\/fr\/wp-json\/wp\/v2\/media\/558642"}],"wp:attachment":[{"href":"https:\/\/www.europesays.com\/fr\/wp-json\/wp\/v2\/media?parent=558641"}],"wp:term":[{"taxonomy":"category","embeddable":true,"href":"https:\/\/www.europesays.com\/fr\/wp-json\/wp\/v2\/categories?post=558641"},{"taxonomy":"post_tag","embeddable":true,"href":"https:\/\/www.europesays.com\/fr\/wp-json\/wp\/v2\/tags?post=558641"}],"curies":[{"name":"wp","href":"https:\/\/api.w.org\/{rel}","templated":true}]}}